{"id":4951,"date":"2016-04-20T13:42:56","date_gmt":"2016-04-20T13:42:56","guid":{"rendered":"http:\/\/debateplural.com\/?p=4951"},"modified":"2016-06-23T13:47:42","modified_gmt":"2016-06-23T13:47:42","slug":"raul-castro-reelecto-primer-secretario-del-partido-comunista-de-cuba","status":"publish","type":"post","link":"https:\/\/debateplural.net\/site\/2016\/04\/20\/raul-castro-reelecto-primer-secretario-del-partido-comunista-de-cuba\/","title":{"rendered":"Ra\u00fal Castro reelecto Primer Secretario del Partido Comunista de Cuba"},"content":{"rendered":"<div id=\"attachment_4952\" style=\"width: 590px\" class=\"wp-caption aligncenter\"><img loading=\"lazy\" decoding=\"async\" aria-describedby=\"caption-attachment-4952\" class=\"size-full wp-image-4952\" src=\"http:\/\/tripletecnologia.com\/website\/debateplural\/wp-content\/uploads\/2016\/04\/rac3bal-y-fidel-en-la-clausura-del-vii-congreso-del-pcc-1.jpg\" alt=\"Ra\u00fal y Fidel en la Clausura del VII Congreso del PCC\" width=\"580\" height=\"786\" \/><p id=\"caption-attachment-4952\" class=\"wp-caption-text\">Ra\u00fal y Fidel en la Clausura del VII Congreso del PCC<\/p><\/div>\n<p class=\"b-article__lead\" style=\"text-align:justify;\">El primer secretario del Comit\u00e9 Central del Partido Comunista de <a href=\"http:\/\/localhost\/debateplural\/tag\/cuba\">Cuba <\/a>(CCPCC), Ra\u00fal Castro, fue reelegido para ese cargo durante la \u00faltima jornada del VII Congreso de la organizaci\u00f3n.<!--more--><\/p>\n<div class=\"b-article__text\" style=\"text-align:justify;\">\n<p style=\"text-align:justify;\">Encabezando la clausura del Congreso del partido Comunista, el l\u00edder cubano <a href=\"http:\/\/localhost\/debateplural\/tag\/fidel-castro\">Fidel Castro<\/a> apareci\u00f3 junto con su hermano y actual presidente, Ra\u00fal Castro.<\/p>\n<p style=\"text-align:justify;\">La cita se desarroll\u00f3 a puertas cerradas y sin acceso a la prensa. Jos\u00e9 Ram\u00f3n Machado Ventura fue nombrado en la misma sesi\u00f3n como el Segundo Secretario del Partido.<\/p>\n<p>Cabe destacar que hace poco el l\u00edder de la revoluci\u00f3n cubana Fidel Castro reapareci\u00f3 en p\u00fablico tras una pausa de ocho meses, visitando el complejo educacional Vilma Esp\u00edn, conocida como la hero\u00edna de la Revoluci\u00f3n.<\/p>\n<p style=\"text-align:justify;\">Desde el 2006 Ra\u00fal Castro asumi\u00f3 provisionalmente la presidencia del Consejo de Estado. En febrero del 2008 fue elegido como el presidente suciediendo as\u00ed a su hermano.<\/p>\n<p style=\"text-align:justify;\">Sin embargo Ra\u00fal hab\u00eda declarado antes que se retirar\u00eda del poder al final de su mandato.<\/p>\n<p style=\"text-align:justify;\">El mandatario afirm\u00f3 antes que \"no voy a llegar a tatarabuelo, ni a chozno (trastatarabuelo), porque se van a aburrir los cubanos de m\u00ed\u201d.<\/p>\n<p style=\"text-align:justify;\">\u201cComo dije en el \u00faltimo Congreso de nuestro Partido, y cuando tom\u00e9 posesi\u00f3n de mi primer mandato de cinco a\u00f1os, el 24 de febrero del 2018 concluyo y me retirar\u00e9\u201d, dijo el actual presidente cubano.<\/p>\n<\/div>\n<p style=\"text-align:justify;\">Poco despu\u00e9s de las 11 de la ma\u00f1ana, concluy\u00f3 en el Palacio de las Convenciones el VII Congreso del Partido Comunista de Cuba, en el que intervino Fidel Castro, se present\u00f3 el nuevo Comit\u00e9 Central, el\u00a0Bur\u00f3 Pol\u00edtico y\u00a0el Secretariado de la organizaci\u00f3n partidista, con\u00a0su Primer Secretario, Ra\u00fal Castro, quien tuvo a su cargo las palabras finales de este encuentro.<\/p>\n<p style=\"text-align:justify;\">Tras la\u00a0presentaci\u00f3n de los \u00f3rganos superiores del Partido, Ra\u00fal pronunci\u00f3\u00a0las palabras de clausura del Congreso.<\/p>\n<p style=\"text-align:justify;\">Jos\u00e9 Ram\u00f3n Machado Ventura tambi\u00e9n fue\u00a0reelegido como\u00a0Segundo Secretario.<\/p>\n<p style=\"text-align:justify;\"><strong>El Bur\u00f3 Pol\u00edtico est\u00e1 integrado por:<\/strong><\/p>\n<p style=\"text-align:justify;\">1. Ra\u00fal Castro Ruz, Primer Secretario del Comit\u00e9 Central y<br \/>\nPresidente de los Consejos de Estado y de ministros.<br \/>\n2. Jos\u00e9 R. Machado Ventura, Segundo Secretario del Comit\u00e9 Central<br \/>\ny Vicepresidente de los Consejos de Estado y de Ministros.<br \/>\n3. Miguel D\u00edaz-Canel Berm\u00fadez, Primer Vicepresidente de los<br \/>\nConsejos de Estado y de Ministros.<br \/>\n4. Esteban Lazo Hern\u00e1ndez, Presidente de la Asamblea Nacional del<br \/>\nPoder Popular.<br \/>\n5. Ramiro Vald\u00e9s Men\u00e9ndez, Vicepresidente de los Consejos de<br \/>\nEstado y de Ministros.<br \/>\n6. Salvador Vald\u00e9s Mesa, Vicepresidente del Consejo de Estado.<br \/>\n7. Leopoldo Cintra Fr\u00edas, Ministro de las Fuerzas Armadas Revolucionarias.<br \/>\n8. Bruno Rodr\u00edguez Parrilla, Ministro de Relaciones Exteriores.<br \/>\n9. Marino Murillo Jorge, Vicepresidente del Consejo de Ministros<br \/>\ny Ministro de Econom\u00eda y Planificaci\u00f3n.<br \/>\n10. Mercedes L\u00f3pez Acea, Primera Secretaria del Comit\u00e9 Provincial<br \/>\ndel Partido en La Habana y Vicepresidenta el Consejo de Estado.<br \/>\n11. \u00c1lvaro L\u00f3pez Miera, Viceministro Primero Jefe del Estado Mayor General.<br \/>\n12. Ram\u00f3n Espinosa Mart\u00edn, Viceministro del MINFAR<\/p>\n<p style=\"text-align:justify;\"><strong>Nuevos miembros<\/strong><br \/>\n13. Ulises Guilarte de Nacimiento, Secretario General de la Central<br \/>\nde Trabajadores de Cuba.<br \/>\n14. Roberto Morales Ojeda, Ministro de Salud P\u00fablica<br \/>\n15. Miriam Nicado Garc\u00eda, Rectora de la Universidad de las Ciencias<br \/>\nInform\u00e1tica.<br \/>\n16. Teresa Amarelle Bou\u00e9, Secretaria General de la Federaci\u00f3n de<br \/>\nMujeres Cubanas.<br \/>\n17. Marta Ayala \u00c1vila, Vicedirectora General del Centro de Ingenier\u00eda<br \/>\nGen\u00e9tica y Biotecnolog\u00eda.<\/p>\n<p style=\"text-align:justify;\"><strong>Mientras, en el Secretariado, que preside el Segundo Secretario Jos\u00e9 Ram\u00f3n Machado Ventura, lo integran:<\/strong><\/p>\n<ul style=\"text-align:justify;\">\n<li>Abelardo Alvarez Gil<\/li>\n<li>Jos\u00e9 Balaguer Cabrera<\/li>\n<li>Olga Lidia Tapia<\/li>\n<li>Jorge Cuevas Ramos<\/li>\n<li>Omar Ruiz Mart\u00ednez<\/li>\n<\/ul>\n<h3 style=\"text-align:justify;\"><strong>Relaci\u00f3n de miembros del Comit\u00e9 Central electos\u00a0<\/strong><strong>en el VII Congreso del Partido<\/strong><\/h3>\n<p style=\"text-align:justify;\">1.- Misleydi Abad Modey, Miembro Profesional del Bur\u00f3 Ejecutivo en el Comit\u00e9 Provincial de la UJC en Ciego de \u00c1vila.<\/p>\n<p style=\"text-align:justify;\">2.- Homero Acosta \u00c1lvarez, Secretario del Consejo de Estado.<\/p>\n<p style=\"text-align:justify;\">3.- Onelio Mariano Aguilera Berm\u00fadez, Jefe del Ej\u00e9rcito Occidental de las FAR.<\/p>\n<p style=\"text-align:justify;\">4.- Carmen Elsa Alfonso Oceguera, Contralora Jefa de la Contralor\u00eda Provincial en Matanzas.<\/p>\n<p style=\"text-align:justify;\">5.- Abelardo \u00c1lvarez Gil, Miembro del Secretariado y Jefe del Departamento de Organizaci\u00f3n y Pol\u00edtica de Cuadros del Comit\u00e9 Central del Partido.<\/p>\n<p style=\"text-align:justify;\">6.- Teresa Mar\u00eda Amarelle Bou\u00e9, Secretaria General de la Direcci\u00f3n Nacional de la Federaci\u00f3n de Mujeres Cubanas.<\/p>\n<p style=\"text-align:justify;\">7.- Leonardo Ram\u00f3n Andollo Vald\u00e9s, Segundo Jefe de la Comisi\u00f3n Permanente para la Implementaci\u00f3n y Desarrollo de los Lineamientos del VI Congreso del Partido.<\/p>\n<p style=\"text-align:justify;\">8.- Regla Luz Angulo Pardo, Directora de la Unidad Central de Colaboraci\u00f3n M\u00e9dica.<\/p>\n<p style=\"text-align:justify;\">9.- Mayra Arevich Mar\u00edn, Presidenta Ejecutiva de la Empresa de Telecomunicaciones ETECSA.<\/p>\n<p style=\"text-align:justify;\">10.- Marta Ayala \u00c1vila, Vicedirectora General del Centro de Ingenier\u00eda Gen\u00e9tica y Biotecnolog\u00eda en La Habana.<\/p>\n<p style=\"text-align:justify;\">11.- Jos\u00e9 Ram\u00f3n Balaguer Cabrera, Miembro del Secretariado y Jefe del Departamento de Relaciones<\/p>\n<p style=\"text-align:justify;\">Internacionales del Comit\u00e9 Central del Partido.<\/p>\n<p style=\"text-align:justify;\">12 .- Miguel \u00c1ngel Barnet Lanza, Presidente de la Uni\u00f3n de Escritores y Artistas de Cuba.<\/p>\n<p style=\"text-align:justify;\">13.- Gladys Mar\u00eda Bejerano Portela, Contralora General de la Rep\u00fablica de Cuba.<\/p>\n<p style=\"text-align:justify;\">14.- Yuri Bel\u00e9n Ram\u00edrez,\u00a0Decano de la Facultad de Ciencias Sociales y Human\u00edsticas en la Universidad de Artemisa.<\/p>\n<p style=\"text-align:justify;\">15.- Carlos Borrero Cos, \u00a0Director General de la Empresa Militar Industrial \u201fMayor General Ignacio Agramonte Loynaz\u201d en Camag\u00fcey.<\/p>\n<p style=\"text-align:justify;\">16.- Jorge Luis Broche Lorenzo, Primer Secretario del Comit\u00e9 Municipal del Partido en Placetas, Villa Clara.<\/p>\n<p style=\"text-align:justify;\">17.- Lydia Esther Brunet Nodarse, Primera Secretaria del Comit\u00e9 Provincial del Partido en Cienfuegos.<\/p>\n<p style=\"text-align:justify;\">18.- Miguel Mario Cabrera Castellanos, Vicejefe del Departamento de Organizaci\u00f3n y Pol\u00edtica de Cuadros del Comit\u00e9 Central del Partido.<\/p>\n<p style=\"text-align:justify;\">19.- Mayt\u00e9 Cabrera Hern\u00e1ndez, Metod\u00f3loga de la Universidad de Ciencias M\u00e9dicas en Pinar del R\u00edo.<\/p>\n<p style=\"text-align:justify;\">20.- Julio Camacho Aguilera, Director de la Oficina de Desarrollo Integral Guanahacabibes en Pinar del R\u00edo.<\/p>\n<p style=\"text-align:justify;\">21.- Julio C\u00e1rdenas Abreu, Director de la Empresa Agropecuaria de Esmeralda en Camag\u00fcey.<\/p>\n<p style=\"text-align:justify;\">22.- Jos\u00e9 Antonio Carrillo G\u00f3mez, Presidente de la Asociaci\u00f3n de Combatientes de la Revoluci\u00f3n Cubana.<\/p>\n<p style=\"text-align:justify;\">23.- Ra\u00fal Castro Ruz, Primer Secretario del Comit\u00e9 Central del Partido y Presidente de los Consejos de Estado y de Ministros.<\/p>\n<p style=\"text-align:justify;\">24.- In\u00e9s Mar\u00eda Chapman Waugh, Presidenta del Instituto Nacional de Recursos Hidr\u00e1ulicos.<\/p>\n<p style=\"text-align:justify;\">25.- Faure Chom\u00f3n Mediavilla, Miembro del Comit\u00e9 Central del Partido.<\/p>\n<p style=\"text-align:justify;\">26.- Leopoldo Cintra Fr\u00edas, Ministro de las Fuerzas Armadas Revolucionarias y Miembro del Bur\u00f3 Pol\u00edtico del Comit\u00e9 Central del Partido.<\/p>\n<p style=\"text-align:justify;\">27.- Marcia Cobas Ruiz, Viceministra del Ministerio de Salud P\u00fablica.<\/p>\n<p style=\"text-align:justify;\">28.- Mar\u00eda del Carmen Concepci\u00f3n Gonz\u00e1lez, Ministra del Ministerio de la Industria Alimentaria.<\/p>\n<p style=\"text-align:justify;\">29.- Zaida Correa Guti\u00e9rrez, Miembro Profesional del Bur\u00f3 Ejecutivo en el Comit\u00e9 Provincial del Partido en Santiago de Cuba.<\/p>\n<p style=\"text-align:justify;\">30.- Yuniasky Crespo Baquero, Primera Secretaria del Comit\u00e9 Nacional de la Uni\u00f3n de J\u00f3venes Comunistas.<\/p>\n<p style=\"text-align:justify;\">31.- Bolivia Tamara Cruz Mart\u00ednez, Corresponsal de Radio Progreso en Villa Clara.<\/p>\n<p style=\"text-align:justify;\">32.- Jorge Cuevas Ramos, Miembro del Secretariado y Jefe del Departamento de Transporte, Turismo, Comunicaciones y Servicios del Comit\u00e9 Central del Partido.<\/p>\n<p style=\"text-align:justify;\">33.- Yanina de la Nuez Aclich, Miembro Profesional del Bur\u00f3 Ejecutivo en el Comit\u00e9 Provincial del Partido en Mayabeque.<\/p>\n<p style=\"text-align:justify;\">34.- Miguel D\u00edaz \u2013 Canel Berm\u00fadez, Miembro del Bur\u00f3 Pol\u00edtico del Comit\u00e9 Central del Partido y Primer Vicepresidente de los Consejos de Estado y de Ministros.<\/p>\n<p style=\"text-align:justify;\">35.- Caridad del Rosario Diego Bello, Jefa de la Oficina de Atenci\u00f3n a los Asuntos Religiosos del Comit\u00e9 Central del Partido.<\/p>\n<p style=\"text-align:justify;\">36.- F\u00e9lix Duarte Ortega, Primer Secretario del Comit\u00e9 Provincial del Partido en Ciego de \u00c1vila.<\/p>\n<p style=\"text-align:justify;\">37.- Ram\u00f3n Espinosa Mart\u00edn, Viceministro de las Fuerzas Armadas Revolucionarias y Miembro del Bur\u00f3 Pol\u00edtico del Comit\u00e9 Central del Partido.<\/p>\n<p style=\"text-align:justify;\">38.- L\u00e1zaro Fernando Exp\u00f3sito Canto, Primer Secretario del Comit\u00e9 Provincial del Partido en Santiago de Cuba.<\/p>\n<p style=\"text-align:justify;\">39.- Jos\u00e9 Ram\u00f3n Fern\u00e1ndez \u00c1lvarez, Asesor del Presidente de los Consejos de Estado y de Ministros<\/p>\n<p style=\"text-align:justify;\">40.- Marcia Fern\u00e1ndez Andreu, Vicejefa de la Secretar\u00eda del Consejo de Ministros.<\/p>\n<p style=\"text-align:justify;\">41.- Carlos Fern\u00e1ndez Gond\u00edn, Ministro del Ministerio del Interior.<\/p>\n<p style=\"text-align:justify;\">42.- Marisol Fuentes Ferrer, Secretaria General del Comit\u00e9 Provincial de la CTC en Mayabeque.<\/p>\n<p style=\"text-align:justify;\">43.- Julio C\u00e9sar Gandarilla Bermejo, Viceministro Primero del Ministerio del Interior.<\/p>\n<p style=\"text-align:justify;\">44.- Juan Miguel Garc\u00eda D\u00edaz, Primer Secretario del Comit\u00e9 Provincial del Partido en Mayabeque.<\/p>\n<p style=\"text-align:justify;\">45.- Guillermo Garc\u00eda Fr\u00edas, Director General de la Empresa Nacional para la Protecci\u00f3n de la Flora y la Fauna.<\/p>\n<p style=\"text-align:justify;\">46.- Julio C\u00e9sar Garc\u00eda Rodr\u00edguez, Funcionario del Comit\u00e9 Central del Partido.<\/p>\n<p style=\"text-align:justify;\">47.- Iraimis Garc\u00eda S\u00e1nchez, Vicedirectora de Asistencia M\u00e9dica del Hospital Ginecobst\u00e9trico \u201cRam\u00f3n Gonz\u00e1lez Coro\u201d en La Habana.<\/p>\n<p style=\"text-align:justify;\">48.- Reinaldo Garc\u00eda Zapata, Presidente de la Asamblea Provincial del Poder Popular en Santiago de Cuba<\/p>\n<p style=\"text-align:justify;\">49.- V\u00edctor Fidel Gaute L\u00f3pez, Jefe de las Misiones Sociales Cubanas en la Rep\u00fablica Bolivariana de Venezuela.<\/p>\n<p style=\"text-align:justify;\">50.- Jos\u00e9 Alberto Gonz\u00e1lez S\u00e1nchez, Presidente de la CPA \u201cPaquito Gonz\u00e1lez\u201d en Baragu\u00e1, Ciego de \u00c1vila.<\/p>\n<p style=\"text-align:justify;\">51.- Yixi Mar\u00eda Guerrero Pupo, Especialista en la UEB Industria Majibacoa en Las Tunas.<\/p>\n<p style=\"text-align:justify;\">52.- Sulema Guevara Aguilar, T\u00e9cnica en Producci\u00f3n en la UEB Industria Azucarera \u201fRoberto Ram\u00edrez Delgado\u201d en Niquero, Granma.<\/p>\n<p style=\"text-align:justify;\">53.- Ulises Guilarte de Nacimiento, Secretario General de la Central de Trabajadores de Cuba.<\/p>\n<p style=\"text-align:justify;\">54.- Armando Hart D\u00e1valos, Director de la Oficina del Programa Martiano y Presidente de la Sociedad Cultural Jos\u00e9 Mart\u00ed.<\/p>\n<p style=\"text-align:justify;\">55.- Federico Hern\u00e1ndez Hern\u00e1ndez, Primer Secretario del Comit\u00e9 Provincial del Partido en Granma.<\/p>\n<p style=\"text-align:justify;\">56.- Yanet Hern\u00e1ndez P\u00e9rez, Directora de la Direcci\u00f3n Provincial de Educaci\u00f3n en La Habana.<\/p>\n<p style=\"text-align:justify;\">57.- Lixandre Hern\u00e1ndez Viera, Director General de la Empresa Oleohidr\u00e1ulica en Cienfuegos.<\/p>\n<p style=\"text-align:justify;\">58.- Yamilka Jaque Flores, Bailarina de la Compa\u00f1\u00eda de Danza \u201cCamagua\u201d en Camag\u00fcey.<\/p>\n<p style=\"text-align:justify;\">59.- Beatriz Jhonson Urrutia, Vicepresidenta de la Asamblea Provincial del Poder Popular en Santiago de Cuba.<\/p>\n<p style=\"text-align:justify;\">60.- Juan Esteban Lazo Hern\u00e1ndez, Presidente de la Asamblea Nacional del Poder Popular y Miembro del Bur\u00f3 Pol\u00edtico del Comit\u00e9 Central del Partido.<\/p>\n<p style=\"text-align:justify;\">61.- Eusebio Leal Spengler, Director de la Oficina del Historiador de la ciudad de La Habana.<\/p>\n<p style=\"text-align:justify;\">62.- Denny Legr\u00e1 Azahares, Primer Secretario del Comit\u00e9 Provincial del Partido en Guant\u00e1namo.<\/p>\n<p style=\"text-align:justify;\">63.- Tania Le\u00f3n Silveira, Presidenta de la Asamblea Provincial del Poder Popular en Matanzas.<\/p>\n<p style=\"text-align:justify;\">64.- Julio Ramiro Lima Corzo, Primer Secretario del Comit\u00e9 Provincial del Partido en Villa Clara.<\/p>\n<p style=\"text-align:justify;\">65.- Mercedes L\u00f3pez Acea, Primera Secretaria del Comit\u00e9 Provincial del Partido en La Habana y Miembro del Bur\u00f3 Pol\u00edtico del Comit\u00e9 Central del Partido.<\/p>\n<p style=\"text-align:justify;\">66.- Roberto L\u00f3pez Hern\u00e1ndez, Viceministro del Ministerio de Comercio Exterior y la Inversi\u00f3n Extranjera.<\/p>\n<p style=\"text-align:justify;\">67.- \u00c1lvaro L\u00f3pez Miera, Viceministro Primero de las Fuerzas Armadas Revolucionarias, Jefe del Estado Mayor General de las FAR y Miembro del Bur\u00f3 Pol\u00edtico del Comit\u00e9 Central del Partido.<\/p>\n<p style=\"text-align:justify;\">68.- Antonio Enrique Luss\u00f3n Batlle, Miembro del Comit\u00e9 Central del Partido.<\/p>\n<p style=\"text-align:justify;\">69.- Jos\u00e9 Ram\u00f3n Machado Ventura, Segundo Secretario del Comit\u00e9 Central del Partido, Miembro del Bur\u00f3 Pol\u00edtico y Miembro del Secretariado del Comit\u00e9 Central del Partido.<\/p>\n<p style=\"text-align:justify;\">70.- Edina de la Caridad Madan Herrera, Especialista A de Producci\u00f3n en la Unidad Gen\u00e9tica Porcina \u201cEl Lage\u201d en Consolaci\u00f3n del Sur, Pinar del R\u00edo.<\/p>\n<p style=\"text-align:justify;\">71.- Tasman Mairs Santiesteban, Jefe de Producci\u00f3n en la UEB Industria Azucarera \u201cUruguay\u201d en Sancti Sp\u00edritus.<\/p>\n<p style=\"text-align:justify;\">72.- Rodrigo Malmierca D\u00edaz, Ministro del Ministerio de Comercio Exterior y la Inversi\u00f3n Extranjera.<\/p>\n<p style=\"text-align:justify;\">73.- Miriam Marb\u00e1n Gonz\u00e1lez, Contralora Jefa de la Contralor\u00eda Provincial en La Habana.<\/p>\n<p style=\"text-align:justify;\">74.- Ana Mar\u00eda Mari Machado, Vicepresidenta de la Asamblea Nacional del Poder Popular.<\/p>\n<p style=\"text-align:justify;\">75.- Arelis Marrero Guerrero, Primera Secretaria del Comit\u00e9 Municipal del Partido en Banes, Holgu\u00edn.<\/p>\n<p style=\"text-align:justify;\">76.- Mar\u00eda Jes\u00fas Mart\u00ednez Mart\u00ednez, Directora del Policl\u00ednico \u201cManuel Gonz\u00e1lez D\u00edaz\u201d en Bah\u00eda Honda, Artemisa.<\/p>\n<p style=\"text-align:justify;\">77.- Gladys Mart\u00ednez Verdecia, Primera Secretaria del Comit\u00e9 Provincial del Partido en Pinar del R\u00edo.<\/p>\n<p style=\"text-align:justify;\">78.- Ernesto Medina Villaveir\u00e1n, Presidente del Banco Central de Cuba.<\/p>\n<p style=\"text-align:justify;\">79.- Jorge Luis M\u00e9ndez de la F\u00e9,\u00a0\u00a0\u00a0\u00a0\u00a0\u00a0\u00a0\u00a0\u00a0\u00a0\u00a0\u00a0\u00a0\u00a0 Segundo Jefe de la Direcci\u00f3n Pol\u00edtica de las Fuerzas Armadas Revolucionarias.<\/p>\n<p style=\"text-align:justify;\">80.-Yusleidys Men\u00e9ndez Seijo, Presidenta de la CCS \u201cFrancisco P\u00e9rez Germ\u00e1n\u201d en Minas de Matahambre, Pinar del R\u00edo.<\/p>\n<p style=\"text-align:justify;\">81.- Carlos Rafael Miranda Mart\u00ednez, Coordinador de la Direcci\u00f3n Nacional de los Comit\u00e9s de Defensa de la Revoluci\u00f3n.<\/p>\n<p style=\"text-align:justify;\">82.- Jos\u00e9 Ram\u00f3n Monteagudo Ruiz, Primer Secretario del Comit\u00e9 Provincial del Partido en Sancti Sp\u00edritus.<\/p>\n<p style=\"text-align:justify;\">83.- Roberto Morales Ojeda, Ministro del Ministerio de Salud P\u00fablica.<\/p>\n<p style=\"text-align:justify;\">84.- B\u00e1rbara Miosotys Moreno Delgado, Directora de Econom\u00eda y Planificaci\u00f3n del Ministerio de Salud P\u00fablica.<\/p>\n<p style=\"text-align:justify;\">85.- Suselys Morfa Gonz\u00e1lez, Segunda Secretaria del Comit\u00e9 Nacional de la Uni\u00f3n de J\u00f3venes Comunistas.<\/p>\n<p style=\"text-align:justify;\">86.- Dallimy Mu\u00f1oz Rodr\u00edguez\u00a0 Artesana de la Asociaci\u00f3n Cubana de Artesanos y Artistas en Cruces, Cienfuegos.<\/p>\n<p style=\"text-align:justify;\">87.- Marino Murillo Jorge, Ministro del Ministerio de Econom\u00eda y Planificaci\u00f3n, y Miembro del Bur\u00f3 Pol\u00edtico del Comit\u00e9 Central del Partido.<\/p>\n<p style=\"text-align:justify;\">88.- Anabel Naranjo Paz, Profesora de la Universidad de Holgu\u00edn.<\/p>\n<p style=\"text-align:justify;\">89.- Miriam Nicado Garc\u00eda, Rectora de la Universidad de Ciencias Inform\u00e1ticas.<\/p>\n<p style=\"text-align:justify;\">90.- Miladys Orraca Castillo, Directora de la Direcci\u00f3n Provincial de Salud P\u00fablica en Pinar del R\u00edo.<\/p>\n<p style=\"text-align:justify;\">91, Gladys Esther Palaz\u00f3n\u00a0\u00a0 Herrera, Jefa de Brigada de Investigaciones en la Empresa de Perforaci\u00f3n y Extracci\u00f3n de Petr\u00f3leo Occidente \u201cJes\u00fas Su\u00e1rez Gayol\u201d en Santa Cruz del Norte, Mayabeque.<\/p>\n<p style=\"text-align:justify;\">92.- Ram\u00f3n Pardo Guerra, Jefe del Estado Mayor Nacional de la Defensa Civil.<\/p>\n<p style=\"text-align:justify;\">93.- Lina Olinda Pedraza Rodr\u00edguez, Ministra del Ministerio de Finanzas y Precios.<\/p>\n<p style=\"text-align:justify;\">94.- Yamila Pe\u00f1a Ojeda, Fiscal Jefa de la Direcci\u00f3n de Organizaci\u00f3n y Planificaci\u00f3n de la Fiscal\u00eda General de la Rep\u00fablica.<\/p>\n<p style=\"text-align:justify;\">95.- Rosario del Pilar Pent\u00f3n D\u00edaz, Rectora de la Escuela Superior del Partido \u201c\u00d1ico L\u00f3pez\u201d.<\/p>\n<p style=\"text-align:justify;\">96.- Santiago P\u00e9rez Castellanos, Jefe del Departamento Agroalimentario del Comit\u00e9 Central del Partido.<\/p>\n<p style=\"text-align:justify;\">97.- Rafael P\u00e9rez Fern\u00e1ndez, Primer Secretario del Comit\u00e9 Municipal del Partido en Guant\u00e1namo.<\/p>\n<p style=\"text-align:justify;\">98.- Elba Rosa P\u00e9rez Montoya, Ministra del Ministerio de Ciencias, Tecnolog\u00eda y Medio Ambiente.<\/p>\n<p style=\"text-align:justify;\">99.- Yaisel Osvaldo Pieter Terry,\u00a0\u00a0\u00a0\u00a0\u00a0\u00a0\u00a0\u00a0\u00a0\u00a0\u00a0\u00a0\u00a0 Secretario General del Comit\u00e9 Municipal de la CTC en Santa Clara, Villa Clara.<\/p>\n<p style=\"text-align:justify;\">100.- Francisco Pol Fiz, Especialista Principal de Derivados de la Ca\u00f1a de Az\u00facar en la Planta de Sorbitol, UEB Central Azucarero \u201cIgnacio Agramonte\u201d en Florida, Camag\u00fcey.<\/p>\n<p style=\"text-align:justify;\">101.- Rogelio Polanco Fuentes, Embajador de Cuba en la Rep\u00fablica Bolivariana de Venezuela.<\/p>\n<p style=\"text-align:justify;\">102.- Jos\u00e9 \u00c1ngel Portal Miranda, Viceministro Primero del Ministerio de Salud P\u00fablica.<\/p>\n<p style=\"text-align:justify;\">103.- Joel Queipo Ruiz, Primer Secretario del Comit\u00e9 Municipal del Partido en San Miguel del Padr\u00f3n, La Habana.<\/p>\n<p style=\"text-align:justify;\">104.- Iris Qui\u00f1ones Rojas, Presidenta del Grupo Empresarial de la Industria Alimentaria.<\/p>\n<p style=\"text-align:justify;\">105.- Joaqu\u00edn Quintas Sol\u00e1, Viceministro del Ministerio de las Fuerzas Armadas Revolucionarias.<\/p>\n<p style=\"text-align:justify;\">106.- Omar Ram\u00edrez Mendoza, Director General de la Central Termoel\u00e9ctrica del Este de La Habana en Mayabeque.<\/p>\n<p style=\"text-align:justify;\">107.- Jos\u00e9 Amado Ricardo Guerra, Secretario del Comit\u00e9 Ejecutivo del Consejo de Ministros.<\/p>\n<p style=\"text-align:justify;\">108.- Samuel Carlos Rodiles Planas, Presidente del Instituto de Planificaci\u00f3n F\u00edsica.<\/p>\n<p style=\"text-align:justify;\">109.- Dayam\u00ed Rodr\u00edguez Garc\u00eda, Directora en la Empresa de Soluciones Mec\u00e1nicas (SOMEC) en Camag\u00fcey.<\/p>\n<p style=\"text-align:justify;\">110.- Yud\u00ed Mercedes Rodr\u00edguez Hern\u00e1ndez, Miembro Profesional del Bur\u00f3 Ejecutivo en el Comit\u00e9 Provincial del Partido en Villa Clara.<\/p>\n<p style=\"text-align:justify;\">111.- Ra\u00fal Cirilo Rodr\u00edguez Lobaina, Jefe del Ej\u00e9rcito Central de las Fuerzas Armadas Revolucionarias.<\/p>\n<p style=\"text-align:justify;\">112.- Lu\u00eds Alberto Rodr\u00edguez L\u00f3pez-Calleja, Presidente Ejecutivo del Grupo de Administraci\u00f3n Empresarial y Jefe del V Departamento de las FAR.<\/p>\n<p style=\"text-align:justify;\">113.- Bruno Eduardo Rodr\u00edguez Parrilla, Ministro del Ministerio de Relaciones Exteriores y Miembro del Bur\u00f3 Pol\u00edtico del Comit\u00e9 Central del Partido.<\/p>\n<p style=\"text-align:justify;\">114.- Julio C\u00e9sar Rodr\u00edguez Pimentel, Miembro Profesional del Bur\u00f3 Ejecutivo en el Comit\u00e9 Provincial del Partido en Pinar del R\u00edo.<\/p>\n<p style=\"text-align:justify;\">115.- Isdalis Rodr\u00edguez Rodr\u00edguez, Secretaria General del Comit\u00e9 Provincial de la CTC en Matanzas.<\/p>\n<p style=\"text-align:justify;\">116.- B\u00e1rbara Rodr\u00edguez S\u00e1nchez, Investigadora Auxiliar en el Instituto de Ciencia Animal en San Jos\u00e9 de las Lajas, Mayabeque.<\/p>\n<p style=\"text-align:justify;\">117.- Omara Rojas Mart\u00ednez, Investigadora y subdirectora de Capital Humano en la Estaci\u00f3n Territorial de Investigaci\u00f3n de la Ca\u00f1a de Az\u00facar Oriente Sur en Palma Soriano, Santiago de Cuba.<\/p>\n<p style=\"text-align:justify;\">118.- Manuela Teresa Rojas Monz\u00f3n, Primera Secretaria del Comit\u00e9 Provincial del Partido en Matanzas.<\/p>\n<p style=\"text-align:justify;\">119.- Liz Belkis Rosabal Ponce, Directora de la UEB Laboratorio de Combusti\u00f3n de la Empresa Ingenier\u00eda y Proyectos de la Electricidad en Cienfuegos.<\/p>\n<p style=\"text-align:justify;\">120.- Ulises Rosales del Toro, Vicepresidente del Consejo de Ministros.<\/p>\n<p style=\"text-align:justify;\">121.- Anisia Ru\u00edz Guti\u00e9rrez, Rectora de la Universidad \u201cM\u00e1ximo G\u00f3mez B\u00e1ez\u201d en Ciego de \u00c1vila.<\/p>\n<p style=\"text-align:justify;\">122.- Omar Fernando Ruiz Mart\u00edn, Miembro del Secretariado y Jefe del Departamento de Industria y Construcci\u00f3n en el Comit\u00e9 Central del Partido.<\/p>\n<p style=\"text-align:justify;\">123.- Adela Ruiz Villaz\u00f3n, Primera Secretaria del Comit\u00e9 Municipal del Partido en Cruces, Cienfuegos.<\/p>\n<p style=\"text-align:justify;\">124.- Yoerky S\u00e1nchez Cu\u00e9llar, Jefe de Informaci\u00f3n Nacional en el Peri\u00f3dico Juventud Rebelde.<\/p>\n<p style=\"text-align:justify;\">125.- Ariel Santana Santiesteban, Primer Secretario del Comit\u00e9 Provincial del Partido en Las Tunas<\/p>\n<p style=\"text-align:justify;\">126.- Rafael Ram\u00f3n Santiesteban Pozo, Presidente de la Direcci\u00f3n Nacional de la Asociaci\u00f3n Nacional de Agricultores Peque\u00f1os.<\/p>\n<p style=\"text-align:justify;\">127.- Grisel Socarr\u00e1s Desvernine, Primera Secretaria del Comit\u00e9 Municipal del Partido en San Crist\u00f3bal, Artemisa.<\/p>\n<p style=\"text-align:justify;\">128.- Maryleidis Sosa Trenzado, Inspectora en Uso Racional de la Energ\u00eda en la Oficina Nacional de Uso Racional de la Energ\u00eda en Guant\u00e1namo.<\/p>\n<p style=\"text-align:justify;\">129.- Rom\u00e1rico Sotomayor Garc\u00eda, Jefe de la Direcci\u00f3n Pol\u00edtica del Ministerio del Interior.<\/p>\n<p style=\"text-align:justify;\">130.- Jorge Lu\u00eds Tapia Fonseca, Primer Secretario del Comit\u00e9 Provincial del Partido en Camag\u00fcey.<\/p>\n<p style=\"text-align:justify;\">131.- Olga Lidia Tapia Iglesias, Miembro del Secretariado y Jefa del Departamento de Educaci\u00f3n, Ciencia y Deporte del Comit\u00e9 Central del Partido.<\/p>\n<p style=\"text-align:justify;\">132.- Darilis Torres Aldana, Campesina en la Cooperativa de Cr\u00e9ditos y Servicios \u201cAntero Regalado\u201d en Sierra de Cubitas, Camag\u00fcey.<\/p>\n<p style=\"text-align:justify;\">133.- Luis Antonio Torres Ir\u00edbar, Primer Secretario del Comit\u00e9 Provincial del Partido en Holgu\u00edn.<\/p>\n<p style=\"text-align:justify;\">134.- Ramiro Vald\u00e9s Men\u00e9ndez, Vicepresidente de los Consejos de Estado y de Ministros, y Miembro del Bur\u00f3 Pol\u00edtico del Comit\u00e9 Central del Partido.<\/p>\n<p style=\"text-align:justify;\">135.- Salvador Vald\u00e9s Mesa, Miembro del Bur\u00f3 Pol\u00edtico del Comit\u00e9 Central del Partido.<\/p>\n<p style=\"text-align:justify;\">136.- Jos\u00e9 Antonio Valeriano Fari\u00f1as, Primer Secretario del Comit\u00e9 Provincial del Partido en Artemisa.<\/p>\n<p style=\"text-align:justify;\">137.- Divis Nubia V\u00e1zquez Rogena, M\u00e9dico Especialista de Primer Grado en Medicina Interna en el Hospital \u201cVladimir Ilich Lenin\u201d en Holgu\u00edn.<\/p>\n<p style=\"text-align:justify;\">138.- Ram\u00f3n Vel\u00e1zquez N\u00fa\u00f1ez, Administrador de la UBPC \u201cEl Macho\u201d en Guam\u00e1, Santiago de Cuba.<\/p>\n<p style=\"text-align:justify;\">139.- Alina Vicente Gainza, Vicecontralora General de la Contralor\u00eda General de la Rep\u00fablica .<\/p>\n<p style=\"text-align:justify;\">140.- Josefina de la Caridad Vidal Ferreiro, Directora General de la Direcci\u00f3n General de Estados Unidos en el Ministerio de Relaciones Exteriores.<\/p>\n<p style=\"text-align:justify;\">141.- Martha Magdalena Villanueva Herrera, Secretaria Profesional del Bur\u00f3 Sindical de la Empresa Constructora de Obras para el Turismo de La Habana, Uni\u00f3n de Construcciones Militares.<\/p>\n<p style=\"text-align:justify;\">142.- Adel Onofre Yzquierdo Rodr\u00edguez, Ministro del Ministerio del Transporte y Miembro del Bur\u00f3 Pol\u00edtico del Comit\u00e9 Central del Partido.<\/p>\n","protected":false},"excerpt":{"rendered":"<p>El primer secretario del Comit\u00e9 Central del Partido Comunista de Cuba (CCPCC), Ra\u00fal Castro, fue reelegido para ese cargo durante la \u00faltima jornada del VII Congreso de la organizaci\u00f3n.<\/p>\n","protected":false},"author":1,"featured_media":6866,"comment_status":"open","ping_status":"open","sticky":false,"template":"","format":"standard","meta":{"footnotes":""},"categories":[14,12],"tags":[20,33],"class_list":["post-4951","post","type-post","status-publish","format-standard","has-post-thumbnail","hentry","category-internacionales","category-politica-3","tag-cuba","tag-fidel-castro"],"_links":{"self":[{"href":"https:\/\/debateplural.net\/site\/wp-json\/wp\/v2\/posts\/4951"}],"collection":[{"href":"https:\/\/debateplural.net\/site\/wp-json\/wp\/v2\/posts"}],"about":[{"href":"https:\/\/debateplural.net\/site\/wp-json\/wp\/v2\/types\/post"}],"author":[{"embeddable":true,"href":"https:\/\/debateplural.net\/site\/wp-json\/wp\/v2\/users\/1"}],"replies":[{"embeddable":true,"href":"https:\/\/debateplural.net\/site\/wp-json\/wp\/v2\/comments?post=4951"}],"version-history":[{"count":1,"href":"https:\/\/debateplural.net\/site\/wp-json\/wp\/v2\/posts\/4951\/revisions"}],"predecessor-version":[{"id":6867,"href":"https:\/\/debateplural.net\/site\/wp-json\/wp\/v2\/posts\/4951\/revisions\/6867"}],"wp:featuredmedia":[{"embeddable":true,"href":"https:\/\/debateplural.net\/site\/wp-json\/wp\/v2\/media\/6866"}],"wp:attachment":[{"href":"https:\/\/debateplural.net\/site\/wp-json\/wp\/v2\/media?parent=4951"}],"wp:term":[{"taxonomy":"category","embeddable":true,"href":"https:\/\/debateplural.net\/site\/wp-json\/wp\/v2\/categories?post=4951"},{"taxonomy":"post_tag","embeddable":true,"href":"https:\/\/debateplural.net\/site\/wp-json\/wp\/v2\/tags?post=4951"}],"curies":[{"name":"wp","href":"https:\/\/api.w.org\/{rel}","templated":true}]}}