{"id":49534,"date":"2022-02-11T14:30:28","date_gmt":"2022-02-11T18:30:28","guid":{"rendered":"https:\/\/debateplural.com\/inicio\/?p=49534"},"modified":"2022-02-11T14:30:28","modified_gmt":"2022-02-11T18:30:28","slug":"chavez-y-el-rumbo-de-nuestra-america","status":"publish","type":"post","link":"https:\/\/debateplural.net\/site\/2022\/02\/11\/chavez-y-el-rumbo-de-nuestra-america\/","title":{"rendered":"Ch\u00e1vez y el rumbo de nuestra Am\u00e9rica"},"content":{"rendered":"<p>Angel Guerra (teleSur, 9-2-22)<\/p>\n<p>&nbsp;<\/p>\n<p>Caracas. Asisto, muy emocionado, al gran acto del pueblo bolivariano en recuerdo del 30 aniversario de la rebeli\u00f3n encabezada por Hugo Ch\u00e1vez el\u00a04 de febrero\u00a0de 1992. Esa que estremeci\u00f3 a Venezuela hasta el tu\u00e9tano como nada lo hab\u00eda hecho desde los d\u00edas de Bol\u00edvar.<\/p>\n<div class=\"qnewworld\"><\/div>\n<p>El acto fue precedido de una multitudinaria marcha de caraque\u00f1os y caraque\u00f1as, que procedentes de la Plaza Venezuela y la Avenida Nueva Granada desbordaron el monumental Paseo de los Pr\u00f3ceres. Un grupo de intelectuales y luchadores sociales de 30 pa\u00edses solo pudimos llegar al acto, ya que particip\u00e1bamos en el Foro \u201cRevoluci\u00f3n y Cambio de \u00e9poca\u201d convocados por el presidente Nicol\u00e1s Maduro. Pero varios amigos, que s\u00ed asistieron a la marcha, me contaron que fue igual de entusiasta y alegre que el mitin.<\/p>\n<p>All\u00ed, adem\u00e1s del conceptual y combativo discurso de Maduro, pudimos escuchar un mensaje del general en jefe Vladimir Padrino, que subray\u00f3 c\u00f3mo en esta movilizaci\u00f3n se hab\u00edan fundido miles de civiles y militares, personas de los m\u00e1s variados sectores populares junto a generales y almirantes. Desde el lugar que nos dispensaron en la tribuna pod\u00edamos apreciar la mezcla de miles de mujeres y hombres de civil con otros tantos en sus uniformes milicianos y de soldados, expresi\u00f3n de la unidad c\u00edvico-militar que ha sido decisiva estrat\u00e9gicamente para defender e impulsar la Revoluci\u00f3n Bolivariana y Chavista en medio de la guerra multidimensional de Estados Unidos.<\/p>\n<p>El chavismo se enfrenta y ha derrotado las sangrientas guarimbas, una gigantesca, venenosa y sistem\u00e1tica campa\u00f1a comunicacional que dura a\u00f1os, empecinamiento enajenado de Washington en crear un gobierno paralelo presidido por un ladr\u00f3n e imb\u00e9cil totalmente desprestigiado, invasiones armadas y constantes provocaciones desde territorio colombiano, intentos de genocidio, el robo de importantes activos del pa\u00eds por Washington, Londres y Bogot\u00e1 y un criminal e ilegal bloqueo econ\u00f3mico, financiero y comercial, recrudecido cruelmente durante la pandemia. En medio de esa notable intensificaci\u00f3n de la hostilidad estadounidense, Caracas ha conducido un di\u00e1logo nacional con los sectores opositores, incluyendo los m\u00e1s proyanquis, y conseguido ganar limpiamente las elecciones parlamentarias y regionales.<\/p>\n<p>El\u00a04 de febrero\u00a0de 1992 est\u00e1 muy arraigado en la mente y el coraz\u00f3n del pueblo porque trae el recuerdo de Ch\u00e1vez y de aquella gesta insurrecta, que, no obstante, su derrota militar fue una conmoci\u00f3n pol\u00edtica que hizo girar la historia venezolana y puso en la cresta de la ola popular al entonces teniente coronel de paracaidistas. Al rendir sus armas, en una alocuci\u00f3n para la historia de solo 50 segundos, en vista de que seguir combatiendo solo habr\u00eda llevado a un in\u00fatil derramamiento de sangre, Ch\u00e1vez lo hizo de forma tan digna e inteligente que conquist\u00f3 para siempre el coraz\u00f3n de millones de venezolanas y venezolanos.<\/p>\n<p>Desde el mismo buenos d\u00edas al pueblo, su alusi\u00f3n a este \u201cmensaje bolivariano\u201d,\u00a0\u00a0el \u201cpor ahora\u201d los objetivos \u201cno fueron logrados\u201d, pero \u201cel pa\u00eds tiene que enrumbarse definitivamente hacia un destino mejor\u201d, su reconocimiento de la derrota propia y del cumplimiento de su misi\u00f3n por otros compa\u00f1eros, hasta el \u201casumo\u201d ante el pa\u00eds la responsabilidad de este \u201cmovimiento militar bolivariano\u201d, en una naci\u00f3n donde ning\u00fan gobernante respond\u00eda\u00a0\u00a0hac\u00eda tiempo por su conducta. C\u00f3mo habr\u00e1 sido el impacto de la actuaci\u00f3n del comandante que en una visita que le\u00a0\u00a0hiciera el padre Torbes, capell\u00e1n de la prisi\u00f3n militar, horas despu\u00e9s de los hechos y de un prolongado interrogatorio al que fue sometido, el religioso lo abraza y le susurra al o\u00eddo:\u00a0\u00a0\u00a1Lev\u00e1ntate hijo, en la calle eres un h\u00e9roe nacional!<\/p>\n<p>El\u00a04 de febrero\u00a0fue la respuesta consciente, largamente planeada y organizada, de la juventud militar bolivariana al desempleo, el hambre, la desesperaci\u00f3n y el saqueo del patrimonio nacional provocados por los gobiernos\u00a0\u00a0neoliberales. Fue la reivindicaci\u00f3n del\u00a0caracazo,\u00a0gran rebeli\u00f3n popular ahogada en sangre, que tres a\u00f1os antes se alz\u00f3 contra un salvaje paquetazo del Fondo Monetario Internacional.\u00a0\u00a0Por cierto, no se ha estudiado suficientemente la importancia de estas dos rebeliones venezolanas, su \u00e9xito en desacelerar la ofensiva neoliberal y el vuelco progresista y democr\u00e1tico que imprimieron a la historia de nuestra Am\u00e9rica, sobre todo a partir de la primera elecci\u00f3n de Ch\u00e1vez a la presidencia. El ejemplo y la acci\u00f3n solidaria mancomunada de la Revoluci\u00f3n Bolivariana, que se la jug\u00f3 por rescatar la soberan\u00eda nacional y realizar profundos cambios sociales por v\u00eda pol\u00edtica\u00a0\u00a0cuando se\u00a0\u00a0hab\u00eda anunciado el \u201cfin de la historia\u201d y de la Revoluci\u00f3n Cubana, que, con Fidel al frente hab\u00eda resistido sola el cataclismo\u00a0\u00a0del derrumbe\u00a0\u00a0sovi\u00e9tico y del recrudecimiento del bloqueo, dieron un notable impulso a las luchas\u00a0antineoliberales y reafirmaron un rumbo de independencia y unidad a nuestros pueblos, que perdura hasta\u00a0hoy.<\/p>\n","protected":false},"excerpt":{"rendered":"<p>Angel Guerra (teleSur, 9-2-22) &nbsp; Caracas. Asisto, muy emocionado, al gran acto del pueblo bolivariano en recuerdo del 30 aniversario de la rebeli\u00f3n encabezada por Hugo Ch\u00e1vez el\u00a04 de febrero\u00a0de 1992. Esa que estremeci\u00f3 a Venezuela hasta el tu\u00e9tano como nada lo hab\u00eda hecho desde los d\u00edas de Bol\u00edvar. El acto fue precedido de una [&hellip;]<\/p>\n","protected":false},"author":1,"featured_media":41221,"comment_status":"open","ping_status":"open","sticky":false,"template":"","format":"standard","meta":{"footnotes":""},"categories":[14,12],"tags":[],"class_list":["post-49534","post","type-post","status-publish","format-standard","has-post-thumbnail","hentry","category-internacionales","category-politica-3"],"_links":{"self":[{"href":"https:\/\/debateplural.net\/site\/wp-json\/wp\/v2\/posts\/49534"}],"collection":[{"href":"https:\/\/debateplural.net\/site\/wp-json\/wp\/v2\/posts"}],"about":[{"href":"https:\/\/debateplural.net\/site\/wp-json\/wp\/v2\/types\/post"}],"author":[{"embeddable":true,"href":"https:\/\/debateplural.net\/site\/wp-json\/wp\/v2\/users\/1"}],"replies":[{"embeddable":true,"href":"https:\/\/debateplural.net\/site\/wp-json\/wp\/v2\/comments?post=49534"}],"version-history":[{"count":1,"href":"https:\/\/debateplural.net\/site\/wp-json\/wp\/v2\/posts\/49534\/revisions"}],"predecessor-version":[{"id":49535,"href":"https:\/\/debateplural.net\/site\/wp-json\/wp\/v2\/posts\/49534\/revisions\/49535"}],"wp:featuredmedia":[{"embeddable":true,"href":"https:\/\/debateplural.net\/site\/wp-json\/wp\/v2\/media\/41221"}],"wp:attachment":[{"href":"https:\/\/debateplural.net\/site\/wp-json\/wp\/v2\/media?parent=49534"}],"wp:term":[{"taxonomy":"category","embeddable":true,"href":"https:\/\/debateplural.net\/site\/wp-json\/wp\/v2\/categories?post=49534"},{"taxonomy":"post_tag","embeddable":true,"href":"https:\/\/debateplural.net\/site\/wp-json\/wp\/v2\/tags?post=49534"}],"curies":[{"name":"wp","href":"https:\/\/api.w.org\/{rel}","templated":true}]}}