{"id":4964,"date":"2016-04-20T14:29:10","date_gmt":"2016-04-20T14:29:10","guid":{"rendered":"http:\/\/debateplural.com\/?p=4964"},"modified":"2016-06-23T13:47:30","modified_gmt":"2016-06-23T13:47:30","slug":"la-revolucion-jamas-encontrara-solucion-a-sus-problemas-de-espaldas-al-pueblo","status":"publish","type":"post","link":"https:\/\/debateplural.net\/site\/2016\/04\/20\/la-revolucion-jamas-encontrara-solucion-a-sus-problemas-de-espaldas-al-pueblo\/","title":{"rendered":"La Revoluci\u00f3n jam\u00e1s encontrar\u00e1 soluci\u00f3n a sus problemas de espaldas al pueblo"},"content":{"rendered":"<div id=\"attachment_1908\" style=\"width: 715px\" class=\"wp-caption aligncenter\"><img loading=\"lazy\" decoding=\"async\" aria-describedby=\"caption-attachment-1908\" class=\"size-full wp-image-1908\" src=\"http:\/\/tripletecnologia.com\/website\/debateplural\/wp-content\/uploads\/2016\/04\/raul-castro-1.jpg\" alt=\"Raul Castro\" width=\"705\" height=\"381\" \/><p id=\"caption-attachment-1908\" class=\"wp-caption-text\">Raul Castro<\/p><\/div>\n<p style=\"text-align:justify;\"><strong>Debateplural.com, comparte con los lectores el interesante discurso de Ra\u00fal Castro, titulado \"La Revoluci\u00f3n jam\u00e1s encontrar\u00e1 soluci\u00f3n a sus problemas de espaldas al pueblo\", publicado en el portal Cubadebate, en fecha 19 de abril de 2016.<\/strong><\/p>\n<p style=\"text-align:justify;\">Discurso del General de Ej\u00e9rcito Ra\u00fal Castro Ruz, Primer Secretario del Comit\u00e9 Central del Partido Comunista de <a href=\"http:\/\/localhost\/debateplural\/tag\/cuba\">Cuba<\/a> y Presidente de los Consejos de Estado y de Ministros en la clausura del 7mo. Congreso del Partido, en el Palacio de Convenciones, 19 de abril de 2016, \u201cA\u00f1o 58 de la Revoluci\u00f3n\u201d.\u00a0<!--more--><\/p>\n<p>Querido compa\u00f1ero Fidel;<\/p>\n<p>Compa\u00f1eras y compa\u00f1eros:<\/p>\n<p style=\"text-align:justify;\">Hemos tenido intensas jornadas en este 7mo. Congreso pr\u00f3ximo a concluir, en el cual se adoptaron acuerdos de trascendencia estrat\u00e9gica para el presente y el futuro de la naci\u00f3n.<\/p>\n<p style=\"text-align:justify;\">El Congreso aprob\u00f3 el Informe Central y diversas resoluciones sobre los principales asuntos analizados, se pas\u00f3 revista al cumplimiento de los Lineamientos de la Pol\u00edtica Econ\u00f3mica y Social del Partido y la Revoluci\u00f3n y se acord\u00f3 su actualizaci\u00f3n, expresada en 274 lineamientos.<\/p>\n<p style=\"text-align:justify;\">Igualmente se debati\u00f3 el informe sobre el cumplimiento de los Objetivos de la Primera Conferencia Nacional del Partido y se adoptaron decisiones para continuar fortaleciendo su papel como fuerza dirigente superior de la sociedad y del Estado, consagrado en la Constituci\u00f3n de la Rep\u00fablica.<\/p>\n<p style=\"text-align:justify;\">Al propio tiempo, el Congreso acogi\u00f3 favorablemente los proyectos presentados acerca de la Conceptualizaci\u00f3n del Modelo Econ\u00f3mico y Social y las bases del Plan Nacional de Desarrollo Econ\u00f3mico y Social hasta el 2030, y teniendo en cuenta su importancia aprob\u00f3 iniciar un debate amplio y democr\u00e1tico sobre estos documentos program\u00e1ticos con la militancia del Partido, la UJC, representantes de las organizaciones de masa y de diversos sectores de la sociedad. Esperamos concluir este proceso antes de que finalice el presente a\u00f1o, de modo que el Comit\u00e9 Central, en correspondencia con la facultad que le otorg\u00f3 el Congreso, los apruebe definitivamente.<\/p>\n<p style=\"text-align:justify;\">Por la gran complejidad de los citados proyectos se hace necesario adoptar todas las medidas requeridas en inter\u00e9s de asegurar, en primer lugar, su comprensi\u00f3n, lo que presupone efectuar una rigurosa preparaci\u00f3n previa de quienes conducir\u00e1n su discusi\u00f3n.<\/p>\n<p style=\"text-align:justify;\">En un asunto de esta naturaleza es esencial lograr el apoyo consciente de la gran mayor\u00eda, para ello es imprescindible escuchar, razonar y tener en cuenta la opini\u00f3n de la militancia y del pueblo en general.<\/p>\n<p style=\"text-align:justify;\">Considero conveniente recordar que el proceso de actualizaci\u00f3n del modelo econ\u00f3mico que iniciamos desde el 6to. Congreso no es una tarea de uno o dos quinquenios. El rumbo ya est\u00e1 trazado. Proseguiremos a paso firme, sin prisas, pero sin pausas, teniendo muy presente que el ritmo depender\u00e1 del consenso que seamos capaces de forjar al interior de nuestra sociedad y de la capacidad organizativa que alcancemos para introducir los cambios necesarios sin precipitaciones ni mucho menos improvisaciones que solo nos conducir\u00edan al fracaso.<\/p>\n<p style=\"text-align:justify;\">El progreso hacia la actualizaci\u00f3n del Modelo y la construcci\u00f3n de un socialismo pr\u00f3spero, sostenible e irreversible en Cuba, exige que sean preservados y potenciados los principios de justicia e igualdad que han servido de base a la Revoluci\u00f3n.<\/p>\n<p style=\"text-align:justify;\">Una Revoluci\u00f3n de los humildes, por los humildes y para los humildes, como la defini\u00f3 el compa\u00f1ero Fidel, con una innegable obra social construida, jam\u00e1s encontrar\u00e1 soluci\u00f3n a sus problemas de espaldas al pueblo, ni con la restauraci\u00f3n del capitalismo, que conllevar\u00eda a la aplicaci\u00f3n de terapias de choque a las capas de la poblaci\u00f3n con menos recursos y destruir\u00eda la unidad y la confianza de la mayor\u00eda de nuestros ciudadanos en torno a la Revoluci\u00f3n y al Partido. En Cuba, reitero una vez m\u00e1s, nadie quedar\u00e1 desamparado.<\/p>\n<p style=\"text-align:justify;\">Los acuerdos de este hist\u00f3rico Congreso tampoco ser\u00e1n engavetados, todo lo contrario, debemos asegurar su cumplimiento con ORDEN, DISCIPLINA y EXIGENCIA, con visi\u00f3n de futuro y mucha intencionalidad; a ello contribuir\u00e1 haber ratificado la decisi\u00f3n de que en los plenos del Comit\u00e9 Central se verifique la marcha de la actualizaci\u00f3n del modelo econ\u00f3mico y del plan de la econom\u00eda, al menos en dos ocasiones anuales, los d\u00edas y tambi\u00e9n las veces que sean necesarios.<\/p>\n<p style=\"text-align:justify;\">Igualmente nos proponemos proseguir con el an\u00e1lisis de estos temas en las sesiones de nuestro Parlamento, cuyo papel en la aprobaci\u00f3n del marco legislativo asociado a este proceso, continuar\u00e1 siendo decisivo.<\/p>\n<p style=\"text-align:justify;\">En la ma\u00f1ana de hoy fue presentado el nuevo Comit\u00e9 Central, el Secretariado y el Bur\u00f3 Pol\u00edtico como expresi\u00f3n de continuidad del proceso paulatino de renovaci\u00f3n y rejuvenecimiento emprendido por el 6to. Congreso.<\/p>\n<p style=\"text-align:justify;\">Por inexorable ley de la vida, este 7mo. Congreso ser\u00e1 el \u00faltimo dirigido por la generaci\u00f3n hist\u00f3rica, la cual entregar\u00e1 a los pinos nuevos las banderas de la Revoluci\u00f3n y el Socialismo (Aplausos), sin el menor atisbo de tristeza o pesimismo, con el orgullo del deber cumplido, convencida de que sabr\u00e1n continuar y engrandecer la obra revolucionaria por la cual entregaron las mejores energ\u00edas y la vida misma varias hornadas de compatriotas, como dec\u00edamos en el Informe Central, desde 1868.<\/p>\n<p style=\"text-align:justify;\">El Comit\u00e9 Central qued\u00f3 integrado por 142 miembros, de ellos, algo m\u00e1s de dos tercios nacieron despu\u00e9s del triunfo de la Revoluci\u00f3n y se reduce el promedio de edad a 54,5 a\u00f1os, inferior que en el 2011.<\/p>\n<p style=\"text-align:justify;\">Al propio tiempo, el Congreso acord\u00f3 mantener en la direcci\u00f3n del Partido a un reducido grupo de veteranos de la generaci\u00f3n hist\u00f3rica con elevada edad y que por su larga trayectoria revolucionaria gozan de autoridad ante el pueblo.<\/p>\n<p style=\"text-align:justify;\">Como explicamos en el Informe Central los pr\u00f3ximos cinco a\u00f1os ser\u00e1n definitorios para garantizar el tr\u00e1nsito paulatino y ordenado de las principales responsabilidades del pa\u00eds a las nuevas generaciones, proceso de especial trascendencia que esperamos ejecutar y concluir con la celebraci\u00f3n del 8vo. Congreso en el a\u00f1o 2021.<\/p>\n<p style=\"text-align:justify;\">No deja de ser impresionante el dato de que m\u00e1s del 98% de los miembros del Comit\u00e9 Central cuenta con nivel universitario.<\/p>\n<p style=\"text-align:justify;\">La representaci\u00f3n de las mujeres creci\u00f3 y ahora alcanzan el 44,37% y tambi\u00e9n la de los negros y mestizos, con el 35,92%. Este resultado es superior al Congreso anterior, pero no nos damos por satisfechos; se impone que todos los dirigentes del Partido, el Estado y el Gobierno trabajemos con sistematicidad en la creaci\u00f3n de una reserva de sustitutos maduros y con experiencia para asumir las principales responsabilidades de la naci\u00f3n en justa correspondencia con la composici\u00f3n por color de la piel y de g\u00e9nero de la poblaci\u00f3n cubana.<\/p>\n<p style=\"text-align:justify;\">Los 55 nuevos miembros del Comit\u00e9 Central son todos menores de 60 a\u00f1os, d\u00e1ndose cumplimiento a la edad m\u00e1xima establecida por este Congreso para ingresar a ese organismo superior del Partido; como ya hemos dicho, en el \u00e1nimo de garantizar siempre el constante rejuvenecimiento de su Direcci\u00f3n.<\/p>\n<p style=\"text-align:justify;\">El l\u00edmite de 60 a\u00f1os conllev\u00f3 a excluir de la candidatura a valiosos cuadros que ocupan altas responsabilidades partidistas, estatales y gubernamentales con trayectoria y capacidad probada para integrar este organismo superior.<\/p>\n<p style=\"text-align:justify;\">Las normas que fijan los l\u00edmites de edades deber\u00e1n establecerse,conracionalidad,enlos documentos rectores del Partido y las organizaciones de masa y por decisi\u00f3n de la Asamblea Nacional abarcar igualmente a los organismos del Estado y el Gobierno, de manera que sean definidos con precisi\u00f3n los cargos cuyo desempe\u00f1o no debiera ejercerse por personas mayores de 70 a\u00f1os.<\/p>\n<p style=\"text-align:justify;\">El Congreso, al mismo tiempo, aprob\u00f3 emplear regulaciones m\u00e1s flexibles que permitir\u00e1n en este per\u00edodo de tr\u00e1nsito contar con reservas para la renovaci\u00f3n ulterior del Comit\u00e9 Central, sin tener que esperar al 8vo. Congreso.<\/p>\n<p style=\"text-align:justify;\">Considero necesario adem\u00e1s, seguir reforzando el funcionamiento de los diversos \u00f3rganos colegiados de que disponemos tanto en el Partido, el Estado y el Gobierno, de modo que las principales decisiones siempre sean fruto del an\u00e1lisis colectivo, que no excluya las discrepancias honestas ni las opiniones diferentes.<\/p>\n<p style=\"text-align:justify;\">El Bur\u00f3 Pol\u00edtico se compone de 17 miembros. Ingresaron cinco nuevos integrantes, las compa\u00f1eras Miriam Nicado Garc\u00eda, Teresa Amarelle Bou\u00e9 y Marta Ayala \u00c1vila y los compa\u00f1eros Ulises Guilarte de Nacimiento y Roberto Morales Ojeda.<\/p>\n<p style=\"text-align:justify;\">No son nada fortuitas ni improvisadas estas promociones.<\/p>\n<p style=\"text-align:justify;\">En el caso de la compa\u00f1era Miriam Nicado, es doctora en Ciencias Matem\u00e1ticas y ejerce desde hace cuatro a\u00f1os el cargo de Rectora de la Universidad de las Ciencias Inform\u00e1ticas (UCI). Con anterioridad, en la Universidad Central de Las Villas Marta Abreu, imparti\u00f3 la docencia como profesora y fue ascendiendo gradualmente a superiores responsabilidades hasta vicerrectora docente. Estudi\u00f3 cinco a\u00f1os en la Uni\u00f3n Sovi\u00e9tica y posteriormente un a\u00f1o m\u00e1s de la especialidad.<\/p>\n<p style=\"text-align:justify;\">La compa\u00f1era Teresa Amarelle es la Secretaria General de la Direcci\u00f3n Nacional de la Federaci\u00f3n de Mujeres Cubanasdesdeela\u00f1o2012.Fueprofesoradesecundaria b\u00e1sica pasando a realizar funciones profesionales en la UJC, donde se desempe\u00f1\u00f3 como segunda y primera secretaria del comit\u00e9 municipal de esa organizaci\u00f3n en Amancio Rodr\u00edguez. M\u00e1s adelante promovi\u00f3 de modo paulatino en el Partido del propio municipio y ocup\u00f3 el cargo de Primera Secretaria, tras lo cual fue elegida paraigualresponsabilidadanivelprovincialenLas Tunas.<\/p>\n<p style=\"text-align:justify;\">La Doctora en Ciencias Biol\u00f3gicas Marta Ayala \u2014creo que es la m\u00e1s joven, aunque entre mujeres de esas cosas no se deben hablar (Risas)\u2014 ha desarrollado una trayectoria ascendente en el Centro de Ingenier\u00eda Gen\u00e9tica y Biotecnolog\u00eda, que la condujo desde la plaza de aspirante a investigadora, jefa de laboratorio, vicedirectora hasta ser promovida recientemente a vicedirectora general de este importante centro cient\u00edfico, donde ha realizado investigaciones encaminadas a la creaci\u00f3n de vacunas para el tratamiento del c\u00e1ncer. En la actualidad es miembro del Comit\u00e9 Provincial del Partido en La Habana.<\/p>\n<p style=\"text-align:justify;\">Por su parte, el compa\u00f1ero Ulises Guilarte se desempe\u00f1a desde el 2013 como Secretario General de la Central de Trabajadores de Cuba. Ha ocupado diversas responsabilidades como dirigente sindical en Cienfuegos y Secretario General del Sindicato de la Construcci\u00f3n en La Habana. Posteriormente pas\u00f3 al trabajo del Partido como funcionario profesional y ejerci\u00f3 las funciones de vicejefe del Departamento de Industria y Construcciones del Comit\u00e9 Central y fue promovido a Primer Secretario del Comit\u00e9 provincial en La Habana y despu\u00e9s en la naciente y experimental provincia de Artemisa.<\/p>\n<p style=\"text-align:justify;\">Finalmente, el compa\u00f1ero Roberto Morales ha sido ministro de Salud P\u00fablica durante los \u00faltimos seis a\u00f1os. Al graduarse trabaj\u00f3 como m\u00e9dico de policl\u00ednico en el municipio de Rodas, Director de Salud P\u00fablica a ese nivel y m\u00e1s tarde en la provincia de Cienfuegos. En el Partido fuefuncionarioprofesionalaniveldemunicipioyprovincia y Primer Secretario en Cienfuegos hasta su designaci\u00f3n para integrar el Secretariado del Comit\u00e9 Central.<\/p>\n<p style=\"text-align:justify;\">Los cinco nuevos miembros del Bur\u00f3 Pol\u00edtico tienen tambi\u00e9n edades inferiores a 60 a\u00f1os, muestra de lo que podr\u00e1 ser toda nuestra direcci\u00f3n, de origen humilde, que trabajaron en la base, que fueron dirigentes pol\u00edticos en diferentes niveles hasta llegar a la m\u00e1xima direcci\u00f3n del Partido con una exquisita y profunda experiencia (Aplausos). Naturalmente, esas mismas condiciones est\u00e1n presentes en una gran parte o la mayor\u00eda del resto del Bur\u00f3 Pol\u00edtico, aunque no han tenido el mismo tr\u00e1nsito de forma met\u00f3dica como los anteriormente se\u00f1alados.Algunos nos desarrollamos sin carrera, pero a la carrera (Aplausos), y, como podr\u00e1n apreciar, acumulan una rica hoja de servicios desde la base, ejerciendo las profesiones de las que se graduaron en la universidad, no como se ha hecho muchas veces, que obtenemos el t\u00edtulo universitario, lo colocamos en la pared de la sala de nuestra residencia para exhibirlo, pero nunca hemos trabajado en la especialidad. Ya eso lo corregimos en el Congreso pasado y creo que ha dado buenos resultados. Debe trabajarse en la base, no puede haber dirigentes preconcebidos, todo el que se grad\u00fae por lo menos debe trabajar cinco a\u00f1os en la base en la especialidad por la que fue a la universidad, y gradualmente, seg\u00fan sus posibilidades promover, sin nunca dejar de estudiar, como siempre nos ense\u00f1\u00f3 Fidel, muy especialmente a los militares; un militar tiene que estudiar toda la vida, igual que un cuadro profesional del Partido, un dirigente de nuestro Estado, por una raz\u00f3n o por otra, en un lugar u otro y no vivir del t\u00edtulo colgado en la pared de la sala de nuestras casas.<\/p>\n<p style=\"text-align:justify;\">En mi caso agradezco el honor que significa haber sido elegido, por segunda vez, Primer Secretario del Comit\u00e9 Central del Partido Comunista de Cuba, con la certeza de que mi misi\u00f3n principal es defender, preservar y continuar perfeccionando el socialismo cubano y no permitir jam\u00e1s el retorno al capitalismo (Aplausos).<\/p>\n<p style=\"text-align:justify;\">Dentro del conjunto de tareas principales a mi cargo, dedicar\u00e9 el tiempo necesario al proceso de reforma de la Constituci\u00f3n de la Rep\u00fablica \u2014 que con un grupo de compa\u00f1eros algo hemos avanzado o por lo menos intercambiado opiniones\u2014 para introducirle los ajustes pertinentes, luego de 40 a\u00f1os de vigencia, a tono con los cambios acaecidos en el plano internacional y las modificaciones resultantes del proceso de actualizaci\u00f3n del modelo econ\u00f3mico y social que, naturalmente, hay que definir primero antes de proponernos llevarlo a la nueva Constituci\u00f3n.<\/p>\n<p style=\"text-align:justify;\">El desarrollo de la econom\u00eda nacional, junto a la lucha por la paz, la unidad y la firmeza ideol\u00f3gica, constituyen las misiones principales del Partido.<\/p>\n<p style=\"text-align:justify;\">Este concepto no puede quedarse como una simple frase, es preciso llenarlo de contenido concreto en acciones y medidas que permitan hacer realidad la visi\u00f3n de una naci\u00f3n soberana, independiente, socialista, democr\u00e1tica, pr\u00f3spera y sostenible (Aplausos).<\/p>\n<p style=\"text-align:justify;\">Antes de terminar, en nombre de los participantes en el Congreso y de todos los cubanos, deseo trasmitir nuestro apoyo a los pueblos hermanos del Tercer Mundo, en particular los de Am\u00e9rica Latina y el Caribe, que se enfrentan a las pretensiones de la derecha y el capital transnacional de enterrar los logros sociales alcanzados en d\u00e9cadas de lucha.<\/p>\n<p style=\"text-align:justify;\">Reiteramos la solidaridad de Cuba con el pueblo brasile\u00f1o y la presidenta constitucional <a href=\"http:\/\/localhost\/debateplural\/tag\/dilma-rousseff\">Dilma Rousseff<\/a>, que enfrenta un golpe de Estado parlamentario organizado por la derecha olig\u00e1rquica y neoliberal alentada por el imperialismo en contra de los avances pol\u00edticos y econ\u00f3micos y las conquistas sociales alcanzadas durante los gobiernos del Partido de los Trabajadores.<\/p>\n<p style=\"text-align:justify;\">Llegue tambi\u00e9n nuestro saludo fraternal a los partidos comunistas y otras fuerzas y partidos pol\u00edticos, movimientossociales y clases trabajadoras del planeta que luchan contra el hegemonismo imperialista, empe\u00f1ados en alcanzar una justicia social incluyente y convencidos de que un mundo mejor es posible.<\/p>\n<p style=\"text-align:justify;\">Ratifico todo nuestro respaldo al pueblo ecuatoriano, al presidente Rafael Correa y al gobierno de la Revoluci\u00f3n Ciudadana en estas dolorosas circunstancias. Nuestro equipo de rescatistas y el refuerzo de personal m\u00e9dico enviados el propio domingo ya se han unido a los m\u00e1s de 700 colaboradores que trabajan en ese hermano pa\u00eds en las labores de atenci\u00f3n a la poblaci\u00f3n afectada.<\/p>\n<p style=\"text-align:justify;\">Nos mantendremos en comunicaci\u00f3n con las autoridades ecuatorianas dispuestos a incrementar nuestro apoyo en todo lo posible.<\/p>\n<p style=\"text-align:justify;\">No olvidamos que hoy 19 de abril se conmemora el 55 aniversario de la victoria sobre la invasi\u00f3n mercenaria en Playa Gir\u00f3n, bajo la direcci\u00f3n directa en el teatro de operaciones del l\u00edder de la Revoluci\u00f3n Cubana, el compa\u00f1ero <a href=\"http:\/\/localhost\/debateplural\/tag\/fidel-castro\">Fidel Castro<\/a> Ruz (Aplausos prolongados), quien se ha mantenido al tanto de todo el desarrollo de este evento.<\/p>\n<p style=\"text-align:justify;\">Rendimos merecido homenaje a los ca\u00eddos en esta gesta hist\u00f3rica, al igual que a todos los que ofrendaron sus vidas en defensa de la Patria, la Revoluci\u00f3n y el Socialismo.<\/p>\n<p style=\"text-align:justify;\">Pocas jornadas nos separan del 1ro. de mayo, D\u00eda Internacional de los Trabajadores, ocasi\u00f3n que servir\u00e1 para mostrar al mundo, con la entusiasta y masiva participaci\u00f3n de los compatriotas a lo largo de todo el pa\u00eds, la unidad y el apoyo a los acuerdos adoptados por este Congreso y al rumbo socialista e\u00a0independiente de la Patria.<\/p>\n<p style=\"text-align:justify;\">Finalmente queremos agradecer de todo coraz\u00f3n al compa\u00f1ero Fidel por el esfuerzo que hizo y la satisfacci\u00f3n con que ley\u00f3 sus brillantes palabras ante nosotros.<\/p>\n","protected":false},"excerpt":{"rendered":"<p>Debateplural.com, comparte con los lectores el interesante discurso de Ra\u00fal Castro, titulado \"La Revoluci\u00f3n jam\u00e1s encontrar\u00e1 soluci\u00f3n a sus problemas de espaldas al pueblo\", publicado en el portal Cubadebate, en fecha 19 de abril de 2016. Discurso del General de Ej\u00e9rcito Ra\u00fal Castro Ruz, Primer Secretario del Comit\u00e9 Central del Partido Comunista de Cuba y [&hellip;]<\/p>\n","protected":false},"author":1,"featured_media":6858,"comment_status":"open","ping_status":"open","sticky":false,"template":"","format":"standard","meta":{"footnotes":""},"categories":[14,12],"tags":[20,32,33],"class_list":["post-4964","post","type-post","status-publish","format-standard","has-post-thumbnail","hentry","category-internacionales","category-politica-3","tag-cuba","tag-dilma-rousseff","tag-fidel-castro"],"_links":{"self":[{"href":"https:\/\/debateplural.net\/site\/wp-json\/wp\/v2\/posts\/4964"}],"collection":[{"href":"https:\/\/debateplural.net\/site\/wp-json\/wp\/v2\/posts"}],"about":[{"href":"https:\/\/debateplural.net\/site\/wp-json\/wp\/v2\/types\/post"}],"author":[{"embeddable":true,"href":"https:\/\/debateplural.net\/site\/wp-json\/wp\/v2\/users\/1"}],"replies":[{"embeddable":true,"href":"https:\/\/debateplural.net\/site\/wp-json\/wp\/v2\/comments?post=4964"}],"version-history":[{"count":1,"href":"https:\/\/debateplural.net\/site\/wp-json\/wp\/v2\/posts\/4964\/revisions"}],"predecessor-version":[{"id":6859,"href":"https:\/\/debateplural.net\/site\/wp-json\/wp\/v2\/posts\/4964\/revisions\/6859"}],"wp:featuredmedia":[{"embeddable":true,"href":"https:\/\/debateplural.net\/site\/wp-json\/wp\/v2\/media\/6858"}],"wp:attachment":[{"href":"https:\/\/debateplural.net\/site\/wp-json\/wp\/v2\/media?parent=4964"}],"wp:term":[{"taxonomy":"category","embeddable":true,"href":"https:\/\/debateplural.net\/site\/wp-json\/wp\/v2\/categories?post=4964"},{"taxonomy":"post_tag","embeddable":true,"href":"https:\/\/debateplural.net\/site\/wp-json\/wp\/v2\/tags?post=4964"}],"curies":[{"name":"wp","href":"https:\/\/api.w.org\/{rel}","templated":true}]}}