{"id":49651,"date":"2022-02-18T14:49:16","date_gmt":"2022-02-18T18:49:16","guid":{"rendered":"https:\/\/debateplural.com\/inicio\/?p=49651"},"modified":"2022-02-18T14:49:16","modified_gmt":"2022-02-18T18:49:16","slug":"la-rendicion-de-cuentas-del-general-juan-pablo-duarte","status":"publish","type":"post","link":"https:\/\/debateplural.net\/site\/2022\/02\/18\/la-rendicion-de-cuentas-del-general-juan-pablo-duarte\/","title":{"rendered":"La Rendici\u00f3n de Cuentas del General Juan Pablo Duarte"},"content":{"rendered":"<p>Por: Juan de la Cruz<\/p>\n<p>&nbsp;<\/p>\n<p>El patricio Juan Pablo Duarte defini\u00f3 al Gobierno dominicano como responsable en cuanto a sus actos, con lo cual asumi\u00f3 una de las principales caracter\u00edsticas de lo que los cl\u00e1sicos del derecho consideran un Gobierno virtuoso, su enfoque orientado a la frugalidad en el gasto del Estado.<\/p>\n<p>En su Proyecto de Ley Fundamental o Carta Magna, Duarte esboza el car\u00e1cter que deb\u00eda asumir todo gobierno resultante del proceso revolucionario conducido por los trinitarios, en consonancia con la voluntad lib\u00e9rrima del pueblo soberano, tal como lo concibi\u00f3 en su utop\u00eda:<\/p>\n<p>\u201c<em>Puesto que el gobierno se establece para bien general de la asociaci\u00f3n y de los asociados, el de la Naci\u00f3n Dominicana es y deber\u00e1 ser siempre y antes de todo, propio y jam\u00e1s ni nunca de imposici\u00f3n extra\u00f1a, bien sea \u00e9sta directa, indirecta, pr\u00f3xima o remotamente; es y deber\u00e1 ser siempre popular en cuanto a su origen; electivo en cuanto al modo de organizarle; representativo en cuanto a su esencia y responsable en cuanto a sus actos<\/em>\u201d (Duarte, 1999: 227).<\/p>\n<p><a href=\"http:\/\/localhost\/debateplural\/wp-content\/uploads\/2022\/01\/Juan-Pablo-Duarte.png\"><img loading=\"lazy\" decoding=\"async\" class=\"aligncenter size-full wp-image-49325\" src=\"http:\/\/localhost\/debateplural\/wp-content\/uploads\/2022\/01\/Juan-Pablo-Duarte.png\" alt=\"\" width=\"1912\" height=\"1048\" srcset=\"https:\/\/debateplural.net\/site\/wp-content\/uploads\/2022\/01\/Juan-Pablo-Duarte.png 1912w, https:\/\/debateplural.net\/site\/wp-content\/uploads\/2022\/01\/Juan-Pablo-Duarte-300x164.png 300w, https:\/\/debateplural.net\/site\/wp-content\/uploads\/2022\/01\/Juan-Pablo-Duarte-1024x561.png 1024w, https:\/\/debateplural.net\/site\/wp-content\/uploads\/2022\/01\/Juan-Pablo-Duarte-768x421.png 768w, https:\/\/debateplural.net\/site\/wp-content\/uploads\/2022\/01\/Juan-Pablo-Duarte-1536x842.png 1536w, https:\/\/debateplural.net\/site\/wp-content\/uploads\/2022\/01\/Juan-Pablo-Duarte-810x444.png 810w, https:\/\/debateplural.net\/site\/wp-content\/uploads\/2022\/01\/Juan-Pablo-Duarte-1140x625.png 1140w\" sizes=\"(max-width: 1912px) 100vw, 1912px\" \/><\/a><\/p>\n<p>Lo primero que debe hacer todo gobierno que se diga seguidor de la utop\u00eda de Duarte es garantizar la independencia absoluta de la Rep\u00fablica Dominicana y juntamente con esto haber recibido su poder como resultado del ejercicio soberano del pueblo, expresado en las urnas mediante el sufragio universal. Asimismo, producto de la ejercitaci\u00f3n democr\u00e1tica y participativa del pueblo, debe ser representativo del sentir nacional y local, al tiempo que bien responsable de sus actos.<\/p>\n<p>Los gobiernos que se han instalado en el pa\u00eds despu\u00e9s de la independencia nacional, en su generalidad y salvo honrosas excepciones, no han respondido a los principios fundamentales concebidos por Duarte en su Proyecto de Constituci\u00f3n; muy por el contrario, han sido fundamentalmente entreguistas y proimperialistas, antipopulares y represivos, fraudulentos e ileg\u00edtimos, no representativos de los intereses del pueblo, autoritarios, antidemocr\u00e1ticos y corruptos hasta la saciedad.<\/p>\n<p>Con ese mal comportamiento, la mayor parte de los gobiernos que hemos tenido han contravenido el principio de honradez proclamado y practicado coherentemente por Juan Pablo Duarte. La puesta en pr\u00e1ctica de este principio se evidenci\u00f3 con la designaci\u00f3n de Duarte en el rango de general de brigada adjunto al general Pedro Santana en la primera campa\u00f1a militar contra el ej\u00e9rcito haitiano, hacia el 21 de marzo de 1844, cuando \u00e9ste hab\u00eda abandonado a su suerte la ciudad de Azua, tras el resonante triunfo en la batalla del 19 de marzo.<\/p>\n<p>El general Santana rehus\u00f3 aceptar la propuesta formulada por el patricio encaminada a dise\u00f1ar conjuntamente un plan ofensivo para colocar a las tropas haitianas de aquel lado de la frontera dominico-haitiana. En cambio, Santana procedi\u00f3 a escribirle a la Junta Central Gubernativa para que solicitara el regreso de Duarte a Santo Domingo, ya que lo consideraba un estorbo para sus planes encaminados a lograr el protectorado con Francia, procediendo ese organismo d\u00edas despu\u00e9s a ejecutar dicho pedimento, bajo el argumento pueril de que su presencia era m\u00e1s necesaria en Santo Domingo que en Ban\u00ed y Azua.<\/p>\n<div id=\"attachment_49261\" style=\"width: 640px\" class=\"wp-caption aligncenter\"><a href=\"http:\/\/localhost\/debateplural\/wp-content\/uploads\/2022\/01\/RETRATO-DE-JUAN-PABLO-DUARTE-CON-LA-BANDERA-TRICOLOR-Y-SUS-LIBROS.jpg\"><img loading=\"lazy\" decoding=\"async\" aria-describedby=\"caption-attachment-49261\" class=\"size-full wp-image-49261\" src=\"http:\/\/localhost\/debateplural\/wp-content\/uploads\/2022\/01\/RETRATO-DE-JUAN-PABLO-DUARTE-CON-LA-BANDERA-TRICOLOR-Y-SUS-LIBROS.jpg\" alt=\"\" width=\"630\" height=\"415\" srcset=\"https:\/\/debateplural.net\/site\/wp-content\/uploads\/2022\/01\/RETRATO-DE-JUAN-PABLO-DUARTE-CON-LA-BANDERA-TRICOLOR-Y-SUS-LIBROS.jpg 630w, https:\/\/debateplural.net\/site\/wp-content\/uploads\/2022\/01\/RETRATO-DE-JUAN-PABLO-DUARTE-CON-LA-BANDERA-TRICOLOR-Y-SUS-LIBROS-300x198.jpg 300w\" sizes=\"(max-width: 630px) 100vw, 630px\" \/><\/a><p id=\"caption-attachment-49261\" class=\"wp-caption-text\">Retrato de Juan Pablo Duarte con la bandera tricolor y sus libros<\/p><\/div>\n<p>Junto al oficio en que se le design\u00f3 para tan alta y digna posici\u00f3n, a Duarte se le entreg\u00f3 la suma de mil pesos fuertes, de los cuales, en el trayecto de ida y vuelta a Sabana Buey, Ban\u00ed, tan s\u00f3lo gast\u00f3 $173.00, ofreciendo un informe detallado de todo lo gastado para racionar la tropa, para cubrir enfermedades, para gastos miscel\u00e1neos y para reconocer el buen comportamiento de algunos soldados y oficiales.<\/p>\n<p>Al regresar a Santo Domingo, Duarte procedi\u00f3 a entregar al Tesoro de la Rep\u00fablica, en la persona de Miguel Lavastida, la suma de $827.00, el 12 de abril de 1844. Este tipo de comportamiento no lo mostr\u00f3 nunca ni el general Pedro Santana ni otros oficiales que tuvieron una participaci\u00f3n destacada en la guerra de independencia. Asimismo, en \u00e9pocas posteriores, esa conducta no lo ha mostrado la mayor parte de los funcionarios civiles y militares que han estado al frente de la cosa p\u00fablica en los diferentes gobiernos que ha tenido la Rep\u00fablica Dominicana desde 1844 hasta la fecha.<\/p>\n<p>Ahora reproducimos \u00edntegramente el informe entregado por Duarte (1999: 204-207) al Tesorero de la Rep\u00fablica, Miguel Lavastida, el 12 de abril de 1844, tras su arribo a Santo Domingo procedente de Ban\u00ed, luego de que la Junta Central Gubernativa presidida por Tom\u00e1s Bobadilla y Briones le ordenara retornar a ocupar su posici\u00f3n de Comandante de la Plaza de Armas de esta ciudad centenaria:<\/p>\n<p>\u201cAbril 12 de abril de 1844<\/p>\n<p>Cuenta que present\u00f3 el Gl. Jn. Pablo Duarte a la Junta Gubernativa acerca de lo gastado por \u00e9l en la expedici\u00f3n a Ban\u00ed.<\/p>\n<p>Debe el General Duarte C\/C con el Erario P\u00fablico<\/p>\n<p>Debe \u00a0\u00a0\u00a0\u00a0\u00a0\u00a0\u00a0\u00a0\u00a0\u00a0\u00a0\u00a0\u00a0\u00a0\u00a0\u00a0\u00a0\u00a0\u00a0\u00a0\u00a0\u00a0\u00a0\u00a0\u00a0Haber<\/p>\n<p>Pesos mil que le fueron entregados<\/p>\n<p>para gastos de la Divisi\u00f3n que fue<\/p>\n<p>bajo su mando al Cant\u00f3n de Ban\u00ed $1000.00<\/p>\n<p>Marzo 23 Gastados en Haina&#8230;&#8230;&#8230;&#8230;&#8230;&#8230;&#8230;&#8230;&#8230;&#8230;&#8230;&#8230;&#8230;&#8230;&#8230;&#8230;&#8230;&#8230;&#8230;&#8230;&#8230;&#8230;&#8230;&#8230;&#8230;&#8230;$ 1.00<\/p>\n<p>Pitanza o sean raciones para el E. M. y agregados<\/p>\n<p>a \u00e9l desde su salida de Sto. Dom. hasta su vuelta&#8230;&#8230;&#8230;&#8230;&#8230;&#8230;&#8230;&#8230;&#8230;&#8230;&#8230;&#8230;&#8230;&#8230;&#8230;&#8230;.39.12<\/p>\n<p>14 hombres (sin contarse \u00e9l mismo) un peso de papel<\/p>\n<p>Blanco&#8230;&#8230;&#8230;&#8230;&#8230;&#8230;&#8230;&#8230;&#8230;&#8230;&#8230;&#8230;&#8230;&#8230;&#8230;&#8230;&#8230;&#8230;&#8230;&#8230;&#8230;&#8230;&#8230;&#8230;&#8230;&#8230;&#8230;&#8230;&#8230;&#8230;&#8230;&#8230;&#8230;&#8230;&#8230;&#8230;&#8230;&#8230;1. 00<\/p>\n<p>A ocho militares para pan o bastimento&#8230;&#8230;&#8230;&#8230;&#8230;&#8230;&#8230;&#8230;&#8230;&#8230;&#8230;&#8230;&#8230;&#8230;&#8230;&#8230;&#8230;&#8230;&#8230;&#8230;&#8230;.1. 00<\/p>\n<p>Al Sargento Capri una raci\u00f3n atrasada&#8230;&#8230;&#8230;&#8230;&#8230;&#8230;&#8230;&#8230;&#8230;&#8230;&#8230;&#8230;&#8230;&#8230;&#8230;&#8230;&#8230;&#8230;&#8230;&#8230;&#8230;.50.00<\/p>\n<p>Ma\u00edz&#8230;&#8230;&#8230;&#8230;&#8230;&#8230;&#8230;&#8230;&#8230;&#8230;&#8230;&#8230;&#8230;&#8230;&#8230;&#8230;&#8230;&#8230;&#8230;&#8230;&#8230;&#8230;&#8230;&#8230;&#8230;&#8230;&#8230;&#8230;&#8230;&#8230;&#8230;&#8230;&#8230;&#8230;&#8230;&#8230;&#8230;&#8230;&#8230;2. 00<\/p>\n<p>Al Bn. Castillo, gratificaci\u00f3n, por su buen<\/p>\n<p>comportamiento para con los habitantes, sin estar<\/p>\n<p>racionado&#8230;&#8230;&#8230;&#8230;&#8230;&#8230;&#8230;&#8230;&#8230;&#8230;&#8230;&#8230;&#8230;&#8230;&#8230;&#8230;&#8230;&#8230;&#8230;&#8230;&#8230;&#8230;&#8230;&#8230;&#8230;&#8230;&#8230;&#8230;&#8230;&#8230;&#8230;&#8230;&#8230;&#8230;&#8230;&#8230;10.00<\/p>\n<p>1 lata aceite almendras&#8230;&#8230;&#8230;&#8230;&#8230;&#8230;&#8230;&#8230;&#8230;&#8230;&#8230;&#8230;&#8230;&#8230;&#8230;&#8230;&#8230;&#8230;&#8230;&#8230;&#8230;&#8230;&#8230;&#8230;&#8230;&#8230;&#8230;&#8230;&#8230;&#8230;1.50<\/p>\n<p>Pl\u00e1tanos para racionar las tropas&#8230;&#8230;&#8230;&#8230;&#8230;&#8230;&#8230;&#8230;&#8230;&#8230;&#8230;&#8230; &#8230;&#8230;&#8230;&#8230;&#8230;&#8230;&#8230;&#8230;&#8230;&#8230;&#8230;&#8230;&#8230;2.00<\/p>\n<p>Id. Id. Id&#8230;&#8230;&#8230;&#8230;&#8230;&#8230;&#8230;&#8230;&#8230;&#8230;&#8230;&#8230;&#8230;&#8230;&#8230;&#8230;&#8230;&#8230;&#8230;&#8230;&#8230;&#8230;&#8230;&#8230;&#8230;&#8230;&#8230;&#8230;&#8230;&#8230;&#8230;&#8230;&#8230;&#8230;&#8230;&#8230;&#8230;..6.00<\/p>\n<p>Un novillo Id&#8230;&#8230;&#8230;&#8230;&#8230;&#8230;&#8230;&#8230;&#8230;&#8230;&#8230;&#8230;&#8230;&#8230;&#8230;&#8230;&#8230;&#8230;&#8230;&#8230;&#8230;. &#8230;&#8230;&#8230;&#8230;&#8230;&#8230;&#8230;&#8230;&#8230;&#8230;&#8230;&#8230;..20.00<\/p>\n<p>\u00bd qqt. Az\u00facar&#8230;&#8230;&#8230;&#8230;&#8230;&#8230;&#8230;&#8230;&#8230;&#8230;&#8230;&#8230;&#8230;&#8230;&#8230;&#8230;&#8230;&#8230;&#8230;&#8230;&#8230;&#8230;&#8230;&#8230;&#8230;&#8230;&#8230;&#8230;&#8230;&#8230;&#8230;&#8230;&#8230;&#8230;..4.00<\/p>\n<p>4 platos de hoja de lata&#8230;&#8230;&#8230;&#8230;&#8230;&#8230;&#8230;&#8230;&#8230;&#8230;&#8230;&#8230;&#8230;&#8230;&#8230;&#8230;&#8230;&#8230;&#8230;&#8230;&#8230;&#8230;&#8230;&#8230;&#8230;&#8230;&#8230;&#8230;&#8230;&#8230;.4.00<\/p>\n<p>Al Comte. Pina a Cta&#8230;&#8230;&#8230;&#8230;&#8230;&#8230;&#8230;&#8230;&#8230;&#8230;&#8230;&#8230;&#8230;&#8230;&#8230;&#8230;&#8230;&#8230;&#8230;&#8230;&#8230;&#8230;&#8230;&#8230;&#8230;&#8230;&#8230;&#8230;&#8230;&#8230;.50.00<\/p>\n<p>2 cueros para las Cajas&#8230;&#8230;&#8230;&#8230;&#8230;&#8230;&#8230;&#8230;&#8230;&#8230;&#8230;&#8230;&#8230;&#8230;&#8230;&#8230;&#8230;&#8230;&#8230;&#8230;&#8230;&#8230;&#8230;&#8230;&#8230;&#8230;&#8230;&#8230;&#8230;&#8230;.1.00<\/p>\n<p>En velas&#8230;&#8230;&#8230;&#8230;&#8230;&#8230;&#8230;&#8230;&#8230;&#8230;&#8230;&#8230;&#8230;&#8230;&#8230;&#8230;&#8230;&#8230;&#8230;&#8230;&#8230;&#8230;&#8230;&#8230;&#8230;&#8230;&#8230;&#8230;&#8230;&#8230;&#8230;&#8230;&#8230;&#8230;&#8230;&#8230;&#8230;..3.88<\/p>\n<p>Al Capn. Mart\u00edn Gir\u00f3n, enfermo&#8230;&#8230;&#8230;&#8230;&#8230;&#8230;&#8230;&#8230;&#8230;&#8230;&#8230;&#8230;&#8230;&#8230;&#8230;&#8230;&#8230;&#8230;&#8230;&#8230;&#8230;&#8230;&#8230;&#8230;.16.00<\/p>\n<p>A Ram\u00edrez, miembro de la Central&#8230;&#8230;&#8230;&#8230;&#8230;&#8230;&#8230;&#8230;&#8230;&#8230;&#8230;&#8230;&#8230;&#8230;&#8230;&#8230;&#8230;&#8230;&#8230;&#8230;&#8230;&#8230;&#8230;.10.00<\/p>\n<p>__________<\/p>\n<p>$173.00<\/p>\n<p>Entregados al Tesoro&#8230;&#8230;&#8230;&#8230;&#8230;&#8230;&#8230;&#8230;&#8230;&#8230;&#8230;&#8230;&#8230;&#8230;&#8230;&#8230;&#8230;&#8230;&#8230;&#8230;&#8230;&#8230;&#8230;&#8230;&#8230;&#8230;&#8230;&#8230;&#8230;..827.00<\/p>\n<p>__________<\/p>\n<p>$1000.00<\/p>\n<p>\u201cRecib\u00ed del Gral. Duarte, la suma de ochocientos veinte y siete pesos, para ser entregados en la Tesorer\u00eda de esta Ciudad.<\/p>\n<ol>\n<li>Lavastida<\/li>\n<\/ol>\n<p>12 Abril 1844.\u201d<\/p>\n<div id=\"attachment_49652\" style=\"width: 838px\" class=\"wp-caption aligncenter\"><a href=\"http:\/\/localhost\/debateplural\/wp-content\/uploads\/2022\/02\/Rendicion-de-Cuentas-de-Duarte-por-Camara-de-Cuentas.jpeg\"><img loading=\"lazy\" decoding=\"async\" aria-describedby=\"caption-attachment-49652\" class=\"size-full wp-image-49652\" src=\"http:\/\/localhost\/debateplural\/wp-content\/uploads\/2022\/02\/Rendicion-de-Cuentas-de-Duarte-por-Camara-de-Cuentas.jpeg\" alt=\"\" width=\"828\" height=\"626\" srcset=\"https:\/\/debateplural.net\/site\/wp-content\/uploads\/2022\/02\/Rendicion-de-Cuentas-de-Duarte-por-Camara-de-Cuentas.jpeg 828w, https:\/\/debateplural.net\/site\/wp-content\/uploads\/2022\/02\/Rendicion-de-Cuentas-de-Duarte-por-Camara-de-Cuentas-300x227.jpeg 300w, https:\/\/debateplural.net\/site\/wp-content\/uploads\/2022\/02\/Rendicion-de-Cuentas-de-Duarte-por-Camara-de-Cuentas-768x581.jpeg 768w, https:\/\/debateplural.net\/site\/wp-content\/uploads\/2022\/02\/Rendicion-de-Cuentas-de-Duarte-por-Camara-de-Cuentas-810x612.jpeg 810w\" sizes=\"(max-width: 828px) 100vw, 828px\" \/><\/a><p id=\"caption-attachment-49652\" class=\"wp-caption-text\">Rendici\u00f3n de Cuentas de Duarte por C\u00e1mara de Cuentas<\/p><\/div>\n<p>Con estas \u00faltimas palabras lapidarias el tesorero Miguel Lavastida confirm\u00f3 que la Tesorer\u00eda de la ciudad de Santo Domingo recibi\u00f3 del General Juan Pablo Duarte la suma de RD$ 827 pesos.<\/p>\n<p>Esta pr\u00e1ctica pol\u00edtica del patricio Juan Pablo Duarte pone de manifiesto claramente que todos los servidores p\u00fablicos deben administrar de forma pulcra los recursos del Estado y lograr una mayor inversi\u00f3n social p\u00fablica en beneficio de las grandes mayor\u00edas del pueblo dominicano.<\/p>\n<p>El Bar\u00f3n de Montesquieu en su obra Del Esp\u00edritu de las Leyes (2005, Tomo I: 78-79), esboz\u00f3 una concepci\u00f3n similar a la practicada por el patricio Juan Pablo Duarte, cuando expres\u00f3:<\/p>\n<p>\u201c<em>Las buenas democracias, al establecer la frugalidad dom\u00e9stica, abr\u00edan las puertas a los gastos p\u00fablicos, como se hizo en Atenas y Roma. En tal caso, la magnificencia y la profusi\u00f3n nac\u00edan del fondo de la misma frugalidad; y del mismo modo que la religi\u00f3n ordena que se tengan las manos puras para ofrecer sacrificios a los dioses, las leyes requer\u00edan costumbres frugales para que se pudiese dar algo a la patria\u2026 Cuando se vive en una sociedad en la que las leyes han establecido la igualdad y la frugalidad, estas mismas virtudes son el excitante del amor que nace por ellas<\/em>\u201d.<\/p>\n<p>La frugalidad en el gasto lo demostr\u00f3 claramente el patricio Juan Pablo Duarte cuando era General de Brigada, Comandante del Departamento de Santo Domingo y miembro de la Junta Central Gubernativa, al ser designado el 21 de marzo de 1844 como oficial superior adjunto al General Pedro Santana para cooperar en \u201c<em>la defensa de la Patria en la agresi\u00f3n que nos han hecho los haitianos<\/em>\u201d (Duarte, 1999: 203).<\/p>\n<div id=\"attachment_49260\" style=\"width: 650px\" class=\"wp-caption aligncenter\"><a href=\"http:\/\/localhost\/debateplural\/wp-content\/uploads\/2022\/01\/DUARTE-CONTEMPLANDO-EN-NACIMIENTO-DE-LA-REPUBLICA-DE-LUIS-DESANGLES.jpg\"><img loading=\"lazy\" decoding=\"async\" aria-describedby=\"caption-attachment-49260\" class=\"size-full wp-image-49260\" src=\"http:\/\/localhost\/debateplural\/wp-content\/uploads\/2022\/01\/DUARTE-CONTEMPLANDO-EN-NACIMIENTO-DE-LA-REPUBLICA-DE-LUIS-DESANGLES.jpg\" alt=\"\" width=\"640\" height=\"510\" srcset=\"https:\/\/debateplural.net\/site\/wp-content\/uploads\/2022\/01\/DUARTE-CONTEMPLANDO-EN-NACIMIENTO-DE-LA-REPUBLICA-DE-LUIS-DESANGLES.jpg 640w, https:\/\/debateplural.net\/site\/wp-content\/uploads\/2022\/01\/DUARTE-CONTEMPLANDO-EN-NACIMIENTO-DE-LA-REPUBLICA-DE-LUIS-DESANGLES-300x239.jpg 300w\" sizes=\"(max-width: 640px) 100vw, 640px\" \/><\/a><p id=\"caption-attachment-49260\" class=\"wp-caption-text\">Duarte contemplando el nacimiento de la Rep\u00fablica de Luis Desangles<\/p><\/div>\n<p>En su rendici\u00f3n de cuentas, Duarte procedi\u00f3 a hacer una relaci\u00f3n pormenorizada de los gastos en que incurri\u00f3 para la adquisici\u00f3n de raciones alimenticias para los miembros de su tropa, gastos miscel\u00e1neos, entrega de recursos para emular el comportamiento de algunos miembros de sus tropas y para encarar las enfermedades que padecieron algunos soldados, clases y oficiales.<\/p>\n<p>Ese nivel de frugalidad, transparencia, pulcritud, honestidad y rendici\u00f3n de cuentas oportuna en el manejo de los fondos p\u00fablicos es un ejemplo imperecedero del patricio Juan Pablo Duarte para las presentes y futuras generaciones de Rep\u00fablica Dominicana en torno a c\u00f3mo se debe proceder en el uso transparente y pulcro de los recursos del Estado, para de esa manera hacer honor a su perspectiva \u00e9tica de la pol\u00edtica cuando expres\u00f3:<\/p>\n<p>\u201c<em>La Pol\u00edtica no es una especulaci\u00f3n; es la Ciencia m\u00e1s pura y la m\u00e1s digna, despu\u00e9s de la Filosof\u00eda, de ocupar las inteligencias nobles<\/em>\u201d (Vetilio Alfau Dur\u00e1n, 1998: 25).<\/p>\n<p>&nbsp;<\/p>\n","protected":false},"excerpt":{"rendered":"<p>Por: Juan de la Cruz &nbsp; El patricio Juan Pablo Duarte defini\u00f3 al Gobierno dominicano como responsable en cuanto a sus actos, con lo cual asumi\u00f3 una de las principales caracter\u00edsticas de lo que los cl\u00e1sicos del derecho consideran un Gobierno virtuoso, su enfoque orientado a la frugalidad en el gasto del Estado. En su [&hellip;]<\/p>\n","protected":false},"author":9,"featured_media":49572,"comment_status":"open","ping_status":"open","sticky":false,"template":"","format":"standard","meta":{"footnotes":""},"categories":[5,17],"tags":[],"class_list":["post-49651","post","type-post","status-publish","format-standard","has-post-thumbnail","hentry","category-nacionales","category-sociedad"],"_links":{"self":[{"href":"https:\/\/debateplural.net\/site\/wp-json\/wp\/v2\/posts\/49651"}],"collection":[{"href":"https:\/\/debateplural.net\/site\/wp-json\/wp\/v2\/posts"}],"about":[{"href":"https:\/\/debateplural.net\/site\/wp-json\/wp\/v2\/types\/post"}],"author":[{"embeddable":true,"href":"https:\/\/debateplural.net\/site\/wp-json\/wp\/v2\/users\/9"}],"replies":[{"embeddable":true,"href":"https:\/\/debateplural.net\/site\/wp-json\/wp\/v2\/comments?post=49651"}],"version-history":[{"count":1,"href":"https:\/\/debateplural.net\/site\/wp-json\/wp\/v2\/posts\/49651\/revisions"}],"predecessor-version":[{"id":49653,"href":"https:\/\/debateplural.net\/site\/wp-json\/wp\/v2\/posts\/49651\/revisions\/49653"}],"wp:featuredmedia":[{"embeddable":true,"href":"https:\/\/debateplural.net\/site\/wp-json\/wp\/v2\/media\/49572"}],"wp:attachment":[{"href":"https:\/\/debateplural.net\/site\/wp-json\/wp\/v2\/media?parent=49651"}],"wp:term":[{"taxonomy":"category","embeddable":true,"href":"https:\/\/debateplural.net\/site\/wp-json\/wp\/v2\/categories?post=49651"},{"taxonomy":"post_tag","embeddable":true,"href":"https:\/\/debateplural.net\/site\/wp-json\/wp\/v2\/tags?post=49651"}],"curies":[{"name":"wp","href":"https:\/\/api.w.org\/{rel}","templated":true}]}}