{"id":4978,"date":"2016-04-21T09:47:58","date_gmt":"2016-04-21T13:47:58","guid":{"rendered":"http:\/\/debateplural.com\/?p=4978"},"modified":"2016-06-23T13:47:26","modified_gmt":"2016-06-23T13:47:26","slug":"fernando-lugo-el-caso-de-brasil-puede-extenderse-a-otros-paises-latinoamericanos","status":"publish","type":"post","link":"https:\/\/debateplural.net\/site\/2016\/04\/21\/fernando-lugo-el-caso-de-brasil-puede-extenderse-a-otros-paises-latinoamericanos\/","title":{"rendered":"Fernando Lugo: \"El caso de Brasil puede extenderse a otros pa\u00edses latinoamericanos\""},"content":{"rendered":"<div id=\"attachment_4979\" style=\"width: 652px\" class=\"wp-caption aligncenter\"><img loading=\"lazy\" decoding=\"async\" aria-describedby=\"caption-attachment-4979\" class=\"size-full wp-image-4979\" src=\"http:\/\/tripletecnologia.com\/website\/debateplural\/wp-content\/uploads\/2016\/04\/fernando-lugo-1.jpg\" alt=\"Fernando Lugo\" width=\"642\" height=\"378\" \/><p id=\"caption-attachment-4979\" class=\"wp-caption-text\">Fernando Lugo<\/p><\/div>\n<p style=\"text-align:justify;\">Fernando Lugo, expresidente de Paraguay destituido en 2012, sabe mejor que nadie lo que es un proceso de destituci\u00f3n como el que enfrenta hoy la presidenta de<a href=\"http:\/\/localhost\/debateplural\/tag\/brasil\"> Brasil.<\/a> En exclusiva para RT Lugo explica por qu\u00e9, aunque sea legal, no cree leg\u00edtimo un proceso en que ve la bendici\u00f3n de <a href=\"http:\/\/localhost\/debateplural\/tag\/estados-unidos\">Estados Unidos<\/a>. y las posibilidades de que se extienda a otros gobiernos progresistas. El actual senador paraguayo afirma que su pueblo lo quiere otra vez al frente del pa\u00eds, y habla de los cambios que este necesita.<!--more--><\/p>\n<p><iframe loading=\"lazy\" width=\"810\" height=\"456\" src=\"https:\/\/www.youtube.com\/embed\/ht8ICuHZfHk?feature=oembed\" frameborder=\"0\" allowfullscreen><\/iframe><\/p>\n<p style=\"text-align:justify;\">El expresidente de Paraguay Fernando Lugo ha declarado en exclusiva a RT que el caso de Brasil puede extenderse \"sin duda alguna\" a otros pa\u00edses progresistas de Am\u00e9rica Latina. \"Con <a href=\"http:\/\/localhost\/debateplural\/tag\/evo-morales\">Evo Morales<\/a> lo han intentado varias veces, con Correa tambi\u00e9n (&#8230;) los que est\u00e1n con cierta tranquilidad son Tabar\u00e9 en el Uruguay, que fue reelecto, Michelle Bachelet en Chile, apunta el senador.<\/p>\n<p style=\"text-align:justify;\">\"Cuando los modelos se contraponen y son totalmente diferentes, con un itinerario marcado por la participaci\u00f3n popular, donde la identidad ciudadana de los pa\u00edses se fortalece, donde los principios de autodeterminaci\u00f3n, de independencia, y, sobre todo, de soberan\u00eda econ\u00f3mica, cultural y pol\u00edtica [son fuertes], sin duda las injerencias extranjeras siempre tuvieron un papel preponderante\", sostiene Lugo.<\/p>\n<p style=\"text-align:justify;\"><strong>Un Brasil fuerte, un acto de rebeld\u00eda frente a EE.UU.<\/strong><\/p>\n<p style=\"text-align:justify;\">\"Am\u00e9rica Latina, con los esfuerzos que ha hecho de integraci\u00f3n en el Mercosur, en el UNASUR, Celac, etc., momentos de integraci\u00f3n y de construir la Patria Grande, se ha considerado como una especie de rebeld\u00eda al imperio del norte\", ha afirmado el expresidente. \"Tiene sus consecuencias\", ha asegurado.<\/p>\n<p style=\"text-align:justify;\">Seg\u00fan Lugo, Brasil, como \"potencia econ\u00f3mica, pol\u00edtica, emergente a nivel mundial, con un liderazgo claro del compa\u00f1ero Lula da Silva, y su sucesora,<a href=\"http:\/\/localhost\/debateplural\/tag\/dilma-rousseff\"> Dilma Rousseff\"<\/a>, pretende \"cambiar la situaci\u00f3n y a disputar el protagonismo y el liderazgo de la regi\u00f3n\".<\/p>\n<p style=\"text-align:justify;\"><strong>EE.UU.: \u00bfPapel activo en la destituci\u00f3n de Dilma?<\/strong><\/p>\n<p style=\"text-align:justify;\">El expresidente paraguayo indica que el proceso de destituci\u00f3n de Dilma tiene el favor de EE.UU. ya que, \"cuando ellos no quieren, no suceden estas cosas\". \"Tienen los mecanismos, la fuerza, la potestad, el di\u00e1logo y la diplomacia como para no romper procesos democr\u00e1ticos construidos con un gran esfuerzo en la regi\u00f3n\", destaca.<\/p>\n<p style=\"text-align:justify;\">Asimismo, Lugo sostiene que aunque sea legal, no es leg\u00edtimo intentar sacar del poder a una presidenta \"elegida democr\u00e1ticamente en unas elecciones libres\" a mitad de mandato \"por una oposici\u00f3n que se ha unido coyunturalmente y por querer cambiar modelos\". El exmandatario latinoamericano defiende que la imputaci\u00f3n de Luiz Inacio Lula da Silva fue \"un entramado preparado, un libreto hecho\".<\/p>\n","protected":false},"excerpt":{"rendered":"<p>Fernando Lugo, expresidente de Paraguay destituido en 2012, sabe mejor que nadie lo que es un proceso de destituci\u00f3n como el que enfrenta hoy la presidenta de Brasil. En exclusiva para RT Lugo explica por qu\u00e9, aunque sea legal, no cree leg\u00edtimo un proceso en que ve la bendici\u00f3n de Estados Unidos. y las posibilidades [&hellip;]<\/p>\n","protected":false},"author":1,"featured_media":6854,"comment_status":"open","ping_status":"open","sticky":false,"template":"","format":"standard","meta":{"footnotes":""},"categories":[14,12],"tags":[22,32,8,62],"class_list":["post-4978","post","type-post","status-publish","format-standard","has-post-thumbnail","hentry","category-internacionales","category-politica-3","tag-brasil","tag-dilma-rousseff","tag-estados-unidos","tag-evo-morales"],"_links":{"self":[{"href":"https:\/\/debateplural.net\/site\/wp-json\/wp\/v2\/posts\/4978"}],"collection":[{"href":"https:\/\/debateplural.net\/site\/wp-json\/wp\/v2\/posts"}],"about":[{"href":"https:\/\/debateplural.net\/site\/wp-json\/wp\/v2\/types\/post"}],"author":[{"embeddable":true,"href":"https:\/\/debateplural.net\/site\/wp-json\/wp\/v2\/users\/1"}],"replies":[{"embeddable":true,"href":"https:\/\/debateplural.net\/site\/wp-json\/wp\/v2\/comments?post=4978"}],"version-history":[{"count":1,"href":"https:\/\/debateplural.net\/site\/wp-json\/wp\/v2\/posts\/4978\/revisions"}],"predecessor-version":[{"id":6855,"href":"https:\/\/debateplural.net\/site\/wp-json\/wp\/v2\/posts\/4978\/revisions\/6855"}],"wp:featuredmedia":[{"embeddable":true,"href":"https:\/\/debateplural.net\/site\/wp-json\/wp\/v2\/media\/6854"}],"wp:attachment":[{"href":"https:\/\/debateplural.net\/site\/wp-json\/wp\/v2\/media?parent=4978"}],"wp:term":[{"taxonomy":"category","embeddable":true,"href":"https:\/\/debateplural.net\/site\/wp-json\/wp\/v2\/categories?post=4978"},{"taxonomy":"post_tag","embeddable":true,"href":"https:\/\/debateplural.net\/site\/wp-json\/wp\/v2\/tags?post=4978"}],"curies":[{"name":"wp","href":"https:\/\/api.w.org\/{rel}","templated":true}]}}