{"id":49890,"date":"2022-03-29T13:14:48","date_gmt":"2022-03-29T17:14:48","guid":{"rendered":"https:\/\/debateplural.com\/inicio\/?p=49890"},"modified":"2022-03-29T13:14:48","modified_gmt":"2022-03-29T17:14:48","slug":"aporte-de-la-batalla-del-30-de-marzo-de-1844-a-la-consolidacion-de-la-independencia-dominicana","status":"publish","type":"post","link":"https:\/\/debateplural.net\/site\/2022\/03\/29\/aporte-de-la-batalla-del-30-de-marzo-de-1844-a-la-consolidacion-de-la-independencia-dominicana\/","title":{"rendered":"Aporte de la Batalla del 30 de marzo de 1844 a la Consolidaci\u00f3n de la Independencia Dominicana"},"content":{"rendered":"<p><strong>Por Juan de la Cruz<\/strong><\/p>\n<p>&nbsp;<\/p>\n<p>Las acciones de Talanquera (Dajab\u00f3n) y Escalante (Guayub\u00edn-Montecristi), realizadas por la avanzada de las tropas dominicanas dirigidas por el general Francisco Antonio Salcedo con apenas 500 soldados, permitieron distraer en su camino hacia Santiago de los Caballeros a la fuerza superior de las tropas haitianas comandadas por el General Jean-Louis Pierrot, de aproximadamente 10,000 soldados. Los patriotas dominicanos lograron su prop\u00f3sito, al conseguir que las tropas haitianas en lugar de llegar en dos o tres d\u00edas a Santiago lo hicieran en diez d\u00edas, d\u00e1ndole el tiempo requerido a la Comandancia General para organizar la defensa de esa importante ciudad del Cibao.<\/p>\n<p>Despu\u00e9s de cambiar en reiteradas ocasiones al comandante de la Plaza de Armas de Santiago, se hizo cargo de la misma el general Jos\u00e9 Mar\u00eda Imbert, quien hab\u00eda sido jefe del movimiento independentista en Moca y sobre quien recay\u00f3 la responsabilidad de organizar la resistencia frente a las numerosas tropas enemigas, ya que en ese momento, los delegados gubernamentales en el Cibao, generales Ram\u00f3n Mat\u00edas Mella, Pedro Ram\u00f3n de Mena y Francisco V\u00e1squez, se encontraban, junto al capit\u00e1n Jos\u00e9 Desiderio Valverde, en San Jos\u00e9 de las Matas, reclutando tropas y organizando las defensas en la Sierra (lado norte de la Cordillera Central), ya que se esperaba que la invasi\u00f3n haitiana se produjera por el camino de la monta\u00f1a.<\/p>\n<p>Desde el 27 de marzo de 1844, el general Imbert hab\u00eda iniciado el proceso de organizaci\u00f3n de la defensa de la Plaza de Armas de Santiago, acogiendo la recomendaci\u00f3n del ciudadano brit\u00e1nico -nacionalizado dominicano-, Teodoro Stanley Heneken, quien hab\u00eda arribado al pa\u00eds desde Cabo Haitiano con importantes informaciones sobre la disposici\u00f3n de la ofensiva haitiana y le sugiri\u00f3 que era necesario concentrar la mayor fuerza posible para resistirla en Santiago a toda costa, ya que las fuerzas dominicanas de Talanquera y Escalante no hab\u00edan tenido \u00e9xito en aplicar el m\u00e9todo de guerra de guerrillas para detener su avance.<\/p>\n<div id=\"attachment_49892\" style=\"width: 630px\" class=\"wp-caption aligncenter\"><a href=\"http:\/\/localhost\/debateplural\/wp-content\/uploads\/2022\/03\/Batalla-del-30-de-Marzo.jpg\"><img loading=\"lazy\" decoding=\"async\" aria-describedby=\"caption-attachment-49892\" class=\"size-full wp-image-49892\" src=\"http:\/\/localhost\/debateplural\/wp-content\/uploads\/2022\/03\/Batalla-del-30-de-Marzo.jpg\" alt=\"\" width=\"620\" height=\"349\" srcset=\"https:\/\/debateplural.net\/site\/wp-content\/uploads\/2022\/03\/Batalla-del-30-de-Marzo.jpg 620w, https:\/\/debateplural.net\/site\/wp-content\/uploads\/2022\/03\/Batalla-del-30-de-Marzo-300x169.jpg 300w\" sizes=\"(max-width: 620px) 100vw, 620px\" \/><\/a><p id=\"caption-attachment-49892\" class=\"wp-caption-text\">Batalla del 30 de Marzo<\/p><\/div>\n<p>A pesar de haber logrado la Rep\u00fablica Dominicana un triunfo convincente el 19 de marzo de 1844 en la ciudad de Azua frente a las tropas haitianas del presidente Rivi\u00e9re H\u00e9rard, la situaci\u00f3n de los patriotas dominicanos en Santiago de los Caballeros era sumamente angustiosa. As\u00ed lo revela un documento in\u00e9dito fechado el 29 de marzo de 1844 enviado por la Junta Central Gubernativa -bajo la firma de los sectores conservadores que la integraban- al C\u00f3nsul de Francia en Santo Domingo, Eustache Juchereau Saint Denys, en los siguientes t\u00e9rminos:<\/p>\n<p>\u201c<em>DIOS, PATRIA Y LIBERTAD <\/em><\/p>\n<p><em>Santo Domingo, 29 de marzo de 1844. <\/em><\/p>\n<p><em>La Junta Central Gubernativa al Sr. C\u00f3nsul de Francia en esta ciudad. <\/em><\/p>\n<p><em>Se\u00f1or: <\/em><\/p>\n<p><em>En las actuales circunstancias, estando nuestras fronteras del Sud y del Norte invadidas por los ej\u00e9rcitos haitianos que no conocen sino el pillaje y la devastaci\u00f3n, y sabiendo que el Almirante(<a href=\"#_ftn1\" name=\"_ftnref1\"><sup><strong>[1]<\/strong><\/sup><\/a>) se encuentra a bordo de la fragata que ha anclado esta ma\u00f1ana, pensamos que es indispensable, si la magn\u00e1nima naci\u00f3n francesa quiere venir en ayuda de nuestra noble causa, dar curso a nuestras iniciadas negociaciones, para detener los criminales prop\u00f3sitos de nuestros opresores, que no llegar\u00edan sino en \u00faltimo extremo a exterminar toda la poblaci\u00f3n de Santo Domingo. <\/em><\/p>\n<p><em>En esta perplejidad, nosotros deseamos tener hoy con Ud. y con el Sr. Almirante explicaciones que podr\u00edan ser \u00fatiles a su naci\u00f3n y a la nuestra. <\/em><\/p>\n<p><em>Nosotros esperamos etc. etc. <\/em><\/p>\n<p><em>El Presidente de la Junta, (firmados) Bobadilla, Jimenes, Moreno, Echavarr\u00eda, Delorve, Mercenario, Caminero, Valverde, Medrano. El Secretario de la Junta, Pujol<\/em>\u201d (Emilio Rodr\u00edguez Demorizi, 1957, p\u00e1gs. 396-397).<\/p>\n<div id=\"attachment_49893\" style=\"width: 683px\" class=\"wp-caption aligncenter\"><a href=\"http:\/\/localhost\/debateplural\/wp-content\/uploads\/2022\/03\/GENERAL-ANTONIO-DUVERGE.jpg\"><img loading=\"lazy\" decoding=\"async\" aria-describedby=\"caption-attachment-49893\" class=\"size-full wp-image-49893\" src=\"http:\/\/localhost\/debateplural\/wp-content\/uploads\/2022\/03\/GENERAL-ANTONIO-DUVERGE.jpg\" alt=\"\" width=\"673\" height=\"779\" srcset=\"https:\/\/debateplural.net\/site\/wp-content\/uploads\/2022\/03\/GENERAL-ANTONIO-DUVERGE.jpg 673w, https:\/\/debateplural.net\/site\/wp-content\/uploads\/2022\/03\/GENERAL-ANTONIO-DUVERGE-259x300.jpg 259w\" sizes=\"(max-width: 673px) 100vw, 673px\" \/><\/a><p id=\"caption-attachment-49893\" class=\"wp-caption-text\">General Antonio Duverg\u00e9<\/p><\/div>\n<p>Como puede apreciarse, la situaci\u00f3n era muy grave para las autoridades de Santo Domingo. El general Santana no daba un solo paso, dada su t\u00e1ctica defensiva de repliegue y de b\u00fasqueda de apoyo militar en una potencia extranjera, que en este caso era, sin lugar a dudas, Francia. En tanto que el presidente haitiano Rivi\u00e9re H\u00e9rard se hac\u00eda cada vez m\u00e1s fuerte en Azua. Cuando el Almirante franc\u00e9s Alphonse de Moges visita a Rivi\u00e9re H\u00e9rard en su Cuartel General de Azua, el primero de abril, y le invita a hacer la paz con los dominicanos, \u00e9ste le muestra al militar franc\u00e9s su formidable ej\u00e9rcito y le expresa que en cuesti\u00f3n de d\u00edas estar\u00eda tomando la Plaza de Santo Domingo.<\/p>\n<p>En comunicaci\u00f3n enviada por el Almirante, desde la Bah\u00eda de Ocoa, al C\u00f3nsul franc\u00e9s en Santo Domingo, Saint Denys, le expresa que Rivi\u00e9re H\u00e9rard se pondr\u00eda en camino hacia Santo Domingo para tomarlo con su ej\u00e9rcito de 12,000 efectivos entre oficiales y soldados, que deb\u00edan ser aumentados con una divisi\u00f3n de L\u00e9ogane. Estas son las noticias alarmantes que llegan a la consternada ciudad de Santo Domingo, en virtud de la desconfianza que cubr\u00eda como un gran manto a sus principales l\u00edderes pol\u00edticos y militares, quienes no cre\u00edan posible que con el concurso activo del pueblo dominicano en el proceso b\u00e9lico se pudiera garantizar una naci\u00f3n libre e independiente de toda dominaci\u00f3n extranjera.<\/p>\n<p>El 29 de marzo, el general Jean Louis Pierrot, que ven\u00eda avanzando hacia el Este por el camino de Dajab\u00f3n al frente de su columna expedicionaria, llega a las inmediaciones de Santiago, donde divide su ej\u00e9rcito en dos columnas de ataque: la izquierda bajo el mando del general St. Louis y la del Sur comandada por \u00e9l mismo. Antes del amanecer, las tropas invasoras se atrincheran en Gurabito. Despu\u00e9s de haber cruzado el r\u00edo Yaque del Norte y atrincherarse, el ala derecha se dirige hacia el camino de La Herradura.<\/p>\n<div id=\"attachment_49894\" style=\"width: 1210px\" class=\"wp-caption aligncenter\"><a href=\"http:\/\/localhost\/debateplural\/wp-content\/uploads\/2022\/03\/Jose-Maria-Imbert-Batalla-del-30-de-Marzo.jpg\"><img loading=\"lazy\" decoding=\"async\" aria-describedby=\"caption-attachment-49894\" class=\"size-full wp-image-49894\" src=\"http:\/\/localhost\/debateplural\/wp-content\/uploads\/2022\/03\/Jose-Maria-Imbert-Batalla-del-30-de-Marzo.jpg\" alt=\"\" width=\"1200\" height=\"799\" srcset=\"https:\/\/debateplural.net\/site\/wp-content\/uploads\/2022\/03\/Jose-Maria-Imbert-Batalla-del-30-de-Marzo.jpg 1200w, https:\/\/debateplural.net\/site\/wp-content\/uploads\/2022\/03\/Jose-Maria-Imbert-Batalla-del-30-de-Marzo-300x200.jpg 300w, https:\/\/debateplural.net\/site\/wp-content\/uploads\/2022\/03\/Jose-Maria-Imbert-Batalla-del-30-de-Marzo-1024x682.jpg 1024w, https:\/\/debateplural.net\/site\/wp-content\/uploads\/2022\/03\/Jose-Maria-Imbert-Batalla-del-30-de-Marzo-768x511.jpg 768w, https:\/\/debateplural.net\/site\/wp-content\/uploads\/2022\/03\/Jose-Maria-Imbert-Batalla-del-30-de-Marzo-810x539.jpg 810w, https:\/\/debateplural.net\/site\/wp-content\/uploads\/2022\/03\/Jose-Maria-Imbert-Batalla-del-30-de-Marzo-1140x759.jpg 1140w\" sizes=\"(max-width: 1200px) 100vw, 1200px\" \/><\/a><p id=\"caption-attachment-49894\" class=\"wp-caption-text\">Jose Maria Imbert Batalla del 30 de Marzo<\/p><\/div>\n<p>De su lado, el general Jos\u00e9 Mar\u00eda Imbert ordena al coronel Pedro Eugenio Pelletier, salir a la cabeza de 400 hombres de infanter\u00eda, para establecer una avanzada, apoyada por 100 hombres de la caballer\u00eda procedentes de San Francisco de Macor\u00eds. Simult\u00e1neamente el general Imbert ordena ultimar los detalles estructurales de la defensa, consistente en la fortificaci\u00f3n de los Fuertes Dios, Patria y Libertad, la terminaci\u00f3n de los fosos de tiradores y trincheras, as\u00ed como el emplazamiento t\u00e1ctico de la media brigada de artiller\u00eda de que dispon\u00eda, lo que se hizo en presencia suya. Asimismo, manda a buscar al capit\u00e1n Jos\u00e9 Mar\u00eda L\u00f3pez que hab\u00eda sido apresado injustamente en la ciudad de La Vega y lo pone al frente de la artiller\u00eda. Env\u00eda como exploradores al comandante Manuel Mar\u00eda Fr\u00f3meta y al doctor Barg\u00e9s para que averiguaran el paradero de las tropas haitianas, al tiempo que intensifica los trabajos de defensa y dispone un conjunto de medidas que le ganan la confianza del pueblo y de sus tropas.<\/p>\n<p>Al amanecer, regresaron al Cuartel General de Santiago, las patrullas de reconocimiento que encabezaban Fr\u00f3meta y Barg\u00e9s, trayendo la alerta de que el enemigo se encontraba cerca, acampado en el suroeste, en La Otra Banda, cerca del Paso de la Canoa, y en el noroeste, en Gurabito, a orillas del r\u00edo Gurabo. La situaci\u00f3n era sumamente grave; no hab\u00eda tiempo que perder.<\/p>\n<p>Inmediatamente, el general Imbert toma medidas urgentes: designa al coronel Pelletier, jefe de la l\u00ednea o recinto; hace bajar los ca\u00f1ones a los fuertes Dios, Patria y Libertad; nombra al capit\u00e1n L\u00f3pez, jefe de artiller\u00eda; coloca en los fosos de los fuertes y en las trincheras a toda la gente de que pod\u00eda disponer; designa al general Francisco Antonio Salcedo y a otros oficiales al frente del fuerte de San Luis, como retaguardia; hace cubrir todos los caminos con cuerpos de guardias, y, al capit\u00e1n Fernando Valerio con su compa\u00f1\u00eda de Los Andulleros, lo coloca como avanzada junto al cementerio viejo, siguiendo el camino que conduce al r\u00edo Yaque del Norte.<\/p>\n<p>A\u00fan el general Imbert no hab\u00eda concluido totalmente su plan de defensa, cuando se presentaron las tropas haitianas en columnas cerradas atacando la ciudad de Santiago. Sin embargo, lo esencial estaba combinado y las tropas dominicanas estaban muy en sobre aviso. Alrededor de las once de la ma\u00f1ana, el ala derecha haitiana se puso en movimiento, cruz\u00f3 el r\u00edo Yaque del Norte por el paso de La Otra Banda y escogi\u00f3 la Sabana (lo que es hoy el barrio de La Joya) para realizar el despliegue de sus fuerzas, formadas como para un desfile, se dirigi\u00f3 r\u00e1pidamente, en buen orden y con las armas al hombro, precedida de un cuerpo de caballer\u00eda, hacia el flanco izquierdo de las tropas dominicanas, que era su punto m\u00e1s d\u00e9bil.<\/p>\n<div id=\"attachment_49895\" style=\"width: 771px\" class=\"wp-caption aligncenter\"><a href=\"http:\/\/localhost\/debateplural\/wp-content\/uploads\/2022\/03\/image-batalla-30-de-marzo-con-Jose-Maria-Imbert.jpg\"><img loading=\"lazy\" decoding=\"async\" aria-describedby=\"caption-attachment-49895\" class=\" wp-image-49895\" src=\"http:\/\/localhost\/debateplural\/wp-content\/uploads\/2022\/03\/image-batalla-30-de-marzo-con-Jose-Maria-Imbert.jpg\" alt=\"\" width=\"761\" height=\"487\" srcset=\"https:\/\/debateplural.net\/site\/wp-content\/uploads\/2022\/03\/image-batalla-30-de-marzo-con-Jose-Maria-Imbert.jpg 375w, https:\/\/debateplural.net\/site\/wp-content\/uploads\/2022\/03\/image-batalla-30-de-marzo-con-Jose-Maria-Imbert-300x192.jpg 300w\" sizes=\"(max-width: 761px) 100vw, 761px\" \/><\/a><p id=\"caption-attachment-49895\" class=\"wp-caption-text\">image-batalla-30-de-marzo-con Jos\u00e9 Mar\u00eda Imbert<\/p><\/div>\n<p>El coronel Pelletier, por \u00f3rdenes de Imbert, hizo transportar, a la velocidad de un rayo, la mitad de sus hombres para reforzar el lado izquierdo de las tropas dominicanas, poniendo al frente al comandante Archille Michell. Fue tanto el entusiasmo de las tropas criollas, que los hombres que custodiaban la bater\u00eda del centro, al ver que sus compa\u00f1eros se iban a la izquierda, se precipitaron tambi\u00e9n, dejando esa posici\u00f3n casi sola. Pero al instante, el general Imbert orden\u00f3 al coronel Pelletier su reemplazo por otro destacamento.<\/p>\n<p>En estas circunstancias se desarroll\u00f3 el combate entre las tropas dominicanas y las tropas haitianas: inici\u00f3 con una fusiler\u00eda bastante intensa; ante la respuesta contundente de los criollos, el enemigo se atemoriz\u00f3 y retrocedi\u00f3, quedando algunos de los soldados haitianos muertos por acci\u00f3n de las lanzas y machetes dominicanos. Sin embargo, las tropas haitianas volvieron al ataque con mucha mayor intrepidez, a columna cerrada, siendo detenidas por el fuego de metralla de las piezas de artiller\u00eda, provocando una mortandad que le hizo detener al instante en su marcha. De igual manera, su caballer\u00eda se retir\u00f3 y no volvi\u00f3 a aparecer m\u00e1s en toda la acci\u00f3n. Tiempo despu\u00e9s, el enemigo volvi\u00f3 a la carga a columna cerrada y con el mismo vigor fue recibido por las tropas dominicanas con las piezas de artiller\u00eda, las cuales causaron tantas muertes que renunciaron a hacer nuevos esfuerzos de ese lado, y se retir\u00f3 para juntarse con la otra columna.<\/p>\n<p>Las tropas haitianas, habiendo reunido todas sus fuerzas, atacaron por el lado derecho tan furiosamente que una docena de ellos fueron a morir al pie de la bater\u00eda de la derecha, a mano de los dominicanos. Esa pieza de artiller\u00eda le hizo sufrir grandes p\u00e9rdidas al enemigo, que, aunque rechazado una y otra vez, se present\u00f3 varias veces en buen orden.<\/p>\n<p>Por \u00faltima vez, las tropas haitianas se presentaron en columna cerrada, y la artiller\u00eda dominicana le dej\u00f3 avanzar de frente, al tiempo que la pieza de la derecha descarg\u00f3 su metralla sobre esa masa compacta, haciendo al centro un claro espantoso. Lo mismo hizo la pieza de la izquierda, ocasion\u00e1ndole al enemigo una destrucci\u00f3n humana en igual proporci\u00f3n que la anterior. Las tropas haitianas fueron diezmadas con esa acci\u00f3n, que los soldados dominicanos de la bater\u00eda de la derecha acabaron a tiro de fusil. Fue as\u00ed como el enemigo perdi\u00f3 enteramente su \u00e1nimo y ces\u00f3 toda tentativa de ataque. El combate hab\u00eda comenzado alrededor de las doce del mediod\u00eda y concluy\u00f3 al filo de las cinco de la tarde.<\/p>\n<p>Entonces, las tropas haitianas al mando del general Pierrot enviaron un parlamentario por ante las tropas dominicanas, que se present\u00f3 por ante el coronel Pelletier y varios oficiales m\u00e1s. El general Pierrot solicit\u00f3 una suspensi\u00f3n del fuego para recoger a sus muertos y heridos, al tiempo que pidi\u00f3 garant\u00edas para retirarse a su pa\u00eds sin ser asediado por las tropas dominicanas, momento que aprovecharon \u00e9stas para informarles a aquellas que el general Rivi\u00e9re H\u00e9rard hab\u00eda muerto en los combates de Azua. Ante esa informaci\u00f3n, el general Pierrot no esper\u00f3 la respuesta de rigor del general Jos\u00e9 Mar\u00eda Imbert y se retir\u00f3 en el mayor desorden, dejando tras de s\u00ed a sus muertos y heridos, sus calderos, tambores, v\u00edveres y un conjunto de objetos m\u00e1s, ya que vio en \u00e9sta la oportunidad de ser presidente de la Rep\u00fablica de Hait\u00ed. En su retirada, las tropas haitianas fueron atacadas en varios puntos por las tropas dominicanas de la Sierra que comandaba Ram\u00f3n Mat\u00edas Mella, las cuales no ten\u00edan informaci\u00f3n sobre la rendici\u00f3n de estas, caus\u00e1ndoles importantes bajas.<\/p>\n<p>Los personajes m\u00e1s destacados en todo el trayecto de la Batalla del 30 de Marzo de Santiago de los Caballeros fueron: general Jos\u00e9 Mar\u00eda Imbert, general Francisco Antonio Salcedo, coronel Pedro Eugenio Pelletier, coronel \u00c1ngel Reyes, coronel Toribio Ram\u00edrez, capit\u00e1n Fernando Valerio L\u00f3pez, capit\u00e1n Jos\u00e9 Mar\u00eda L\u00f3pez, comandante de ingenieros Archielle Michell, comandante Manuel Mar\u00eda Fr\u00f3meta, as\u00ed como los oficiales Cipri\u00e1n Mallol, Juan Luis Franco Bid\u00f3, Ram\u00f3n Franco Bid\u00f3, Jos\u00e9 Nicol\u00e1s G\u00f3mez, Lorenzo Mieses, Dionisio Mieses y Marcos Trinidad L\u00f3pez, entre otros.<\/p>\n<p>&nbsp;<\/p>\n<p><strong>REFERENCIAS BIBLIOGR\u00c1FICAS <\/strong><\/p>\n<p>&nbsp;<\/p>\n<p>Academia Dominicana de la Historia (1935), Cl\u00edo, Noviembre-Diciembre 1935, Santo Domingo, ADH.<\/p>\n<p>BALC\u00c1CER, Juan Daniel &amp; GARC\u00cdA AR\u00c9VALO, Manuel (1992), La Independencia Dominicana, Madrid: Editorial Mapfre.<\/p>\n<p>CASS\u00c1, Roberto (1999), Antonio Duverg\u00e9: Primer Guerrero de la Independencia, Santo Domingo: Tobog\u00e1n.<\/p>\n<p>DE LA CRUZ, Juan (2015), Independencia Nacional, Campa\u00f1as Militares y Participaci\u00f3n Popular, Santo Domingo: Impresos La Escalera.<\/p>\n<p>DE LA CRUZ, Juan &amp; RODR\u00cdGUEZ, Miguelina (1993), Independencia Nacional, Guerra Restauradora y Masas Populares, Santo Domingo: Grupo de Investigaci\u00f3n para la Acci\u00f3n Comunitaria (GRIPAC).<\/p>\n<p>GARC\u00cdA, Jos\u00e9 Gabriel (1888), Partes oficiales de las operaciones militares realizadas durante la Guerra Dominico-Haitiana, recopilados y ampliados con notas por Jos\u00e9 Gabriel Garc\u00eda, Santo Domingo: Imprenta de Garc\u00eda Hermanos.<\/p>\n<p>GARC\u00cdA, Jos\u00e9 Gabriel (1890), Guerra de la Separaci\u00f3n Dominicana. Documentos para su estudio, coleccionados y ampliados con notas por Jos\u00e9 Gabriel Garc\u00eda, Santo Domingo: Imprenta de Garc\u00eda Hermanos.<\/p>\n<p>GARC\u00cdA, Jos\u00e9 Gabriel (1982), Compendio de la Historia de Santo Domingo (Tomos I-IV), Santo Domingo: Central de Libro, C. por A.<\/p>\n<p>RODR\u00cdGUEZ DEMORIZI, Emilio (1957), Guerra Dominico-Haitiana, Ciudad Trujillo: Academia Militar Batalla de Las Carreras-Aviaci\u00f3n Militar Dominicana.<\/p>\n<p><a href=\"#_ftnref1\" name=\"_ftn1\"><\/a><strong>(<\/strong><strong>[1]<\/strong><strong>). &#8211; La Junta Central Gubernativa se refiere al Almirante franc\u00e9s Alphonse de Moges, quien era la m\u00e1xima autoridad del gobierno franc\u00e9s para Las Antillas en cuanto a fuerzas mar\u00edtimas.<\/strong><\/p>\n<p>&nbsp;<\/p>\n","protected":false},"excerpt":{"rendered":"<p>Por Juan de la Cruz &nbsp; Las acciones de Talanquera (Dajab\u00f3n) y Escalante (Guayub\u00edn-Montecristi), realizadas por la avanzada de las tropas dominicanas dirigidas por el general Francisco Antonio Salcedo con apenas 500 soldados, permitieron distraer en su camino hacia Santiago de los Caballeros a la fuerza superior de las tropas haitianas comandadas por el General [&hellip;]<\/p>\n","protected":false},"author":9,"featured_media":50015,"comment_status":"open","ping_status":"open","sticky":false,"template":"","format":"standard","meta":{"footnotes":""},"categories":[18,5],"tags":[],"class_list":["post-49890","post","type-post","status-publish","format-standard","has-post-thumbnail","hentry","category-cultura","category-nacionales"],"_links":{"self":[{"href":"https:\/\/debateplural.net\/site\/wp-json\/wp\/v2\/posts\/49890"}],"collection":[{"href":"https:\/\/debateplural.net\/site\/wp-json\/wp\/v2\/posts"}],"about":[{"href":"https:\/\/debateplural.net\/site\/wp-json\/wp\/v2\/types\/post"}],"author":[{"embeddable":true,"href":"https:\/\/debateplural.net\/site\/wp-json\/wp\/v2\/users\/9"}],"replies":[{"embeddable":true,"href":"https:\/\/debateplural.net\/site\/wp-json\/wp\/v2\/comments?post=49890"}],"version-history":[{"count":1,"href":"https:\/\/debateplural.net\/site\/wp-json\/wp\/v2\/posts\/49890\/revisions"}],"predecessor-version":[{"id":49896,"href":"https:\/\/debateplural.net\/site\/wp-json\/wp\/v2\/posts\/49890\/revisions\/49896"}],"wp:featuredmedia":[{"embeddable":true,"href":"https:\/\/debateplural.net\/site\/wp-json\/wp\/v2\/media\/50015"}],"wp:attachment":[{"href":"https:\/\/debateplural.net\/site\/wp-json\/wp\/v2\/media?parent=49890"}],"wp:term":[{"taxonomy":"category","embeddable":true,"href":"https:\/\/debateplural.net\/site\/wp-json\/wp\/v2\/categories?post=49890"},{"taxonomy":"post_tag","embeddable":true,"href":"https:\/\/debateplural.net\/site\/wp-json\/wp\/v2\/tags?post=49890"}],"curies":[{"name":"wp","href":"https:\/\/api.w.org\/{rel}","templated":true}]}}