{"id":50042,"date":"2022-03-31T15:39:43","date_gmt":"2022-03-31T19:39:43","guid":{"rendered":"https:\/\/debateplural.com\/inicio\/?p=50042"},"modified":"2022-03-31T15:39:43","modified_gmt":"2022-03-31T19:39:43","slug":"biden-no-entiende-que-tiene-mas-enemigos-en-el-interior-que-en-el-exterior","status":"publish","type":"post","link":"https:\/\/debateplural.net\/site\/2022\/03\/31\/biden-no-entiende-que-tiene-mas-enemigos-en-el-interior-que-en-el-exterior\/","title":{"rendered":"\"Biden no entiende que tiene m\u00e1s enemigos en el interior que en el exterior\""},"content":{"rendered":"<div class=\"article__header\">\n<div>Eduardo Bautista (Sputnik, 30-3-22)<\/div>\n<div><\/div>\n<div><\/div>\n<div><\/div>\n<div class=\"article__announce-text\">EEUU est\u00e1 a unos meses de renovar su Congreso y a dos a\u00f1os de una transici\u00f3n presidencial. Mientras, el conflicto en Europa del Este, que a simple vista parece no guardar relaci\u00f3n con estos acontecimientos, podr\u00eda en realidad ser un arma electoral del dem\u00f3crata Joe Biden, cuyos \u00edndices de aprobaci\u00f3n no est\u00e1n en su mejor momento.<\/div>\n<div><\/div>\n<\/div>\n<div class=\"article__body\">\n<div class=\"article__block\" data-type=\"text\">\n<div class=\"article__text\">En la autoproclamada Tierra de la Libertad, la\u00a0<strong>guerra\u00a0<\/strong>es un trampol\u00edn pol\u00edtico: el pretexto perfecto para enarbolar a\u00a0<a href=\"https:\/\/mundo.sputniknews.com\/20220329\/1123713966.html\" target=\"_blank\" rel=\"noopener\"><strong>Estados Unidos<\/strong><\/a>como la gran potencia mundial que reparte lecciones democr\u00e1ticas en cualquier latitud. Al menos as\u00ed ha sido hist\u00f3ricamente.<\/div>\n<div><\/div>\n<\/div>\n<div class=\"article__block\" data-type=\"text\">\n<div class=\"article__text\">Sin embargo, \u00bfqu\u00e9 tan vigente es esta vieja estrategia norteamericana de promover conflictos internacionales para aprovecharlos en la pol\u00edtica dom\u00e9stica?<\/div>\n<div><\/div>\n<\/div>\n<div class=\"article__block\" data-type=\"text\">\n<div class=\"article__text\">Expertos consultados por Sputnik afirman que el\u00a0<strong><a href=\"https:\/\/mundo.sputniknews.com\/category_operacion-militar-especial-de-rusia-en-ucrania\/\" target=\"_blank\" rel=\"noopener\">conflicto en Ucrania<\/a><\/strong>\u00a0\u2014en el cual\u00a0<strong>Estados Unidos<\/strong>\u00a0tiene gran responsabilidad, seg\u00fan los entrevistados\u2014 podr\u00eda ser un arma de doble filo para la Administraci\u00f3n de\u00a0<strong>Joe Biden<\/strong>, quien insiste en generar una narrativa occidental en contra de\u00a0<strong>Rusia\u00a0<\/strong>a trav\u00e9s de un boicot econ\u00f3mico, comercial, cultural y pol\u00edtico.<\/div>\n<div><\/div>\n<\/div>\n<div class=\"article__block\" data-type=\"text\">\n<div class=\"article__text\">Y es que en momentos en que su popularidad se ubica en m\u00ednimos hist\u00f3ricos \u2014el 52% de los ciudadanos estadounidenses desaprueba su gesti\u00f3n,\u00a0<a href=\"https:\/\/graphics.reuters.com\/USA-BIDEN\/POLL\/nmopagnqapa\/\" target=\"_blank\" rel=\"noopener\">seg\u00fan <\/a><em>Reuters\/Ipsos<\/em>\u2014,\u00a0<strong>Biden\u00a0<\/strong>busca desesperadamente fortalecer su imagen y la del\u00a0<strong>Partido Dem\u00f3crata<\/strong>\u00a0rumbo a los\u00a0<strong>comicios intermedios<\/strong>\u00a0que se celebrar\u00e1n el pr\u00f3ximo 8 de noviembre, en los que se renovar\u00e1 la C\u00e1mara de Representantes y una parte del Senado.<\/div>\n<\/div>\n<div class=\"article__block\" data-type=\"quote\">\n<div class=\"article__quote\">\n<div class=\"article__quote-bg\">\n<div class=\"article__quote-bg-line\"><\/div>\n<\/div>\n<div class=\"article__quote-text\">\n<p>\"La filosof\u00eda y la ideolog\u00eda pol\u00edtica de Estados Unidos se asientan en la teor\u00eda realista que supone el uso de la fuerza y el pragmatismo para propiciar, a trav\u00e9s de la intervenci\u00f3n en un conflicto internacional, la elevaci\u00f3n del esp\u00edritu patri\u00f3tico de los estadounidenses, que se ven a s\u00ed mismos como una hegemon\u00eda mundial\", considera Iliana Rodr\u00edguez, investigadora en Derecho Internacional del Tec de Monterrey y certificada por la Escuela de Gobierno John F. Kennedy de la Universidad de Harvard.<\/p>\n<div class=\"article__block\" data-type=\"h2\">\n<h2 class=\"article__h2\">Trump, \u00bfla amenaza?<\/h2>\n<\/div>\n<div class=\"article__block\" data-type=\"text\">\n<div class=\"article__text\">Faltan dos a\u00f1os para que concluya el periodo de\u00a0<strong>Biden\u00a0<\/strong>en la Casa Blanca y\u00a0<a href=\"https:\/\/mundo.sputniknews.com\/20220329\/1123747323.html\" target=\"_blank\" rel=\"noopener\">la sombra de <strong>Donald Trump<\/strong><\/a>acecha\u00a0<strong>Washington\u00a0<\/strong>cada vez m\u00e1s.<\/div>\n<div><\/div>\n<\/div>\n<div class=\"article__block\" data-type=\"text\">\n<div class=\"article__text\">De hecho, una encuesta\u00a0<a href=\"https:\/\/thehill.com\/homenews\/campaign\/600146-poll-trump-leads-biden-harris-in-2024-matchups\" target=\"_blank\" rel=\"noopener\">elaborada <\/a>por\u00a0<em>Harvard CAPS-Harris<\/em>\u00a0ubica al magnate republicano por encima del dem\u00f3crata en un hipot\u00e9tico enfrentamiento, con un 47% y un 41%, respectivamente. Esto quiere decir que, si las elecciones presidenciales de\u00a0<strong>Estados Unidos<\/strong>\u00a0sucedieran hoy, probablemente Trump regresar\u00eda al poder.<\/div>\n<\/div>\n<div class=\"article__block\" data-type=\"text\">\n<div class=\"article__text\">Por ello, el\u00a0<strong>conflicto entre Ucrania y Rusia<\/strong>\u00a0podr\u00eda ser utilizado pol\u00edticamente como una forma de elevar esos \u00edndices de popularidad, advierte Rodr\u00edguez.<\/div>\n<\/div>\n<div class=\"article__block\" data-type=\"quote\">\n<div class=\"article__quote\">\n<div class=\"article__quote-bg\">\n<div><\/div>\n<div class=\"article__quote-bg-line\">\"Independientemente de que haya ej\u00e9rcitos importantes como el de Rusia o el de China, Estados Unidos sigue siendo una potencia hegem\u00f3nica que ha sabido mantener una especie de prestigio que las guerras le han conferido\", explica la especialista, quien tambi\u00e9n cuenta con un certificado de la Universidad de Georgetown.<\/div>\n<\/div>\n<div class=\"article__quote-info\">\n<div class=\"elem-info\">\n<div class=\"elem-info__share\">\n<div class=\"share m-active\" data-id=\"1123738845\" data-url=\"https:\/\/mundo.sputniknews.com\/20220329\/biden-no-entiende-que-tiene-mas-enemigos-en-el-interior-que-en-el-exterior-1123738845.html?share-block=1123751399\" data-title=\"&amp;quot;Independientemente de que haya ej\u00e9rcitos importantes como el de Rusia o el de China, Estados Unidos sigue siendo una potencia hegem\u00f3nica que ha sabido mantener una especie de prestigio que las guerras le han conferido&amp;quot;, explica la especialista, quien tambi\u00e9n cuenta con un certificado de la Universidad de Georgetown.\"><\/div>\n<\/div>\n<\/div>\n<\/div>\n<\/div>\n<\/div>\n<div class=\"article__block\" data-type=\"text\">\n<div class=\"article__text\">Ya ha sucedido en el pasado. El expresidente\u00a0<strong>George H.W. Bush<\/strong>\u00a0(1989-1993) acrecent\u00f3 sus niveles de aceptaci\u00f3n ciudadana hasta al\u00a0<strong>90%<\/strong>\u00a0\u2014seg\u00fan\u00a0<em>Gallup<\/em>\u2014 con la intervenci\u00f3n estadounidense en la\u00a0<strong><a href=\"https:\/\/mundo.sputniknews.com\/20210115\/luz-camara-guerra-a-30-anos-de-la-operacion-tormenta-del-desierto-1094131496.html\" target=\"_blank\" rel=\"noopener\">Guerra del Golfo<\/a><\/strong>. Lo mismo sucedi\u00f3 durante el mandato de su hijo,\u00a0<strong>George W. Bush\u00a0<\/strong>(2001-2009), cuyos \u00edndices se elevaron hasta el\u00a0<strong>86%<\/strong>\u00a0tras la\u00a0<strong>Guerra de Irak\u00a0<\/strong>de 2003, justificada por los atentados a las Torres Gemelas del 11 de septiembre de 2001.<\/div>\n<div><\/div>\n<\/div>\n<div class=\"article__block\" data-type=\"text\">\n<div class=\"article__text\">En su libro\u00a0<em>Electing to Fight: Why Emerging Democracies go to War?\u00a0<\/em>(2005), los polit\u00f3logos Edward Mansfield y Jack Snyder\u00a0<a href=\"https:\/\/mitpress.mit.edu\/books\/electing-fight\" target=\"_blank\" rel=\"noopener\">aseguran <\/a>que existe un v\u00ednculo muy cercano entre los pol\u00edticos con problemas de popularidad y el desencadenamiento de conflictos b\u00e9licos en otras partes del mundo.<\/div>\n<div><\/div>\n<\/div>\n<div class=\"article__block\" data-type=\"text\">\n<div class=\"article__text\">\"Cuando es incompleto o se realiza de forma prematura, el proceso de democratizaci\u00f3n suele conducir a un aumento de la guerra y la inestabilidad. Bas\u00e1ndose en casi 200 a\u00f1os de datos hist\u00f3ricos, Mansfield y Snyder descubren que la transici\u00f3n a la democracia suele caracterizarse por un nacionalismo beligerante que aumenta sustancialmente el riesgo de guerra. Sus conclusiones ponen en tela de juicio la actual pol\u00edtica de\u00a0<strong>Estados Unidos<\/strong>\u00a0de\u00a0<strong>impulsar la democracia<\/strong>\u00a0en el mundo musulm\u00e1n y en China\", se lee en el pr\u00f3logo de este ensayo.<\/div>\n<\/div>\n<\/div>\n<\/div>\n<\/div>\n<\/div>\n<div>\n<div class=\"article__block\" data-type=\"h2\">\n<h2 class=\"article__h2\">\u00bfPero qu\u00e9 tan rentable sigue siendo la guerra?<\/h2>\n<\/div>\n<div class=\"article__block\" data-type=\"text\">\n<div class=\"article__text\">A nivel armamentista, sigue siendo un gran negocio para\u00a0<strong>Estados Unidos<\/strong>, pa\u00eds que\u00a0<a href=\"https:\/\/mundo.sputniknews.com\/20220325\/morbo-militarismo-digital-y-falsedad-como-es-la-primera-guerra-que-se-vive-en-redes-1123603077.html\" target=\"_blank\" rel=\"noopener\">acapara la mayor cantidad de empresas de la industria b\u00e9lica<\/a>\u00a0en el mundo. Sin embargo, pol\u00edticamente, los beneficios podr\u00edan no ser tan atractivos.<\/div>\n<\/div>\n<div class=\"article__block\" data-type=\"quote\">\n<div class=\"article__quote\">\n<div class=\"article__quote-bg\">\n<div class=\"article__quote-bg-line\"><\/div>\n<\/div>\n<div class=\"article__quote-text\">\n<p>\"Pese a la ret\u00f3rica incendiaria utilizada por\u00a0<strong>Washington\u00a0<\/strong>contra el se\u00f1or\u00a0<strong>Putin<\/strong>, la guerra ya no le est\u00e1 funcionando ni a republicanos ni a dem\u00f3cratas como un elemento para incrementar los\u00a0<em>ratings\u00a0<\/em>pol\u00edticos a la vieja usanza\", asegura Eduardo Rosales, internacionalista de la Facultad de Estudios Superiores Acatl\u00e1n de la Universidad Nacional Aut\u00f3noma de M\u00e9xico (UNAM).<\/p>\n<\/div>\n<div class=\"article__quote-info\">\n<div class=\"elem-info\">\n<div class=\"elem-info__share\">\n<div class=\"share m-active\" data-id=\"1123738845\" data-url=\"https:\/\/mundo.sputniknews.com\/20220329\/biden-no-entiende-que-tiene-mas-enemigos-en-el-interior-que-en-el-exterior-1123738845.html?share-block=1123752254\" data-title=\"&amp;quot;Pese a la ret\u00f3rica incendiaria utilizada por Washington contra el se\u00f1or Putin, la guerra ya no le est\u00e1 funcionando ni a republicanos ni a dem\u00f3cratas como un elemento para incrementar los ratings pol\u00edticos a la vieja usanza&amp;quot;, asegura Eduardo Rosales, internacionalista de la Facultad de Estudios Superiores Acatl\u00e1n de la Universidad Nacional Aut\u00f3noma de M\u00e9xico (UNAM).\"><\/div>\n<\/div>\n<\/div>\n<\/div>\n<\/div>\n<\/div>\n<div class=\"article__block\" data-type=\"text\">\n<div class=\"article__text\">La raz\u00f3n es muy sencilla: los costos econ\u00f3micos y pol\u00edticos de la guerra ya son muy altos. Seg\u00fan el experto, lo que menos quiere la poblaci\u00f3n estadounidense en este momento es involucrarse en un conflicto internacional cuando ya tiene otros de \u00edndole interna de qu\u00e9 preocuparse, como la deuda, la pandemia de COVID-19, el tr\u00e1fico de drogas (el consumo de fentanilo es un problema de salud p\u00fablica), la\u00a0<strong>migraci\u00f3n\u00a0<\/strong>o la\u00a0<strong>inflaci\u00f3n<\/strong>, que ha\u00a0<a href=\"https:\/\/www.sandiegouniontribune.com\/en-espanol\/noticias\/story\/2022-03-10\/inflacion-en-eeuu-es-la-mas-alta-desde-1982\" target=\"_blank\" rel=\"noopener\">llegado <\/a>a 7,9%, el nivel m\u00e1s alto desde 1982.<\/div>\n<div><\/div>\n<\/div>\n<div class=\"article__block\" data-type=\"text\">\n<div class=\"article__text\">Adem\u00e1s, la doctora Iliana Rodr\u00edguez apunta otro problema:\u00a0<a href=\"https:\/\/mundo.sputniknews.com\/20220314\/1123089850.html\" target=\"_blank\" rel=\"noopener\">el alza en los <strong>precios de los combustibles<\/strong> en <strong>Estados Unidos<\/strong><\/a>. La crisis en\u00a0<strong>Europa del Este<\/strong>\u00a0ha provocado que los estadounidenses deban pagar por llenar m\u00e1s sus tanques, una mala noticia para un pa\u00eds con altas presiones inflacionarias.<\/div>\n<\/div>\n<\/div>\n<div class=\"photoview__open\" data-photoview-group=\"1123738845\" data-photoview-src=\"https:\/\/cdnnmundo1.img.sputniknews.com\/img\/07e6\/03\/05\/1122698192_0:0:3066:2048_1440x900_80_0_1_e93958b4d79436e94b56a75e4e44bf2b.jpg.webp?source-sid=reuters_photo\" data-photoview-image-id=\"1122698188\" data-photoview-sharelink=\"https:\/\/mundo.sputniknews.com\/20220329\/biden-no-entiende-que-tiene-mas-enemigos-en-el-interior-que-en-el-exterior-1123738845.html?share-img=1122698188\"><\/div>\n<div data-photoview-group=\"1123738845\" data-photoview-src=\"https:\/\/cdnnmundo1.img.sputniknews.com\/img\/07e6\/03\/05\/1122698192_0:0:3066:2048_1440x900_80_0_1_e93958b4d79436e94b56a75e4e44bf2b.jpg.webp?source-sid=reuters_photo\" data-photoview-image-id=\"1122698188\" data-photoview-sharelink=\"https:\/\/mundo.sputniknews.com\/20220329\/biden-no-entiende-que-tiene-mas-enemigos-en-el-interior-que-en-el-exterior-1123738845.html?share-img=1122698188\">\n<div class=\"article__block\" data-type=\"text\">\n<div class=\"article__text\">Los n\u00fameros son claros. En julio de 2021, la encuestadora\u00a0<em>Gallup\u00a0<\/em>ubic\u00f3 la aprobaci\u00f3n ciudadana de\u00a0<strong>Joe Biden<\/strong>\u00a0en 50%. En marzo de 2022, a tres semanas de que se iniciara el conflicto en Ucrania, esa cifra descendi\u00f3 a 42%,\u00a0<a href=\"https:\/\/graphics.reuters.com\/USA-BIDEN\/POLL\/nmopagnqapa\/\" target=\"_blank\" rel=\"noopener\">seg\u00fan <\/a><em>Reuters\/Ipsos<\/em>, y a 41%,\u00a0<a href=\"https:\/\/morningconsult.com\/global-leader-approval\/\" target=\"_blank\" rel=\"noopener\">seg\u00fan <\/a><em>Morning Consult Political Intelligence (MCPI)<\/em>. \"Anteriormente, promover una guerra o una invasi\u00f3n era significativo en t\u00e9rminos porcentuales; hoy ya no es as\u00ed\", a\u00f1ade Rosales.<\/div>\n<div><\/div>\n<\/div>\n<div class=\"article__block\" data-type=\"text\">\n<div class=\"article__text\">\"En un mundo globalizado, la guerra se convierte en un asunto donde todo mundo pierde. Estados Unidos es una potencia en declive y el\u00a0<strong>conflicto en Ucrania<\/strong>\u00a0no ha ayudado en nada [a Biden]. Su Gobierno tuvo una falta de visi\u00f3n muy grande porque pudo haber solucionado la crisis [en Europa del Este] desde hace varios meses, comunic\u00e1ndose con Zelenski para aminorar las tensiones\", observa el especialista, quien tambi\u00e9n es doctor en relaciones internacionales por la Atlantic International University.<\/div>\n<\/div>\n<div class=\"article__block\" data-type=\"quote\">\n<div class=\"article__quote\">\n<div class=\"article__quote-bg\">\n<div class=\"article__quote-bg-line\"><\/div>\n<\/div>\n<div class=\"article__quote-text\">\n<p>\"Buena parte de la culpa de lo que sucede en\u00a0<strong>Ucrania\u00a0<\/strong>la tiene\u00a0<strong>Estados Unidos<\/strong>\u00a0por no haber respetado los acuerdos establecidos despu\u00e9s de la ca\u00edda del Muro de Berl\u00edn [en las cuales Rusia ped\u00eda la no expansi\u00f3n de la\u00a0<strong>OTAN\u00a0<\/strong>hacia sus fronteras]. Si ya ten\u00eda este problema en sus puertas desde hace a\u00f1os, \u00bfpor qu\u00e9 no quiso solucionarlo antes? En vez de gastar recursos para atizar el conflicto, ha emprendido una cadena de errores desde los niveles m\u00e1s altos de Biden y el Pent\u00e1gono. Biden no ha entendido que tiene m\u00e1s enemigos en el interior que en el exterior\", concluye.<\/p>\n<p>&nbsp;<\/p>\n<\/div>\n<\/div>\n<\/div>\n<\/div>\n<div><\/div>\n<div class=\"article__body\">\n<div class=\"article__block\" data-type=\"quote\">\n<div class=\"article__quote\">\n<div class=\"article__quote-text\">\n<div class=\"article__block\" data-type=\"article\" data-article=\"main-photo\">\n<div class=\"article__article m-image\"><\/div>\n<\/div>\n<\/div>\n<\/div>\n<\/div>\n<\/div>\n","protected":false},"excerpt":{"rendered":"<p>Eduardo Bautista (Sputnik, 30-3-22) EEUU est\u00e1 a unos meses de renovar su Congreso y a dos a\u00f1os de una transici\u00f3n presidencial. Mientras, el conflicto en Europa del Este, que a simple vista parece no guardar relaci\u00f3n con estos acontecimientos, podr\u00eda en realidad ser un arma electoral del dem\u00f3crata Joe Biden, cuyos \u00edndices de aprobaci\u00f3n no [&hellip;]<\/p>\n","protected":false},"author":1,"featured_media":49174,"comment_status":"open","ping_status":"open","sticky":false,"template":"","format":"standard","meta":{"footnotes":""},"categories":[14,12],"tags":[],"class_list":["post-50042","post","type-post","status-publish","format-standard","has-post-thumbnail","hentry","category-internacionales","category-politica-3"],"_links":{"self":[{"href":"https:\/\/debateplural.net\/site\/wp-json\/wp\/v2\/posts\/50042"}],"collection":[{"href":"https:\/\/debateplural.net\/site\/wp-json\/wp\/v2\/posts"}],"about":[{"href":"https:\/\/debateplural.net\/site\/wp-json\/wp\/v2\/types\/post"}],"author":[{"embeddable":true,"href":"https:\/\/debateplural.net\/site\/wp-json\/wp\/v2\/users\/1"}],"replies":[{"embeddable":true,"href":"https:\/\/debateplural.net\/site\/wp-json\/wp\/v2\/comments?post=50042"}],"version-history":[{"count":1,"href":"https:\/\/debateplural.net\/site\/wp-json\/wp\/v2\/posts\/50042\/revisions"}],"predecessor-version":[{"id":50043,"href":"https:\/\/debateplural.net\/site\/wp-json\/wp\/v2\/posts\/50042\/revisions\/50043"}],"wp:featuredmedia":[{"embeddable":true,"href":"https:\/\/debateplural.net\/site\/wp-json\/wp\/v2\/media\/49174"}],"wp:attachment":[{"href":"https:\/\/debateplural.net\/site\/wp-json\/wp\/v2\/media?parent=50042"}],"wp:term":[{"taxonomy":"category","embeddable":true,"href":"https:\/\/debateplural.net\/site\/wp-json\/wp\/v2\/categories?post=50042"},{"taxonomy":"post_tag","embeddable":true,"href":"https:\/\/debateplural.net\/site\/wp-json\/wp\/v2\/tags?post=50042"}],"curies":[{"name":"wp","href":"https:\/\/api.w.org\/{rel}","templated":true}]}}