{"id":50192,"date":"2022-04-11T15:38:08","date_gmt":"2022-04-11T19:38:08","guid":{"rendered":"https:\/\/debateplural.com\/inicio\/?p=50192"},"modified":"2022-04-11T15:38:08","modified_gmt":"2022-04-11T19:38:08","slug":"gloria-a-ucrania-y-la-sra-nancy-pelosi","status":"publish","type":"post","link":"https:\/\/debateplural.net\/site\/2022\/04\/11\/gloria-a-ucrania-y-la-sra-nancy-pelosi\/","title":{"rendered":"\u00ab\u00a1Gloria a Ucrania!\u00bb, y la Sra. Nancy Pelosi"},"content":{"rendered":"<div class=\"entradilla\">\n<p>Rodolfo Bueno (Rebelion, 11-4-22)<\/p>\n<p>&nbsp;<\/p>\n<p>Cuando el presidente Zelenski termin\u00f3 su videoconferencia ante el Congreso de Estados Unidos, se escuch\u00f3 a una voz estridente gritar: \u00a1Slava Ukraini! (\u00a1Gloria a Ucrania!).<\/p>\n<\/div>\n<div id=\"cols\">\n<p>Era la Sra. Nancy Pelosi, presidente de la C\u00e1mara de Representantes de EE.UU., que entonaba este eslogan nazi-ucraniano. \u00bfSabe la Sra. Pelosi cu\u00e1l es el origen de esta consigna y qui\u00e9n la cre\u00f3? Si se supone que no lo sabe, se le va a comentar sobre su origen y autor.<\/p>\n<p>Durante \u201cLa Gran Guerra Patria\u201d, que tuvo lugar en la URSS, desde un inicio Ucrania fue ocupada por Alemania. En el occidente ucraniano se desarroll\u00f3 un amplio movimiento colaboracionista, que se arrop\u00f3 bajo banderas nacionalistas, como la Organizaci\u00f3n de Nacionalistas Ucranianos, la OUN, y el Ej\u00e9rcito Insurgente Ucraniano, el UPA, que lucharon codo a codo bajo el mando de la Wehrmacht contra los patriotas que ofrendaron su vida por la libertad de su pueblo. En el transcurso de la guerra, la OUN y el UPA participaron en los asesinatos de millones de ciudadanos sovi\u00e9ticos y de otros pa\u00edses.<\/p>\n<p>El autor del grito\u00a0<em>\u00a1Slava Ukraini!<\/em>, que con tanto entusiasmo core\u00f3 la Sra. Pelosi, es Step\u00e1n Bandera, h\u00e9roe nacional de la actual Ucrania y declarado criminal de guerra en los juicios de N\u00faremberg. Es el m\u00e1s conocido ide\u00f3logo de los nacionalistas ucranianos, l\u00edder del UPA, y bajo su direcci\u00f3n se organiz\u00f3 el congreso de la OUN, cuya rama m\u00e1s radical, la OUN-B, fue dirigida por \u00e9l; a sus seguidores se les llama banderistas. Seg\u00fan un informe de la ONU de 1947, Bandera era agente de inteligencia de Alemania nazi y operaba en la secci\u00f3n especial de la Gestapo.<\/p>\n<p>Luego de la ocupaci\u00f3n de Polonia por Alemania, Bandera, que se encontraba en prisi\u00f3n condenado por el asesinato de numerosos funcionarios polacos, fue liberado y reclutado por los alemanes para que les sirva de agente. La inteligencia militar alemana, la Abwehr, y la Gestapo proteg\u00edan a Bandera y a sus partidarios, porque cre\u00edan que \u00e9l y sus organizaciones les ser\u00edan \u00fatiles en labores de sabotajes, guerrillas y asesinatos. En abril de 1940, en el castillo de Wawel, ante Hans Frank, gobernador nazi de Polonia, Bandera jur\u00f3 lealtad al Tercer Reich.<\/p>\n<p>El 25 de febrero de 1941, Wilhelm Canaris, director de la Abwehr, le entreg\u00f3 a Bandera dos millones y medio de marcos para que forme el futuro ej\u00e9rcito de Ucrania independiente. En abril de 1941, durante el segundo congreso de la OUN-B, Bandera fue reelecto su l\u00edder. Entre las resoluciones de este congreso est\u00e1 luchar contra los jud\u00edos, por ser la vanguardia del imperialismo ruso y el enemigo principal de la OUN-B; en esa misma fecha, los banderistas se incorporaron a los batallones Roland y Nachtigall, equipados por la Abwehr. A partir del 22 de junio de 1941, cuando comenz\u00f3 la Operaci\u00f3n Barbarroja contra la URSS, lucharon junto a la Wehrmacht, bajo la bandera del Tercer Reich.<\/p>\n<p>El 30 de junio de 1941, cuando la Wehrmacht expuls\u00f3 al Ej\u00e9rcito Sovi\u00e9tico del oeste de Ucrania, su poblaci\u00f3n le dio la bienvenida al Ej\u00e9rcito Alem\u00e1n y lo salud\u00f3 por ser su \u201clibertador\u201d. En la zona ocupada por Alemania hubo muchos pogromos contra los jud\u00edos; entre el 30 de junio y el 5 de julio de 1941, en la ciudad de Le\u00f3polis, en ese entonces en el oriente de Polonia y hoy, Lvov, hubo una serie de masacres de jud\u00edos. Los Einsatzgruppen, equipos de matanza integrados por las SS y la polic\u00eda y apoyadas por milicias dirigidas por Step\u00e1n Bandera, perpetraron el asesinato de cerca de diez mil jud\u00edos; se orden\u00f3 a la Wehrmacht no interponerse entre los Einsatzgruppen y los jud\u00edos.<\/p>\n<p>Posteriormente, hubo la matanza de los maestros de la Polit\u00e9cnica de Lvov, donde Bandera estudi\u00f3 agronom\u00eda. La lista con los nombres de los maestros jud\u00edos que deb\u00edan ser eliminados fue confeccionada por Bandera. La mayor\u00eda de los cien mil jud\u00edos de Lvov fueron asesinados o deportados al campo de exterminio de Belzec.<\/p>\n<p>La tercera cl\u00e1usula de la Declaraci\u00f3n de Independencia de Ucrania, proclamada por la OUN, dice: \u201cEl Estado ucraniano reci\u00e9n formado trabaja en estrecha colaboraci\u00f3n con el nacionalsocialismo de la \u2018Gran Alemania\u2019, bajo el liderazgo de su l\u00edder, Adolf Hitler, que quiere crear un nuevo orden en Europa y el mundo y ayudar a los ucranianos a liberarse de la ocupaci\u00f3n sovi\u00e9tica. El Ej\u00e9rcito Popular Revolucionario de Ucrania, que se form\u00f3 en tierras ucranianas, quiere seguir luchando junto al Ej\u00e9rcito Alem\u00e1n Aliado contra la ocupaci\u00f3n de Mosc\u00fa por un Estado soberano y unido y un nuevo orden en todo el mundo\u201d. Colaboracionismo puro.<\/p>\n<p>Sin embargo, este nuevo Estado no fue reconocido por Hitler, ya que, tal como rezaba su tesis sobre el \u201cespacio vital\u201d, Europa del Este estaba poblada por seres inferiores de origen eslavo, que deb\u00edan ser eliminados en su totalidad, para que sus territorios fueran ocupados por colonos de Alemania.<\/p>\n<p>Step\u00e1n Bandera fue arrestado, bajo arresto domiciliario, y trasladado a Berl\u00edn como una especie de reserva, para cuando les fuera \u00fatil a los nazis. La Gestapo lo us\u00f3, junto con la OUN-B, para las represiones policiales en Ucrania, y la Abwehr, para infiltrar agentes detr\u00e1s de las l\u00edneas sovi\u00e9ticas. Bajo direcci\u00f3n de Bandera, la OUN-B combati\u00f3 a la resistencia ucraniana y particip\u00f3 en la matanza de Babi Yar, donde 33.771 prisioneros de guerra sovi\u00e9ticos, comunistas, jud\u00edos, gitanos y ucranianos fueron asesinados el 30 de septiembre de 1941.<\/p>\n<p>A inicios del a\u00f1o siguiente, Bandera fue encarcelado en el campo de concentraci\u00f3n de Sachsenhausen, en la secci\u00f3n reservada para altas figuras pol\u00edticas. Bajo sus \u00f3rdenes, la OUN-B distribuy\u00f3 folletos para motivar a los ucranianos a ayudar a los nazis en su lucha contra los comunistas. En Octubre de 1942, la OUN-B organiz\u00f3 el Ej\u00e9rcito Insurreccional Ucraniano, el UPA, con la finalidad de luchar contra la URSS, la resistencia ucraniana, los guerrilleros polacos y la Alemania nazi. Rom\u00e1n Choukhevytch, tambi\u00e9n h\u00e9roe de la actual Ucrania, fue la cabeza de esa milicia; Stepan Bandera, desde la prisi\u00f3n, le dio su apoyo. En 1943, el UPA masacr\u00f3 entre 40.000 y 60.000 mujeres y ni\u00f1os polacos.<\/p>\n<p>A partir de mayo de 1944, el UPA, por \u00f3rdenes de la OUN-B, termin\u00f3 la lucha contra los alemanes y se concentr\u00f3 en la lucha contra la Uni\u00f3n Sovi\u00e9tica. Seg\u00fan la Abwehr, las unidades ucranianas cooperan con la Wehrmacht en la lucha contra el Ej\u00e9rcito Rojo y los grupos bolcheviques. \u201cLas unidades UPA han sufrido grandes p\u00e9rdidas y nos han prestado un servicio incalculable en ciertos asuntos pol\u00edticos. Es importante destacar que las bandas ucranianas han dejado de luchar contra los alemanes\u201d.<\/p>\n<p>El 25 de septiembre de 1944, los nazis liberaron a Stepan Bandera y a otros l\u00edderes nacionalistas ucranianos con el fin de que colaboren con Alemania; cerca de 250.000 ucranianos lucharon en las huestes nazis. Bandera incit\u00f3 a la poblaci\u00f3n de Ucrania a tomar las armas contra el Ej\u00e9rcito sovi\u00e9tico, y con Otto Skorzeny, el teniente coronel de las SS que rescat\u00f3 a Mussolini y que era el hombre de acci\u00f3n favorito de Adolf Hitler, discuti\u00f3 planes de sabotaje contra la URSS y el env\u00edo de tropas del UPA detr\u00e1s de las l\u00edneas sovi\u00e9ticas.<\/p>\n<p>La lucha armada no se detuvo en Ucrania occidental hasta mediados de la d\u00e9cada de los cincuenta; desde Alemania Occidental, Stepan Bandera alent\u00f3 a la insurgencia, la lider\u00f3 y dio su apoyo incondicional a todas las acciones del UPA. El 15 de octubre de 1959, Bandera fue encontrado tendido en el suelo, con el rostro ensangrentado; muri\u00f3 camino al hospital y est\u00e1 enterrado en Munich.<\/p>\n<p>El 22 de enero de 2010, el presidente V\u00edktor Y\u00fashchenko otorg\u00f3 a Bandera el t\u00edtulo de H\u00e9roe de Ucrania; posteriormente, el presidente Viktor Yanukovich declar\u00f3 ilegal dicho nombramiento. Bandera es una figura muy controvertida, en Ucrania algunos lo proclaman el libertador que luch\u00f3 contra sovi\u00e9ticos, polacos y nazis para conquistar la independencia, pero la mayor\u00eda de ucranianos, polacos y rusos lo catalogan de fascista y criminal de guerra que, junto con sus seguidores, es responsable de las masacres de civiles en las zonas ocupadas por Alemania nazi.<\/p>\n<p>Lo malo de toda esta historia es que la Sra. Pelosi s\u00ed est\u00e1 bien enterada del contenido de\u00a0<em>\u00a1Slava Ucraini!<\/em>. Adem\u00e1s, sabe que Zelenski desprecia a los que lucharon contra el fascismo y levanta monumentos a Step\u00e1n Bandera, nazi confeso que durante la Segunda Guerra mundial colabor\u00f3 en el sacrificio de 60 millones de personas, de ellas 27 millones de sovi\u00e9ticos, incluidos 8 millones de ucranianos.<\/p>\n<p>Pero a la Sra. Pelosi le importa un pepino las v\u00edctimas del nazi-fascismo; si le importara, no hubiera gritado\u00a0<em>\u00a1Slava Ucraini!<\/em>\u00a0No en vano, con los miembros de su entorno pol\u00edtico, alent\u00f3 el sangriento golpe de Estado de Euromaid\u00e1n, que ha permitido a los banderistas destruir a Ucrania. Para ella, todo vale en el intento de aniquilar a Rusia, raz\u00f3n medular de la actual crisis mundial, que ojal\u00e1 termine con alejar del poder a la Sra. Pelosi y a los pol\u00edticos de su entorno, para el bienestar y la tranquilidad del planeta entero.<\/p>\n<\/div>\n","protected":false},"excerpt":{"rendered":"<p>Rodolfo Bueno (Rebelion, 11-4-22) &nbsp; Cuando el presidente Zelenski termin\u00f3 su videoconferencia ante el Congreso de Estados Unidos, se escuch\u00f3 a una voz estridente gritar: \u00a1Slava Ukraini! (\u00a1Gloria a Ucrania!). Era la Sra. Nancy Pelosi, presidente de la C\u00e1mara de Representantes de EE.UU., que entonaba este eslogan nazi-ucraniano. \u00bfSabe la Sra. Pelosi cu\u00e1l es el [&hellip;]<\/p>\n","protected":false},"author":1,"featured_media":45064,"comment_status":"open","ping_status":"open","sticky":false,"template":"","format":"standard","meta":{"footnotes":""},"categories":[14,12],"tags":[],"class_list":["post-50192","post","type-post","status-publish","format-standard","has-post-thumbnail","hentry","category-internacionales","category-politica-3"],"_links":{"self":[{"href":"https:\/\/debateplural.net\/site\/wp-json\/wp\/v2\/posts\/50192"}],"collection":[{"href":"https:\/\/debateplural.net\/site\/wp-json\/wp\/v2\/posts"}],"about":[{"href":"https:\/\/debateplural.net\/site\/wp-json\/wp\/v2\/types\/post"}],"author":[{"embeddable":true,"href":"https:\/\/debateplural.net\/site\/wp-json\/wp\/v2\/users\/1"}],"replies":[{"embeddable":true,"href":"https:\/\/debateplural.net\/site\/wp-json\/wp\/v2\/comments?post=50192"}],"version-history":[{"count":1,"href":"https:\/\/debateplural.net\/site\/wp-json\/wp\/v2\/posts\/50192\/revisions"}],"predecessor-version":[{"id":50193,"href":"https:\/\/debateplural.net\/site\/wp-json\/wp\/v2\/posts\/50192\/revisions\/50193"}],"wp:featuredmedia":[{"embeddable":true,"href":"https:\/\/debateplural.net\/site\/wp-json\/wp\/v2\/media\/45064"}],"wp:attachment":[{"href":"https:\/\/debateplural.net\/site\/wp-json\/wp\/v2\/media?parent=50192"}],"wp:term":[{"taxonomy":"category","embeddable":true,"href":"https:\/\/debateplural.net\/site\/wp-json\/wp\/v2\/categories?post=50192"},{"taxonomy":"post_tag","embeddable":true,"href":"https:\/\/debateplural.net\/site\/wp-json\/wp\/v2\/tags?post=50192"}],"curies":[{"name":"wp","href":"https:\/\/api.w.org\/{rel}","templated":true}]}}