{"id":50301,"date":"2022-04-28T13:20:15","date_gmt":"2022-04-28T17:20:15","guid":{"rendered":"https:\/\/debateplural.com\/inicio\/?p=50301"},"modified":"2022-04-28T13:20:15","modified_gmt":"2022-04-28T17:20:15","slug":"reunion-virtual-entre-lopez-obrador-y-biden-una-oportunidad-para-el-dialogo-y-abandonar-los-monologos","status":"publish","type":"post","link":"https:\/\/debateplural.net\/site\/2022\/04\/28\/reunion-virtual-entre-lopez-obrador-y-biden-una-oportunidad-para-el-dialogo-y-abandonar-los-monologos\/","title":{"rendered":"Reuni\u00f3n virtual entre L\u00f3pez Obrador y Biden: \u00bfuna oportunidad para el di\u00e1logo y abandonar los mon\u00f3logos?"},"content":{"rendered":"<p>Javier Buenrostro (Russia Today, 28-4-22)<\/p>\n<p>&nbsp;<\/p>\n<p>El pasado martes, la Casa Blanca anunci\u00f3 que este viernes 29 de abril el presidente Joe Biden sostendr\u00e1 una reuni\u00f3n virtual con su hom\u00f3logo mexicano, Andr\u00e9s Manuel L\u00f3pez Obrador. Seg\u00fan la nota oficial, ambos l\u00edderes discutir\u00e1n la cooperaci\u00f3n en migraci\u00f3n y \"los esfuerzos conjuntos de desarrollo en Centroam\u00e9rica\", as\u00ed como cuestiones de energ\u00eda, seguridad y crecimiento econ\u00f3mico.<\/p>\n<p>Este mismo martes, Alejandro Mayorkas, secretario de Seguridad Interior, public\u00f3 un memor\u00e1ndum en el que delinea elementos de la pol\u00edtica migratoria en el futuro inmediato. Mencion\u00f3, por ejemplo: \"Estamos aplicando las consecuencias de la entrada ilegal, incluida la expulsi\u00f3n, la detenci\u00f3n y el enjuiciamiento. El n\u00facleo de este plan es nuestro compromiso de continuar haciendo cumplir estrictamente nuestras leyes de inmigraci\u00f3n\".<\/p>\n<p>\"Esto incluye un mayor uso de la deportaci\u00f3n acelerada, la detenci\u00f3n de adultos solteros cuando sea apropiado, la remisi\u00f3n para su enjuiciamiento a aquellos cuya conducta lo amerita y la aceleraci\u00f3n de las adjudicaciones de asilo que nos permiten actuar m\u00e1s r\u00e1pidamente\", dijo Mayorkas.<\/p>\n<p>En un momento donde la reactivaci\u00f3n econ\u00f3mica mundial y la cifra de refugiados ucranianos podr\u00eda llegar a m\u00e1s de 8 millones, Estados Unidos est\u00e1 considerando que es muy probable que aumente la\u00a0<strong>ola migratoria desde M\u00e9xico<\/strong>\u00a0y ya est\u00e1 poniendo algunas\u00a0<strong>directrices preventivas<\/strong>.<\/p>\n<p>A este escenario internacional debe sum\u00e1rsele lo \u00faltimo en la pol\u00edtica casera estadounidense, donde varios gobernadores del Partido Republicano demandan acciones m\u00e1s agresivas contra la migraci\u00f3n. Aunado a esto, un juez orden\u00f3 mantener temporalmente las medidas que establece el T\u00edtulo 42, que permite devolver de inmediato a migrantes indocumentados.<\/p>\n<p>Este di\u00e1logo ser\u00e1 un previo a la\u00a0<strong>IX Cumbre de las Am\u00e9ricas<\/strong>\u00a0que se llevar\u00e1 a cabo en junio en Los \u00c1ngeles. Es obvio que ante la interrupci\u00f3n de las cadenas de valor y suministro por la pandemia y la regionalizaci\u00f3n de las econom\u00edas, hay un inter\u00e9s de Estados Unidos sobre c\u00f3mo posicionar a Am\u00e9rica del Norte en esta nueva reconfiguraci\u00f3n mundial.<\/p>\n<p>Por su parte, el Gobierno de M\u00e9xico, a trav\u00e9s del canciller Marcelo Ebrard, ha dejado ver que no abogar\u00e1 solo por Am\u00e9rica del Norte como regi\u00f3n, sino por Latinoam\u00e9rica y todo el continente en su conjunto. \"El presidente L\u00f3pez Obrador dec\u00eda, cuando fue el aniversario de Sim\u00f3n Bol\u00edvar, que Estados Unidos podr\u00eda buscar que todos los pa\u00edses de Am\u00e9rica nos unific\u00e1ramos y pas\u00e1ramos a una nueva etapa de respeto mutuo y eso es lo que se va a plantear\", afirm\u00f3 el encargado de la pol\u00edtica exterior mexicana.<\/p>\n<p>Pero si esta es la agenda de Estados Unidos, M\u00e9xico deber\u00eda tambi\u00e9n plantear la suya. Esta podr\u00eda estar encabezada por la demanda contra las\u00a0<strong>11 compa\u00f1\u00edas estadounidenses fabricantes de armas<\/strong>\u00a0que est\u00e1n m\u00e1s involucradas en el\u00a0<strong>tr\u00e1fico ilegal<\/strong>\u00a0a M\u00e9xico. Una demanda sin precedentes y que hasta el momento todav\u00eda est\u00e1 a discusi\u00f3n en los tribunales de Estados Unidos.<\/p>\n<p>M\u00e9xico tambi\u00e9n se ha visto interesado en llevar una propuesta al G-20 para tratar de establecer medidas conjuntas que frenen\u00a0<strong>la inflaci\u00f3n mundial<\/strong>\u00a0impulsada por la carencia de ciertas mercanc\u00edas y el conflicto b\u00e9lico entre Rusia y Ucrania. Antes de llevarlo al G-20, la Cumbre de las Am\u00e9ricas podr\u00eda ser un buen lugar para esbozarlo y llevar una propuesta continental com\u00fan que tenga mucha m\u00e1s fuerza.<\/p>\n<p>Antes del anuncio de la conversaci\u00f3n entre L\u00f3pez Obrador y Biden, el presidente mexicano ya hab\u00eda comunicado una gira por\u00a0<strong>Cuba, Belice, El Salvador, Guatemala y Honduras<\/strong>\u00a0del 5 al 9 de mayo. Este ser\u00e1 apenas el segundo viaje internacional de L\u00f3pez Obrador desde que lleg\u00f3 a la presidencia, siendo Estados Unidos la \u00fanica salida que hasta el momento ha hecho el mandatario mexicano.<\/p>\n<p>La agenda por Centroam\u00e9rica y el Caribe ya la ha dado a conocer L\u00f3pez Obrador por adelantado: la migraci\u00f3n de centroamericanos a Estados Unidos, que ha alcanzado cifras r\u00e9cord, y la necesidad de resolver las causas de fondo, como la pobreza y la falta empleo.<\/p>\n<p><strong>Con Cuba<\/strong>\u00a0los asuntos estar\u00e1n concentrados en los\u00a0<strong>temas de salud<\/strong>. No hay que olvidar que casi 600 m\u00e9dicos cubanos llegaron a M\u00e9xico para ayudar durante la pandemia y en la actualidad M\u00e9xico se plantea hacer mayores compras de la vacuna cubana Abdala contra el covid.<\/p>\n<p>Est\u00e1 claro que cada pa\u00eds tiene sus propios intereses y mientras que los de Estados Unidos en su relaci\u00f3n con M\u00e9xico se centran casi exclusivamente en migraci\u00f3n y narcotr\u00e1fico, nuestro pa\u00eds debe llevar agua a su molino y ampliar la discusi\u00f3n hacia materias m\u00e1s globales, como la inflaci\u00f3n o el papel de nuestro continente en la reconfiguraci\u00f3n geopol\u00edtica.<\/p>\n<p><strong>Debe haber di\u00e1logo y no mon\u00f3logo<\/strong>\u00a0en la conversaci\u00f3n del viernes en caso de que queramos ver avances y no solo una lista de buenos deseos y lugares comunes, como suelen ser la mayor\u00eda de las reuniones diplom\u00e1ticas en todo el mundo.<\/p>\n","protected":false},"excerpt":{"rendered":"<p>Javier Buenrostro (Russia Today, 28-4-22) &nbsp; El pasado martes, la Casa Blanca anunci\u00f3 que este viernes 29 de abril el presidente Joe Biden sostendr\u00e1 una reuni\u00f3n virtual con su hom\u00f3logo mexicano, Andr\u00e9s Manuel L\u00f3pez Obrador. Seg\u00fan la nota oficial, ambos l\u00edderes discutir\u00e1n la cooperaci\u00f3n en migraci\u00f3n y \"los esfuerzos conjuntos de desarrollo en Centroam\u00e9rica\", as\u00ed [&hellip;]<\/p>\n","protected":false},"author":1,"featured_media":45498,"comment_status":"open","ping_status":"open","sticky":false,"template":"","format":"standard","meta":{"footnotes":""},"categories":[14,12],"tags":[],"class_list":["post-50301","post","type-post","status-publish","format-standard","has-post-thumbnail","hentry","category-internacionales","category-politica-3"],"_links":{"self":[{"href":"https:\/\/debateplural.net\/site\/wp-json\/wp\/v2\/posts\/50301"}],"collection":[{"href":"https:\/\/debateplural.net\/site\/wp-json\/wp\/v2\/posts"}],"about":[{"href":"https:\/\/debateplural.net\/site\/wp-json\/wp\/v2\/types\/post"}],"author":[{"embeddable":true,"href":"https:\/\/debateplural.net\/site\/wp-json\/wp\/v2\/users\/1"}],"replies":[{"embeddable":true,"href":"https:\/\/debateplural.net\/site\/wp-json\/wp\/v2\/comments?post=50301"}],"version-history":[{"count":1,"href":"https:\/\/debateplural.net\/site\/wp-json\/wp\/v2\/posts\/50301\/revisions"}],"predecessor-version":[{"id":50302,"href":"https:\/\/debateplural.net\/site\/wp-json\/wp\/v2\/posts\/50301\/revisions\/50302"}],"wp:featuredmedia":[{"embeddable":true,"href":"https:\/\/debateplural.net\/site\/wp-json\/wp\/v2\/media\/45498"}],"wp:attachment":[{"href":"https:\/\/debateplural.net\/site\/wp-json\/wp\/v2\/media?parent=50301"}],"wp:term":[{"taxonomy":"category","embeddable":true,"href":"https:\/\/debateplural.net\/site\/wp-json\/wp\/v2\/categories?post=50301"},{"taxonomy":"post_tag","embeddable":true,"href":"https:\/\/debateplural.net\/site\/wp-json\/wp\/v2\/tags?post=50301"}],"curies":[{"name":"wp","href":"https:\/\/api.w.org\/{rel}","templated":true}]}}