{"id":50308,"date":"2022-04-28T15:21:20","date_gmt":"2022-04-28T19:21:20","guid":{"rendered":"https:\/\/debateplural.com\/inicio\/?p=50308"},"modified":"2022-04-28T15:21:20","modified_gmt":"2022-04-28T19:21:20","slug":"el-bumeran-de-las-sanciones","status":"publish","type":"post","link":"https:\/\/debateplural.net\/site\/2022\/04\/28\/el-bumeran-de-las-sanciones\/","title":{"rendered":"El bumer\u00e1n de las sanciones"},"content":{"rendered":"<div class=\"article__header\">\n<div>Alfredo Zaiat (Sputnik, 27-4-22)<\/div>\n<div><\/div>\n<div><\/div>\n<div class=\"article__announce-text\">Las sanciones econ\u00f3micas impulsadas por Estados Unidos contra Rusia est\u00e1n empezando a tener un efecto bumer\u00e1n para Occidente, en especial para las grandes corporaciones.<\/div>\n<div><\/div>\n<\/div>\n<div class=\"article__body\">\n<div class=\"article__block\" data-type=\"text\">\n<div class=\"article__text\">El caso m\u00e1s reciente fue\u00a0<a href=\"https:\/\/mundo.sputniknews.com\/20220420\/las-acciones-de-netflix-caen-un-39-por-la-mayor-perdida-de-suscriptores-en-una-decada-1124607564.html\" target=\"_blank\" rel=\"noopener\">la debacle de la cotizaci\u00f3n de Netflix<\/a>\u00a0pero tambi\u00e9n lo est\u00e1n empezando a sufrir compa\u00f1\u00edas a\u00e9reas estadounidenses y europeas, empresas de energ\u00eda, entre otras.<\/div>\n<div><\/div>\n<\/div>\n<div class=\"article__block\" data-type=\"text\">\n<div class=\"article__text\">En t\u00e9rminos generales, el impacto negativo se est\u00e1 reflejando en aumentos de precios generalizados impulsados por\u00a0<strong>el alza de los alimentos y la energ\u00eda<\/strong>.<\/div>\n<div><\/div>\n<\/div>\n<div class=\"article__block\" data-type=\"text\">\n<div class=\"article__text\">La suba de la tasa de inflaci\u00f3n est\u00e1 derivando entonces en decisiones de pol\u00edtica monetaria de las bancas centrales de subir la tasa de inter\u00e9s.<\/div>\n<div><\/div>\n<\/div>\n<div class=\"article__block\" data-type=\"text\">\n<div class=\"article__text\">Esta medida acompa\u00f1ada de la aceleraci\u00f3n de la tasa de inflaci\u00f3n tiene como consecuencia la ralentizaci\u00f3n del crecimiento de la econom\u00eda mundial.<\/div>\n<div><\/div>\n<\/div>\n<div class=\"article__block\" data-type=\"text\">\n<div class=\"article__text\">El saldo micro y macroecon\u00f3mico de las sanciones es un incremento del malestar social de la mayor\u00eda de la poblaci\u00f3n por el encarecimiento de los productos b\u00e1sicos y el consiguiente deterioro del poder adquisitivo de los ingresos de los hogares.<\/div>\n<\/div>\n<div class=\"article__block\" data-type=\"h2\">\n<h4 class=\"article__h2\">El caso Netflix<\/h4>\n<\/div>\n<div class=\"article__block\" data-type=\"text\">\n<div class=\"article__text\">El \u00faltimo balance trimestral del gigante del streaming Netflix revela que perdi\u00f3 200 mil suscriptores, pero en realidad hab\u00eda sumado 500 mil, pero al suspender el servicio en Rusia\u00a0<a href=\"https:\/\/s22.q4cdn.com\/959853165\/files\/doc_financials\/2022\/q1\/FINAL-Q1-22-Shareholder-Letter.pdf\" target=\"_blank\" rel=\"nofollow noopener\">perdi\u00f3 700 mil en ese pa\u00eds<\/a>.<\/div>\n<div><\/div>\n<\/div>\n<div class=\"article__block\" data-type=\"text\">\n<div class=\"article__text\">Con ese saldo registrado en el rubro cantidad de clientes, en el d\u00eda que difundi\u00f3 estos resultados, la acci\u00f3n de Netflix baj\u00f3 35%. Este derrumbe implic\u00f3 una p\u00e9rdida de mercado de unos 5500 millones de d\u00f3lares.<\/div>\n<div><\/div>\n<\/div>\n<div class=\"article__block\" data-type=\"text\">\n<div class=\"article__text\">Un monto considerable y una muestra del costo econ\u00f3mico que est\u00e1n empezando a contabilizar las compa\u00f1\u00edas estadounidenses por las sanciones a Rusia.<\/div>\n<\/div>\n<\/div>\n<div class=\"article__article m-image\"><\/div>\n<div>\n<div class=\"article__block\" data-type=\"text\">\n<div class=\"article__text\">Adem\u00e1s, usuarios de Netflix en Rusia\u00a0<a href=\"https:\/\/mundo.sputniknews.com\/20220413\/usuarios-rusos-exigen-una-indemnizacion-de-735500-a-netflix-por-su-salida-del-mercado-1124344773.html\" target=\"_blank\" rel=\"noopener\">presentaron quejas<\/a>\u00a0por<a href=\"https:\/\/mundo.sputniknews.com\/20220306\/la-plataforma-de-series-y-peliculas-netflix-suspende-sus-servicios-en-rusia-1122735949.html\" target=\"_blank\" rel=\"noopener\"> la suspensi\u00f3n del servicio en el pa\u00eds<\/a>. El bufete de abogados Chernyshov, Lukoyanov &amp; Partners ha preparado una demanda contra Netflix ante el tribunal de Khamovnichesky en Mosc\u00fa. El motivo de la demanda fue una violaci\u00f3n de los derechos de los usuarios rusos debido a la negativa unilateral de Netflix de brindar servicios en Rusia. Buscan una compensaci\u00f3n de 724.000 d\u00f3lares.<\/div>\n<div><\/div>\n<\/div>\n<div class=\"article__block\" data-type=\"text\">\n<div class=\"article__text\">A esta situaci\u00f3n habr\u00eda que sumar que en febrero Netflix no cumpli\u00f3 la ley Vitrina TV que obliga a transmitir 20 canales gratuitos rusos a plataformas audiovisuales con m\u00e1s de 100.000 suscriptores.<\/div>\n<div><\/div>\n<\/div>\n<div class=\"article__block\" data-type=\"text\">\n<div class=\"article__text\">Adem\u00e1s de la suspensi\u00f3n de su servicio de streaming de pel\u00edculas y series, Netflix puso en pausa proyectos que preve\u00eda realizar en Rusia. Ten\u00eda en cartera cuatro producciones originales en el pa\u00eds, incluyendo una adaptaci\u00f3n de\u00a0<em>Anna Karenina<\/em>, la c\u00e9lebre novela del autor ruso Le\u00f3n Tolstoi, publicada en 1978. El rodaje estaba en marcha y ahora se suspendi\u00f3 sin fecha de reanudaci\u00f3n.<\/div>\n<\/div>\n<div class=\"article__block\" data-type=\"h2\">\n<h4 class=\"article__h2\">M\u00e1s costos para las l\u00edneas a\u00e9reas<\/h4>\n<\/div>\n<div class=\"article__block\" data-type=\"text\">\n<div class=\"article__text\">Entre las varias sanciones aplicadas, Estados Unidos\u00a0<a href=\"https:\/\/www.prensa-latina.cu\/2022\/03\/10\/analizan-efecto-boomerang-de-sanciones-a-rusia\" target=\"_blank\" rel=\"nofollow noopener\">cerr\u00f3 su espacio a\u00e9reo a las aerol\u00edneas rusas<\/a>. La medida se tom\u00f3 despu\u00e9s de que la Uni\u00f3n Europea y Canad\u00e1 ya hab\u00edan prohibido la entrada de aviones rusos.<\/div>\n<div><\/div>\n<\/div>\n<div class=\"article__block\" data-type=\"text\">\n<div class=\"article__text\">Esta prohibici\u00f3n es simb\u00f3lica para Rusia. La compa\u00f1\u00eda a\u00e9rea rusa Aeroflot apenas operaba unos cuantos vuelos a la semana con destino a Estados Unidos, mientras algunos vuelos de United Airlines pasaban por el espacio a\u00e9reo ruso en su camino hacia y desde la India. Los transportistas de carga FedEx y UPS tambi\u00e9n dejaron de prestar servicio a Rusia.<\/div>\n<div><\/div>\n<\/div>\n<div class=\"article__block\" data-type=\"text\">\n<div class=\"article__text\">A la vez, Boeing y Airbus informaron que dejar\u00e1n de suministrar piezas de recambio y asistencia t\u00e9cnica a las aerol\u00edneas rusas. La mayor\u00eda de los aviones de las flotas rusas\u00a0<a href=\"https:\/\/mundo.sputniknews.com\/20220331\/la-mayoria-de-los-boeing-y-airbus-de-aerolineas-rusas-permanecen-en-rusia-1123855210.html\" target=\"_blank\" rel=\"noopener\">son fabricados por una de esas dos compa\u00f1\u00edas<\/a>.<\/div>\n<\/div>\n<\/div>\n<div><\/div>\n<div>\n<div class=\"article__block\" data-type=\"text\">\n<div class=\"article__text\">Pero Airbus\u00a0<a href=\"https:\/\/www.aviacionline.com\/2022\/04\/por-la-guerra-en-ucrania-y-el-conflicto-con-qatar-airbus-no-aumentara-la-produccion-del-a350\/\" target=\"_blank\" rel=\"nofollow noopener\">tendr\u00e1 que retrasar la ampliaci\u00f3n de la producci\u00f3n del A350<\/a>\u00a0debido a las sanciones a Rusia. El fabricante ya hab\u00eda demorado a principios de febrero su plan de aumento de producci\u00f3n. El objetivo era pasar de fabricar cinco A350 al mes a seis hacia principios de 2023. Las sanciones impuestas por occidente a Rusia impiden al fabricante con sede en Toulouse entregar aviones a Aeroflot.<\/div>\n<div><\/div>\n<\/div>\n<div class=\"article__block\" data-type=\"text\">\n<div class=\"article__text\">A los pa\u00edses que prohibieron la entrada de aviones rusos en su espacio a\u00e9reo, Mosc\u00fa respondi\u00f3 con igual medida. De ese modo, para las compa\u00f1\u00edas a\u00e9reas de Estados Unidos y, fundamentalmente, para las de la Uni\u00f3n Europeales implicar\u00e1 un quebranto importante, ya que ahora aumentar\u00e1n los tiempos y el costo de sus vuelos hacia y desde Asia, que suelen atravesar el espacio a\u00e9reo ruso.<\/div>\n<\/div>\n<div class=\"article__block\" data-type=\"h2\">\n<h4 class=\"article__h2\">Fuerte alza del costo de la energ\u00eda<\/h4>\n<\/div>\n<div class=\"article__block\" data-type=\"text\">\n<div class=\"article__text\">La salida de la pandemia del coronavirus y ahora el conflicto en Ucrania y las sanciones a Rusia han repercutido en el regreso a tasas de incrementos de precios que hacen crujir los bolsillos de las familias. La inflaci\u00f3n se est\u00e1 acelerando notablemente en la zona euro.<\/div>\n<div><\/div>\n<\/div>\n<div class=\"article__block\" data-type=\"text\">\n<div class=\"article__text\">En los \u00faltimos 12 meses subi\u00f3 7,5%,\u00a0<a href=\"https:\/\/es.statista.com\/temas\/9028\/inflacion-e-indices-de-precios-en-el-mundo\/#dossierKeyfigures\" target=\"_blank\" rel=\"nofollow noopener\">seg\u00fan Eurostat<\/a>, el Instituto europeo de estad\u00edsticas. (). Esta cifra es m\u00e1s alta de lo que esperaban los economistas del Banco Central Europeo (BCE) cuando la proyectaron previo a las sanciones.<\/div>\n<div><\/div>\n<\/div>\n<div class=\"article__block\" data-type=\"text\">\n<div class=\"article__text\">La disparada de la inflaci\u00f3n tiene primero una explicaci\u00f3n en los precios de la energ\u00eda, que\u00a0<a href=\"https:\/\/es.euronews.com\/next\/2022\/04\/21\/eurozona-inflacion\" target=\"_blank\" rel=\"nofollow noopener\">est\u00e1n subiendo m\u00e1s r\u00e1pido que antes<\/a>\u00a0debido a las sanciones europeas contra Rusia. En la zona euro,\u00a0<strong>los precios de la energ\u00eda aumentaron 44% interanual en marzo<\/strong>, despu\u00e9s de registrar un aumento de 32% en febrero. Los precios de los alimentos, el tabaco y el alcohol tambi\u00e9n subieron 5% en marzo, al igual que los de los productos industriales.<\/div>\n<\/div>\n<\/div>\n<div><\/div>\n<div>\n<div class=\"article__block\" data-type=\"text\">\n<div class=\"article__text\">El encarecimiento del gas, insumo vital para la producci\u00f3n de energ\u00eda en la mayor\u00eda de los pa\u00edses europeos, es el principal factor detr\u00e1s de la escalada en el precio de la electricidad de los \u00faltimos meses, que en algunos pa\u00edses\u00a0<strong>ha llevado a que la factura el\u00e9ctrica se multiplique por cinco en s\u00f3lo 12 meses<\/strong>.<\/div>\n<div><\/div>\n<\/div>\n<div class=\"article__block\" data-type=\"text\">\n<div class=\"article__text\">Ese gas proviene fundamentalmente de Rusia, y Europa ha decidido castigar el presupuesto de su poblaci\u00f3n al lanzarse a participar en el conflicto en Ucrania y al aplicar sanciones a Rusia, lo que deriv\u00f3 en un alza del precio de los combustibles.<\/div>\n<\/div>\n<div class=\"article__block\" data-type=\"h2\">\n<h4 class=\"article__h2\">La tasa de inflaci\u00f3n m\u00e1s elevada de los \u00faltimos 40 a\u00f1os<\/h4>\n<\/div>\n<div class=\"article__block\" data-type=\"text\">\n<div class=\"article__text\">\"La inflaci\u00f3n se ha convertido en un riesgo claro e inminente\",\u00a0<a href=\"https:\/\/news.un.org\/es\/story\/2022\/04\/1507392\" target=\"_blank\" rel=\"nofollow noopener\">alertan<\/a>\u00a0desde el Fondo Monetaria Internacional y recuerdan que antes del conflicto b\u00e9lico ya hab\u00eda subido por la escalada de los precios de las materias primas y los desequilibrios entre la oferta y la demanda.<\/div>\n<div><\/div>\n<\/div>\n<div class=\"article__block\" data-type=\"text\">\n<div class=\"article__text\">El Fondo Monetaria proyecta que la inflaci\u00f3n permanecer\u00e1 elevada por mucho m\u00e1s tiempo. \"En Estados Unidos y algunos pa\u00edses de Europa ha alcanzado m\u00e1ximos in\u00e9ditos en m\u00e1s de 40 a\u00f1os\u201d, destaca el informe.<\/div>\n<div><\/div>\n<\/div>\n<div class=\"article__block\" data-type=\"text\">\n<div class=\"article__text\">Adem\u00e1s, el conflicto aumenta el riesgo de una fragmentaci\u00f3n de la econom\u00eda mundial en bloques geopol\u00edticos con distintos patrones tecnol\u00f3gicos, sistemas de pagos transfronterizos y monedas de reserva.<\/div>\n<\/div>\n<div class=\"article__block\" data-type=\"quote\">\n<div class=\"article__quote\">\n<div class=\"article__quote-bg\">\n<div class=\"article__quote-bg-line\"><\/div>\n<\/div>\n<div class=\"article__quote-text\">\n<p>\"Un 'desplazamiento tect\u00f3nico' de este tipo ocasionar\u00eda p\u00e9rdidas de eficiencia a largo plazo, incrementar\u00eda la volatilidad y plantear\u00eda un grave problema para la estructura normativa que ha regido las relaciones internacionales y econ\u00f3micas durante los \u00faltimos 75 a\u00f1os\", destaca el estudio del FMI.<\/p>\n<\/div>\n<\/div>\n<\/div>\n<div class=\"article__block\" data-type=\"h2\">\n<h4 class=\"article__h2\">Menor crecimiento de la econom\u00eda mundial<\/h4>\n<\/div>\n<div class=\"article__block\" data-type=\"text\">\n<div class=\"article__text\">La crisis humanitaria en Ucrania est\u00e1 resonando en toda Europa.\u00a0<a href=\"https:\/\/www.imf.org\/es\/News\/Articles\/2022\/04\/22\/blog042222-eurreo-war-in-ukraine-is-serious-setback-to-europe-economic-recovery\" target=\"_blank\" rel=\"nofollow noopener\">Unos 5 millones de refugiados<\/a>\u00a0han huido de los combates en el mayor \u00e9xodo que el continente ha visto desde la Segunda Guerra Mundial, y hay varios millones m\u00e1s de personas internamente desplazadas. La mayor\u00eda ha abandonado el pa\u00eds a trav\u00e9s de las fronteras con Polonia, Rumania, Hungr\u00eda y Moldavia.<\/div>\n<div><\/div>\n<\/div>\n<div class=\"article__block\" data-type=\"text\">\n<div class=\"article__text\">Mientras la econom\u00eda mundial intentaba recuperarse de la crisis causada por la pandemia del coronavirus, el Fondo Monetario Internacional inform\u00f3 ahora acerca de las perspectivas financieras globales e indic\u00f3 que se desacelerar\u00e1 el crecimiento econ\u00f3mico y avivar\u00e1 la inflaci\u00f3n.<\/div>\n<\/div>\n<\/div>\n<div><\/div>\n<div>\n<div class=\"article__block\" data-type=\"text\">\n<div class=\"article__text\">En su reciente actualizaci\u00f3n de las perspectivas de la econom\u00eda mundial, el FMI revis\u00f3 a la baja sus proyecciones de crecimiento mundial al 3,6% tanto para este a\u00f1o como para el que viene, una estimaci\u00f3n inferior a la prevista en enero pasado.<\/div>\n<div><\/div>\n<\/div>\n<div class=\"article__block\" data-type=\"text\">\n<div class=\"article__text\">La correcci\u00f3n del Fondo se debe principalmente al impacto directo del conflicto y a las sanciones a Rusia. De este modo, las perspectivas de crecimiento de este a\u00f1o para la Uni\u00f3n Europea se ver\u00edan recortadas al 1,1%.<\/div>\n<div><\/div>\n<\/div>\n<div class=\"article__block\" data-type=\"text\">\n<div class=\"article__text\">Tambi\u00e9n\u00a0<strong>proyecta un m\u00ednimo crecimiento para Am\u00e9rica Latina y el Caribe<\/strong>\u00a0durante este a\u00f1o, al ubicarlo en 2,5% e igual porcentaje en 2023.<\/div>\n<div><\/div>\n<\/div>\n<div class=\"article__block\" data-type=\"text\">\n<div class=\"article__text\">En el informe sobre las perspectivas de la regi\u00f3n\u00a0<a href=\"https:\/\/blogs.imf.org\/2022\/04\/26\/latin-america-faces-unusually-high-risks\/\" target=\"_blank\" rel=\"nofollow noopener\">lo dice, en esta oportunidad, sin eufemismos<\/a>: \"La guerra en Ucrania est\u00e1 sacudiendo la econom\u00eda global y generando incertidumbre sobre las perspectivas de Am\u00e9rica Latina y el Caribe\".<\/div>\n<div><\/div>\n<\/div>\n<div class=\"article__block\" data-type=\"text\">\n<div class=\"article__text\">Para concluir que \"el impacto se est\u00e1 sintiendo en Am\u00e9rica Latina a trav\u00e9s de una mayor inflaci\u00f3n que est\u00e1 afectando los ingresos reales, especialmente de los m\u00e1s vulnerables\".<\/div>\n<\/div>\n<\/div>\n<div>\n<div class=\"article__block\" data-type=\"article\" data-article=\"main-photo\">\n<div class=\"article__article m-image\"><\/div>\n<\/div>\n<\/div>\n","protected":false},"excerpt":{"rendered":"<p>Alfredo Zaiat (Sputnik, 27-4-22) Las sanciones econ\u00f3micas impulsadas por Estados Unidos contra Rusia est\u00e1n empezando a tener un efecto bumer\u00e1n para Occidente, en especial para las grandes corporaciones. El caso m\u00e1s reciente fue\u00a0la debacle de la cotizaci\u00f3n de Netflix\u00a0pero tambi\u00e9n lo est\u00e1n empezando a sufrir compa\u00f1\u00edas a\u00e9reas estadounidenses y europeas, empresas de energ\u00eda, entre otras. [&hellip;]<\/p>\n","protected":false},"author":1,"featured_media":50309,"comment_status":"open","ping_status":"open","sticky":false,"template":"","format":"standard","meta":{"footnotes":""},"categories":[3,14],"tags":[],"class_list":["post-50308","post","type-post","status-publish","format-standard","has-post-thumbnail","hentry","category-economia","category-internacionales"],"_links":{"self":[{"href":"https:\/\/debateplural.net\/site\/wp-json\/wp\/v2\/posts\/50308"}],"collection":[{"href":"https:\/\/debateplural.net\/site\/wp-json\/wp\/v2\/posts"}],"about":[{"href":"https:\/\/debateplural.net\/site\/wp-json\/wp\/v2\/types\/post"}],"author":[{"embeddable":true,"href":"https:\/\/debateplural.net\/site\/wp-json\/wp\/v2\/users\/1"}],"replies":[{"embeddable":true,"href":"https:\/\/debateplural.net\/site\/wp-json\/wp\/v2\/comments?post=50308"}],"version-history":[{"count":1,"href":"https:\/\/debateplural.net\/site\/wp-json\/wp\/v2\/posts\/50308\/revisions"}],"predecessor-version":[{"id":50310,"href":"https:\/\/debateplural.net\/site\/wp-json\/wp\/v2\/posts\/50308\/revisions\/50310"}],"wp:featuredmedia":[{"embeddable":true,"href":"https:\/\/debateplural.net\/site\/wp-json\/wp\/v2\/media\/50309"}],"wp:attachment":[{"href":"https:\/\/debateplural.net\/site\/wp-json\/wp\/v2\/media?parent=50308"}],"wp:term":[{"taxonomy":"category","embeddable":true,"href":"https:\/\/debateplural.net\/site\/wp-json\/wp\/v2\/categories?post=50308"},{"taxonomy":"post_tag","embeddable":true,"href":"https:\/\/debateplural.net\/site\/wp-json\/wp\/v2\/tags?post=50308"}],"curies":[{"name":"wp","href":"https:\/\/api.w.org\/{rel}","templated":true}]}}