{"id":50343,"date":"2022-05-03T13:04:10","date_gmt":"2022-05-03T17:04:10","guid":{"rendered":"https:\/\/debateplural.com\/inicio\/?p=50343"},"modified":"2022-05-03T13:04:10","modified_gmt":"2022-05-03T17:04:10","slug":"venezuela-fin-de-la-crisis","status":"publish","type":"post","link":"https:\/\/debateplural.net\/site\/2022\/05\/03\/venezuela-fin-de-la-crisis\/","title":{"rendered":"Venezuela, \u00bffin de la crisis?"},"content":{"rendered":"<p>Ociel Al\u00ed L\u00f3pez (Russia Today, 2-5-22)<\/p>\n<p>&nbsp;<\/p>\n<p>Finalizando abril, toc\u00f3 el turno de la Comisi\u00f3n Econ\u00f3mica para Am\u00e9rica Latina y el Caribe (Cepal) para ofrecer reestimaciones sobre el crecimiento econ\u00f3mico de la regi\u00f3n. El ente multilateral public\u00f3 un informe teniendo en cuenta, especialmente, el impacto del conflicto en Ucrania, y en \u00e9l reubica a Venezuela en el top 3 de los pa\u00edses con crecimiento en 2022.<\/p>\n<p>Con alta difusi\u00f3n de importantes medios de EE.UU., la comisi\u00f3n regional de la ONU dio a conocer que el crecimiento de Venezuela se estima en 5 % para el a\u00f1o en curso.<\/p>\n<h3><strong>\u00bfQu\u00e9 quiere decir este dato?<\/strong><\/h3>\n<p>Seg\u00fan\u00a0<a href=\"https:\/\/cepal.org\/es\/comunicados\/se-profundiza-la-desaceleracion-america-latina-caribe-2022-se-espera-un-crecimiento\" target=\"_blank\" rel=\"noopener noreferrer\">el informe<\/a>, \"se prev\u00e9 un crecimiento promedio de 1,8 % para la regi\u00f3n (mientras que) las econom\u00edas de Am\u00e9rica del Sur crecer\u00e1n 1,5 %\". Es decir, Venezuela\u00a0<strong>triplicar\u00e1 el promedio del crecimiento de Suram\u00e9rica<\/strong>\u00a0y se ubica como el pa\u00eds con mejores proyecciones.<\/p>\n<p>En relaci\u00f3n a Am\u00e9rica Latina ser\u00e1 superado solo por Panam\u00e1 (6,3 %) y Rep\u00fablica Dominicana (5,3 %). Pero todos sus vecinos, incluyendo Brasil y Colombia, tendr\u00e1n, seg\u00fan el informe, un crecimiento inferior, lo que cambia el mapa econ\u00f3mico de la regi\u00f3n y permite recordar el rol petrolero del pa\u00eds caribe\u00f1o.<\/p>\n<p>Su crecimiento incluso superar\u00e1 en t\u00e9rminos porcentuales al de EE.UU. (2,8 %) y al de la Uni\u00f3n Europea (2,8 %) e igualar\u00e1 al de China. que tambi\u00e9n est\u00e1 siendo estimado en un 5 %.<\/p>\n<p>\"Las econom\u00edas de Am\u00e9rica Latina y el Caribe enfrentan una coyuntura compleja en el 2022 debido al conflicto b\u00e9lico entre Rusia y Ucrania que abri\u00f3 una nueva fuente de incertidumbre para la econom\u00eda mundial y est\u00e1 afectando negativamente el crecimiento global, estimado en 3,3 %, un punto porcentual menos de lo que se proyectaba antes del inicio de las hostilidades\", se\u00f1ala el documento.<\/p>\n<blockquote><p>\u00bfEsperan estos organismos un acontecimiento que marque el impulso de la econom\u00eda, como una disminuci\u00f3n de sanciones, o abiertas exenciones a petroleras internacionales para operar en Venezuela?<\/p><\/blockquote>\n<p>Es decir, Venezuela porcentualmente crecer\u00eda, de comprobarse el escenario planteado, 1,7 % m\u00e1s que la media mundial.\u00a0<strong>Esta\u00a0cifra resulta sorpresiva<\/strong>\u00a0debido a la conocida crisis que azot\u00f3 por al menos ocho a\u00f1os al pa\u00eds y que fue catalizada por un bloqueo financiero desde Washington.<\/p>\n<p>Despu\u00e9s de las estimaciones del banco suizo Credit Suisse, que proyect\u00f3 a comienzos de abril un crecimiento econ\u00f3mico para Venezuela en 20 % para 2022, \"de las m\u00e1s altas del mundo este a\u00f1o\", despu\u00e9s de una proyecci\u00f3n anterior que la ubicaba en 4,5 %, ahora la Cepal\u00a0<strong>corrobora que el crecimiento del pa\u00eds no ser\u00e1 t\u00edmido como inicialmente consideraba<\/strong>, sino que se proyecta de manera acentuada.<\/p>\n<p>Con ambos datos se estar\u00eda confirmando un rebote en la econom\u00eda en relaci\u00f3n a la larga ca\u00edda del PIB que sufri\u00f3 durante el segundo lustro de la segunda d\u00e9cada y que, durante varios a\u00f1os, produjo decrecimiento de dos d\u00edgitos.<\/p>\n<h3><strong>\u00bfLa raz\u00f3n de esta reestimaci\u00f3n?<\/strong><\/h3>\n<p>Es probable que el aumento del precio del petr\u00f3leo sea un factor importante para recalcular las proyecciones, pero de seguro no ser\u00e1 el \u00fanico.<\/p>\n<p>En a\u00f1os anteriores, especialmente antes de la pandemia, la recuperaci\u00f3n de los precios no hab\u00eda impactado del todo favorablemente en los ingresos de Venezuela debido a la baja producci\u00f3n petrolera de la industria nacional. Entonces parecer\u00eda l\u00f3gico que entes internacionales que han hecho estas proyecciones est\u00e9n considerando\u00a0<strong>un aumento de producci\u00f3n<\/strong>\u00a0por alguna v\u00eda que a\u00fan no se confirma. Aunque, cabe decirlo, el precio se estabiliza ahora de forma mucho m\u00e1s elevada que en la prepandemia.<\/p>\n<p>Lo parad\u00f3jico de los datos de crecimiento viene dado por el reporte de la OPEP, que afirma que el pa\u00eds caribe\u00f1o desaceler\u00f3 7,6 % su producci\u00f3n petrolera durante el mes de marzo del actual a\u00f1o en el que produjo 728.000 barriles diarios, cuando al finalizar el 2021 se acercaba al mill\u00f3n de barriles.<\/p>\n<p>Son p\u00fablicas las\u00a0<strong>presiones de la petrolera Chevron<\/strong>\u00a0en Washington para que\u00a0<strong>cesen las sanciones<\/strong>\u00a0que le impiden aumentar la producci\u00f3n en Venezuela, pero a\u00fan no hay luz verde de la Casa Blanca o la Oficina de Control de Activos de EE.UU. que d\u00e9 para pensar que habr\u00e1 un cambio irreversible en la pol\u00edtica estadounidense este mismo a\u00f1o.<\/p>\n<p>Entonces, \u00bfd\u00f3nde ubicar los factores de esta evoluci\u00f3n favorable en 2022? \u00bfEsperan estos organismos un acontecimiento que marque el impulso de la econom\u00eda, como una disminuci\u00f3n de sanciones, o abiertas exenciones a petroleras internacionales para operar en Venezuela?<\/p>\n<p>Washington, a pesar de las reuniones divulgadas con el Gobierno de Nicol\u00e1s Maduro, no ha adelantado nada en este sentido y cabe recordar que este es un a\u00f1o electoral y, por ende, de sumo cuidado pol\u00edtico. Entonces, podr\u00eda parecer que el crecimiento esperado no depende necesariamente de la decisi\u00f3n de\u00a0EE.UU. sobre las sanciones.<\/p>\n<h3><strong>Oposici\u00f3n venezolana pide a Biden cesar sanciones financieras<\/strong><\/h3>\n<p>Semanas antes de conocerse las estimaciones de la Cepal, un grupo de conocidos economistas y empresarios, afectos a la oposici\u00f3n, ped\u00edan, por medio de\u00a0<a href=\"https:\/\/twitter.com\/APjoshgoodman\/status\/1514619589895860229\" target=\"_blank\" rel=\"noopener noreferrer\">una carta<\/a>\u00a0dirigida al presidente Joe Biden, llamada en los medios 'Carta de los 25&#8242;, el cese de las sanciones.<\/p>\n<p>\"Si bien las sanciones econ\u00f3micas\u00a0no son la ra\u00edz de la emergencia humanitaria en Venezuela, han exacerbado gravemente las condiciones para el venezolano promedio\", reza el documento.<\/p>\n<blockquote><p>Esta postura p\u00fablica devela la disgregaci\u00f3n actual de la estrategia prointervencionista que ha sostenido la oposici\u00f3n y pone en \u00f3rbita otra estrategia que trata de pasar la p\u00e1gina del tutelaje del \"trumpismo\" sobre la pol\u00edtica opositora.<\/p><\/blockquote>\n<p>Entre los firmantes se encuentran dos expresidentes de la patronal venezolana, como Ricardo Cusano y Jorge Botti, adem\u00e1s de economistas que han sido abiertos activistas pro-oposici\u00f3n y contrarios al Gobierno del presidente Nicol\u00e1s Maduro, como Jos\u00e9 Guerra (exdiputado) y Rafael Quiroz.<\/p>\n<p>Esta postura p\u00fablica devela la disgregaci\u00f3n actual de la estrategia prointervencionista que ha sostenido la oposici\u00f3n, especialmente desde la autojuramentaci\u00f3n de Juan Guaid\u00f3 en 2019, y pone en \u00f3rbita otra estrategia que trata de pasar la p\u00e1gina del tutelaje del \"trumpismo\" sobre la pol\u00edtica opositora.<\/p>\n<h3><strong>No solo la econom\u00eda y la pol\u00edtica, tambi\u00e9n las l\u00edneas a\u00e9reas<\/strong><\/h3>\n<p>El 24 de abril, el medio estadounidense Bloomberg\u00a0<a href=\"https:\/\/www.bloomberglinea.com\/2022\/04\/24\/la-aviacion-comercial-en-venezuela-da-senales-de-una-nueva-etapa\/?utm_source=facebook&amp;utm_medium=paid&amp;utm_campaign=post&amp;utm_id=CTA&amp;fbclid=IwAR09wjUKvjPIAoBcU4i8meCD-XgNYZ9vSk7tUqNREyzMXDRpyYwspd3nWUM\" target=\"_blank\" rel=\"noopener noreferrer\">rese\u00f1aba<\/a>\u00a0el reinicio de las operaciones hacia Venezuela de la l\u00ednea a\u00e9rea TAP Air Portugal y partir de all\u00ed, lo suma a un conjunto de se\u00f1ales que estar\u00eda dando la aviaci\u00f3n comercial internacional para marcar una nueva etapa de sus operaciones en Venezuela.<\/p>\n<p>En 2019, en pleno auge de la confrontaci\u00f3n pol\u00edtica, las principales aerol\u00edneas, como Lufthansa, Air Canada o Alitalia, decidieron retirar sus operaciones, y seg\u00fan recoge este medio, es posible que est\u00e9n pensando en retomarlas.<\/p>\n<p>La reactivaci\u00f3n de la aviaci\u00f3n comercial, las estimaciones antes mencionadas y el pronunciamiento de sectores opositores parecen dar cuenta de un nuevo tratamiento al tema Venezuela y al abandono, a\u00fan no definitivo, de la pol\u00edtica de sanciones. Retomando un discurso optimista y recordando el rol petrolero venezolano.<\/p>\n","protected":false},"excerpt":{"rendered":"<p>Ociel Al\u00ed L\u00f3pez (Russia Today, 2-5-22) &nbsp; Finalizando abril, toc\u00f3 el turno de la Comisi\u00f3n Econ\u00f3mica para Am\u00e9rica Latina y el Caribe (Cepal) para ofrecer reestimaciones sobre el crecimiento econ\u00f3mico de la regi\u00f3n. El ente multilateral public\u00f3 un informe teniendo en cuenta, especialmente, el impacto del conflicto en Ucrania, y en \u00e9l reubica a Venezuela [&hellip;]<\/p>\n","protected":false},"author":1,"featured_media":42894,"comment_status":"open","ping_status":"open","sticky":false,"template":"","format":"standard","meta":{"footnotes":""},"categories":[14,12],"tags":[],"class_list":["post-50343","post","type-post","status-publish","format-standard","has-post-thumbnail","hentry","category-internacionales","category-politica-3"],"_links":{"self":[{"href":"https:\/\/debateplural.net\/site\/wp-json\/wp\/v2\/posts\/50343"}],"collection":[{"href":"https:\/\/debateplural.net\/site\/wp-json\/wp\/v2\/posts"}],"about":[{"href":"https:\/\/debateplural.net\/site\/wp-json\/wp\/v2\/types\/post"}],"author":[{"embeddable":true,"href":"https:\/\/debateplural.net\/site\/wp-json\/wp\/v2\/users\/1"}],"replies":[{"embeddable":true,"href":"https:\/\/debateplural.net\/site\/wp-json\/wp\/v2\/comments?post=50343"}],"version-history":[{"count":1,"href":"https:\/\/debateplural.net\/site\/wp-json\/wp\/v2\/posts\/50343\/revisions"}],"predecessor-version":[{"id":50344,"href":"https:\/\/debateplural.net\/site\/wp-json\/wp\/v2\/posts\/50343\/revisions\/50344"}],"wp:featuredmedia":[{"embeddable":true,"href":"https:\/\/debateplural.net\/site\/wp-json\/wp\/v2\/media\/42894"}],"wp:attachment":[{"href":"https:\/\/debateplural.net\/site\/wp-json\/wp\/v2\/media?parent=50343"}],"wp:term":[{"taxonomy":"category","embeddable":true,"href":"https:\/\/debateplural.net\/site\/wp-json\/wp\/v2\/categories?post=50343"},{"taxonomy":"post_tag","embeddable":true,"href":"https:\/\/debateplural.net\/site\/wp-json\/wp\/v2\/tags?post=50343"}],"curies":[{"name":"wp","href":"https:\/\/api.w.org\/{rel}","templated":true}]}}