{"id":5046,"date":"2016-04-25T11:29:45","date_gmt":"2016-04-25T15:29:45","guid":{"rendered":"http:\/\/debateplural.com\/?p=5046"},"modified":"2016-06-23T13:46:28","modified_gmt":"2016-06-23T13:46:28","slug":"la-responsabilidad-de-eeuu-ante-la-amenaza-de-daesh","status":"publish","type":"post","link":"https:\/\/debateplural.net\/site\/2016\/04\/25\/la-responsabilidad-de-eeuu-ante-la-amenaza-de-daesh\/","title":{"rendered":"La responsabilidad de EEUU ante la amenaza de Daesh"},"content":{"rendered":"<div id=\"attachment_5047\" style=\"width: 715px\" class=\"wp-caption aligncenter\"><img loading=\"lazy\" decoding=\"async\" aria-describedby=\"caption-attachment-5047\" class=\"size-full wp-image-5047\" src=\"http:\/\/tripletecnologia.com\/website\/debateplural\/wp-content\/uploads\/2016\/04\/casa-blanca-washington-3.jpg\" alt=\"Casa Blanca (Washington)\" width=\"705\" height=\"381\" \/><p id=\"caption-attachment-5047\" class=\"wp-caption-text\">Casa Blanca (Washington)<\/p><\/div>\n<p style=\"text-align:justify;\"><strong>Debateplural.com, comparte con los lectores el interesante art\u00edculo de Francisco Herranz, titulado \u201cLa responsabilidad de EEUU ante la amenaza de Daesh\u201d, publicado en el portal Sputniknews.com, en fecha 22 de abril de 2016.<\/strong><\/p>\n<p class=\"b-article__lead\" style=\"text-align:justify;\">La actual amenaza terrorista que ha dejado cientos de muertos en <a href=\"http:\/\/localhost\/debateplural\/tag\/europa\">Europa <\/a>desde el 11-S ha provocado que afloraran numerosas preguntas a la opini\u00f3n p\u00fablica.<!--more--><\/p>\n<div class=\"b-article__text\" style=\"text-align:justify;\">\n<p class=\"marker-quote1\" style=\"text-align:justify;\">\u00bfPor qu\u00e9 se han producido todos esos atentados? \u00bfHan sido perpetrados realmente en nombre del islam? \u00bfO acaso est\u00e1n relacionados con la inmigraci\u00f3n? \u00bfCu\u00e1l ha sido el grado de responsabilidad de los servicios de inteligencia? \u00bfHasta qu\u00e9 punto son responsables los propios pa\u00edses occidentales como, por ejemplo, <a href=\"http:\/\/localhost\/debateplural\/tag\/estados-unidos\">Estados Unidos<\/a>?<\/p>\n<p>Los \u00faltimos actos de terror vividos en el Viejo Continente evidencian la intensidad de un desaf\u00edo que tiene como principal exponente al Daesh (autodenominado<a href=\"http:\/\/localhost\/debateplural\/tag\/estado-islamico\"> Estado Isl\u00e1mico<\/a>, proscrito en<a href=\"http:\/\/localhost\/debateplural\/tag\/rusia\"> Rusia<\/a> y otros pa\u00edses), aunque tampoco se debe despreciar el poder intimidatorio de Al Qaeda en el Magreb (AQMI), cuyas huestes operan en el norte africano. Son individuos que se llaman a s\u00ed mismos musulmanes y que citan pasajes del Cor\u00e1n como el que dice \u201cmatadlos all\u00e1 donde los encontr\u00e9is\u201d (sura 2) para cometer sus tropel\u00edas. Se refugian en una lectura particular y sangrienta del libro religioso isl\u00e1mico y regulan la vida social de los territorios que conquistan de acuerdo a las fatuas que ellos mismos lanzan. As\u00ed, vivir bajo el dominio de los hombres negros del autodenominado Estado Isl\u00e1mico se convierte en una suerte de pesadilla real.A muchos musulmanes les resulta imposible asimilar que se cometan actos sangrientos indiscriminados en nombre del Cor\u00e1n, pues su libro santo recoge mensajes de luz, paz y concordia. As\u00ed, asegura muy claramente que cualquier vida humana es preciosa y \u201cque si alguien mata a una persona no en venganza de un asesinato, y\/o para propagar el da\u00f1o por la tierra ser\u00eda como si matara a toda la humanidad\u201d.<\/p>\n<p>La siguiente pregunta es: \u00bfson verdaderamente musulmanes estos sujetos? No est\u00e1 claro.\u00a0 La instituci\u00f3n de referencia del mundo musulm\u00e1n, la universidad Al Azhar de El Cairo, no les considera no-isl\u00e1micos, y se ha negado a llamarles ap\u00f3statas mientras sigan haciendo profesi\u00f3n de fe. \u00bfPor qu\u00e9 no lo hacen?<\/p>\n<p style=\"text-align:justify;\">Hace cuatro meses, concretamente el pasado 2 de diciembre, durante un debate abierto celebrado en la Universidad de El Cairo, al doctor Ahmed al Tayeb, jeque y gran imam de Al Azhar\u00a0\u2014por consiguiente la m\u00e1xima autoridad del centro universitario\u2014 le preguntaron por qu\u00e9 Al Azhar no emite una declaraci\u00f3n formal denunciando que el Estado Isl\u00e1mico ha ca\u00eddo en un estado de \u201ckufr\u201d o rechazo, es decir, que se ha convertido en infiel.<\/p>\n<p style=\"text-align:justify;\">Tayeb dijo que la \u00fanica forma que tiene Al Azhar de hacerlo es si un musulm\u00e1n rechaza formalmente los principios fundamentales del Islam como son la \u201cshadada\u201d\u00a0\u2014\u201cNo hay m\u00e1s Dios que Al\u00e1 y Mahoma es su profeta\u201d\u2014 y las escrituras isl\u00e1micas.<\/p>\n<p>De forma ret\u00f3rica el gran imam egipcio se pregunt\u00f3 cu\u00e1l ser\u00eda la situaci\u00f3n, de acuerdo a la sharia o ley isl\u00e1mica, de un musulm\u00e1n que acepta los fundamentos del islam pero que comete grandes pecados como beber alcohol. \u00bfSer\u00eda denunciado como infiel? El jeque de Al Azhar respondi\u00f3 diciendo que eso depender\u00eda de los puntos de vista de las escuelas sun\u00edes de jurisprudencia isl\u00e1mica. Algunas dicen que un musulm\u00e1n que bebe o comete otros graves delitos se convierte en infiel mientras que otras escuelas no est\u00e1n seguras de eso y dejan su destino en manos de Al\u00e1.Tayeb concluy\u00f3 diciendo que \"Al Azhar no puede acusar a ning\u00fan [musulm\u00e1n] de ser un kafir [infiel], mientras crea en Al\u00e1 y en el Juicio Final, incluso si comete una atrocidad. No puedo denunciar al ISIS [Daesh] como no isl\u00e1mico, pero puedo decir que ellos causan la corrupci\u00f3n en la tierra [una grave acusaci\u00f3n en t\u00e9rminos cor\u00e1nicos]. El ISIS cree que aquellos [musulmanes] que cometen grandes pecados son kafirs y pueden ser asesinados. As\u00ed, si yo les denuncio como no-isl\u00e1micos, caigo en la misma [trampa] que ahora estoy condenando\u201d.<\/p>\n<p><strong>\u00bfDe d\u00f3nde proceden estos individuos tan radicales y fan\u00e1ticos?<\/strong><\/p>\n<p>Los datos de los analistas indican que hay 4.000 europeos luchando en el bando de Daesh, y concretamente en el caso de B\u00e9lgica 40 por cada mill\u00f3n de habitantes. En otras palabras, entre una cuarta y una quinta parte de los combatientes procede de Europa y eso dice mucho de lo que est\u00e1 pasando en el Viejo Continente. Algo muy grave est\u00e1 ocurriendo dentro de sus fronteras y no todos los pa\u00edses se ven igualmente afectados.Daesh est\u00e1 movilizando a segundas generaciones de musulmanes en B\u00e9lgica, <a href=\"http:\/\/localhost\/debateplural\/tag\/francia\">Francia<\/a> y Holanda, pero en Espa\u00f1a e Italia este fen\u00f3meno se da en mucha menor medida. Es relevante el dato de que no tienen impacto en los dos pa\u00edses europeos donde viven m\u00e1s musulmanes, esto es, Bulgaria y Chipre.<\/p>\n<p>Estas segundas generaciones no se identifican con su lugar de nacimiento ni con el de sus padres, y muy a menudo sufren el impacto de las pol\u00edticas sociales y las din\u00e1micas internas de los musulmanes. Desde el punto de vista sociol\u00f3gico, no es nada f\u00e1cil definir su perfil concreto pues muchos de ellos son de clase media y algunos tienen estudios universitarios.<\/p>\n<p>\u201cEl problema radica en una crisis de identidad a la que no se dio importancia en el pasado\u201d, admite Fernando Reinares, director del Programa de Terrorismo Global del Real Instituto Elcano. El especialista en seguridad tambi\u00e9n ve relevante el tema de la islamizaci\u00f3n del radicalismo.<\/p>\n<p><strong>\u00bfQu\u00e9 se ha hecho hasta el momento? \u00bfY qu\u00e9 se puede hacer a partir de ahora contra este brote yihadista?<\/strong><\/p>\n<p>Tras los atentados en Londres en julio de 2005 se desarrollaron programas europeos de reintegraci\u00f3n, programas que son competencia nacional, y que no est\u00e1n funcionando a tenor de las cifras de movilizaci\u00f3n y radicalizaci\u00f3n. Los planes se aplicaron principalmente en el Reino Unido, Holanda y los pa\u00edses escandinavos.<\/p>\n<p style=\"text-align:justify;\">En el contexto actual urge revisar estos programas, especialmente en dos \u00e1mbitos: el de las prisiones, con respecto a los retornados (los combatientes que regresan a Europa); y el de las redes sociales, con respecto a la captaci\u00f3n de adeptos.<\/p>\n<p style=\"text-align:justify;\">\u201cA la hora de encontrar soluciones, el cara a cara (individualizar) es muy importante. No existen f\u00f3rmulas m\u00e1gicas, y el mejor m\u00e9todo es el de prueba y error y la evaluaci\u00f3n posterior. Hay que pensar en la desradicalizaci\u00f3n. Hay que hacer did\u00e1ctica social. Hay que activar la inteligencia contra la radicalizaci\u00f3n. Hay que ser m\u00e1s resilientes (es decir, capaces de adaptarse a una situaci\u00f3n adversa)\u201d, sostiene Carlota Garc\u00eda-Calvo, investigadora del programa que dirige Reinares.<\/p>\n<div class=\"b-inject m-inject-min\">\n<div class=\"b-inject__media\">\n<div class=\"b-inject__type m-audio\" style=\"text-align:justify;\">\u201cLas pol\u00edticas de integraci\u00f3n no funcionan. Se magnifica la amenaza que no es existencial. Se est\u00e1 sobredimensionando y eso no ayuda a la respuesta\u201d, declara Jes\u00fas N\u00fa\u00f1ez Villaverde, codirector del Instituto de Estudios sobre Conflictos y Acci\u00f3n Humanitaria (IECAH). \u201cTenemos que cuestionar nuestras pol\u00edticas exteriores y hacerlas m\u00e1s coherentes. No se pueden vender armas, justificar golpes como el de Egipto o sonre\u00edr a Arabia Saud\u00ed que apoya el yihadismo. Hay mucha diferencia entre lo que decimos y hacemos, entre nuestros valores y la realpolitik. Las sociedades musulmanas que ven que Occidente sigue ayudando a reg\u00edmenes impresentables se muestran antioccidentales\u201d, a\u00f1ade el polit\u00f3logo, quien tambi\u00e9n es comandante en la reserva.<\/div>\n<\/div>\n<\/div>\n<p style=\"text-align:justify;\">\u201cTambi\u00e9n hay que modificar el concepto de seguridad. Se trata de que haya m\u00e1s coordinaci\u00f3n entre los servicios secretos y entre la polic\u00eda, m\u00e1s colaboraci\u00f3n entre los sistemas judiciales europeos, m\u00e1s colaboraci\u00f3n entre los sistemas econ\u00f3micos europeos. Todo esto est\u00e1 en el papel pero no en la pr\u00e1ctica\u201d, explica N\u00fa\u00f1ez Villaverde.<\/p>\n<p><strong>\u00bfCu\u00e1les son las motivaciones de estos extremistas?<\/strong><\/p>\n<p style=\"text-align:justify;\">Son muy distintas.\u00a0 En el colectivo del Daesh encontramos a ex militares iraqu\u00edes, fruto del\u00a0 error estrat\u00e9gico clamoroso cometido por Estados Unidos con su invasi\u00f3n de Irak en marzo de 2003, pero tambi\u00e9n hay revanchistas, mercenarios extranjeros que son bien pagados por los yihadistas, e incluso amantes de las aventuras extremas.<\/p>\n<p style=\"text-align:justify;\">\u201cConociendo esa diversidad podremos encontrar una soluci\u00f3n\u201d, considera N\u00fa\u00f1ez Villaverde, quien hace mucho hincapi\u00e9 en el lenguaje que se maneja al hablar del islam pues a veces es despectivo y eso supone \u201cun error brutal que engrandece al enemigo\u201d.<\/p>\n<p><strong>\u00bfHay riesgo de que los yihadistas usen armas de destrucci\u00f3n masiva?<\/strong><\/p>\n<p style=\"text-align:justify;\">El sistema no garantiza la seguridad al 100%, pero existe cierto alarmismo con respecto a que utilicen una bomba sucia cuyo efecto letal es bastante reducido, es decir, no se puede comparar al que produce una bomba at\u00f3mica. Al Qaeda las ha buscado en el pasado con lo que no se descarta que tambi\u00e9n lo est\u00e9 haciendo el Daesh. No obstante, el material nuclear est\u00e1 muy controlado y su huella es muy fuerte.<\/p>\n<p><strong>\u00bfCu\u00e1l es el grado de responsabilidad de los Estados en esta escalada terrorista excepcional?<\/strong><\/p>\n<p>Su responsabilidad es enorme. A la hipocres\u00eda y el doble rasero de los gobiernos occidentales hay que sumar el hecho de que Washington desencaden\u00f3, con su entrada en Irak, un amplio movimiento de insurgencia que aliment\u00f3 los tent\u00e1culos de Al Qaeda y adem\u00e1s provoc\u00f3 su mutaci\u00f3n en lo que ahora es el temible Estado Isl\u00e1mico, un monstruo que salt\u00f3 las fronteras y se instal\u00f3 tambi\u00e9n en Siria. Por ejemplo, Estados Unidos tuvo detenido de febrero a diciembre de 2004 en el centro clandestino de Camp Bucca al autoproclamado califa del Daesh Abu Bakr al Bagdadi.<\/p>\n<p style=\"text-align:justify;\">Por otro lado, hay pa\u00edses europeos, cuyas decisiones antiterroristas son lentas y desiguales. \u00bfAlimentan los pa\u00edses Schengen las bases de datos de Schengen? No. Y eso podr\u00eda haber contribuido a una mejor reacci\u00f3n policial que evitara los atentados de Par\u00eds y Bruselas.<\/p>\n<p>Resumiendo, para hacer frente a esta movilizaci\u00f3n yihadista que no tiene precedentes si la comparamos con la de los Balcanes, Chechenia o Irak, hay que tomar medidas multifac\u00e9ticas que van m\u00e1s all\u00e1 de los bombardeos a\u00e9reos. Es preciso tener en cuenta los efectos desfavorecedores de ciertas pol\u00edticas educativas, la reacci\u00f3n de la sociedad civil y el comportamiento de la comunidad isl\u00e1mica \u2013la umma- que, seg\u00fan una reciente encuesta realizada en Reino Unido, no aprueba el terrorismo, pero tampoco delatar\u00eda a un hermano musulm\u00e1n.<\/p>\n<\/div>\n<p style=\"text-align:justify;\">\n","protected":false},"excerpt":{"rendered":"<p>Debateplural.com, comparte con los lectores el interesante art\u00edculo de Francisco Herranz, titulado \u201cLa responsabilidad de EEUU ante la amenaza de Daesh\u201d, publicado en el portal Sputniknews.com, en fecha 22 de abril de 2016. La actual amenaza terrorista que ha dejado cientos de muertos en Europa desde el 11-S ha provocado que afloraran numerosas preguntas a [&hellip;]<\/p>\n","protected":false},"author":1,"featured_media":6808,"comment_status":"open","ping_status":"open","sticky":false,"template":"","format":"standard","meta":{"footnotes":""},"categories":[14,12],"tags":[54,8,67,9,40],"class_list":["post-5046","post","type-post","status-publish","format-standard","has-post-thumbnail","hentry","category-internacionales","category-politica-3","tag-estado-islamico","tag-estados-unidos","tag-europa","tag-francia","tag-rusia"],"_links":{"self":[{"href":"https:\/\/debateplural.net\/site\/wp-json\/wp\/v2\/posts\/5046"}],"collection":[{"href":"https:\/\/debateplural.net\/site\/wp-json\/wp\/v2\/posts"}],"about":[{"href":"https:\/\/debateplural.net\/site\/wp-json\/wp\/v2\/types\/post"}],"author":[{"embeddable":true,"href":"https:\/\/debateplural.net\/site\/wp-json\/wp\/v2\/users\/1"}],"replies":[{"embeddable":true,"href":"https:\/\/debateplural.net\/site\/wp-json\/wp\/v2\/comments?post=5046"}],"version-history":[{"count":1,"href":"https:\/\/debateplural.net\/site\/wp-json\/wp\/v2\/posts\/5046\/revisions"}],"predecessor-version":[{"id":6809,"href":"https:\/\/debateplural.net\/site\/wp-json\/wp\/v2\/posts\/5046\/revisions\/6809"}],"wp:featuredmedia":[{"embeddable":true,"href":"https:\/\/debateplural.net\/site\/wp-json\/wp\/v2\/media\/6808"}],"wp:attachment":[{"href":"https:\/\/debateplural.net\/site\/wp-json\/wp\/v2\/media?parent=5046"}],"wp:term":[{"taxonomy":"category","embeddable":true,"href":"https:\/\/debateplural.net\/site\/wp-json\/wp\/v2\/categories?post=5046"},{"taxonomy":"post_tag","embeddable":true,"href":"https:\/\/debateplural.net\/site\/wp-json\/wp\/v2\/tags?post=5046"}],"curies":[{"name":"wp","href":"https:\/\/api.w.org\/{rel}","templated":true}]}}