{"id":50535,"date":"2022-05-19T12:09:08","date_gmt":"2022-05-19T16:09:08","guid":{"rendered":"https:\/\/debateplural.com\/inicio\/?p=50535"},"modified":"2022-05-19T12:09:08","modified_gmt":"2022-05-19T16:09:08","slug":"la-cumbre-y-la-crisis-de-hegemonia-de-eu","status":"publish","type":"post","link":"https:\/\/debateplural.net\/site\/2022\/05\/19\/la-cumbre-y-la-crisis-de-hegemonia-de-eu\/","title":{"rendered":"La cumbre y la crisis de hegemon\u00eda de EU"},"content":{"rendered":"<div>Angel Guerra (teleSur, 18-5-22)<\/div>\n<div><\/div>\n<div><\/div>\n<div><\/div>\n<div class=\"blogtit\">La ca\u00f3tica situaci\u00f3n pol\u00edtica creada por el gobierno de Estados Unidos (EU) de cara a la IX edici\u00f3n de la llamada Cumbre de las Am\u00e9ricas refleja, en primer lugar, la renuencia del imperio a aceptar la grave crisis de liderazgo y hegemon\u00eda que sufre a escala mundial.<\/div>\n<div class=\"txt_newworld\">\n<div class=\"qnewworld\"><\/div>\n<p>Washington ha despertado rebeld\u00eda y desconfianza en Am\u00e9rica Latina y el Caribe (ALC) con su turbio y antidemocr\u00e1tico manejo de los preparativos de la pr\u00f3xima reuni\u00f3n\u00a0en Los \u00c1ngeles, y su actitud\u00a0excluyente como anfitri\u00f3n.<\/p>\n<p>Desde la\u00a0VI\u00a0Cumbre en Cartagena era ya un\u00a0clamor de los gobiernos de la regi\u00f3n el que\u00a0no hubiera exclusiones y que en la pr\u00f3xima deb\u00eda invitarse a Cuba. En virtud de esa exigencia, particip\u00f3 en la VII Cumbre de Panam\u00e1 el\u00a0entonces presidente Raul Castro y se produjo el\u00a0hist\u00f3rico\u00a0encuentro entre el veterano revolucionario y Obama, primero entre mandatarios de la isla y EU desde el triunfo de la Revoluci\u00f3n Cubana.<\/p>\n<p>Por eso, la valiente oposici\u00f3n del presidente Andr\u00e9s Manuel L\u00f3pez Obrador a las exclusiones\u00a0no es ninguna ocurrencia, como vociferan hist\u00e9ricamente los pol\u00edticos y bocinas medi\u00e1ticas de la derecha. Responde a una sentida demanda de los pueblos y de la mayor\u00eda de gobiernos latinoamericanos y caribe\u00f1os.<\/p>\n<p>Por citar un ejemplo importante, es conocido el rechazo existente entre los pa\u00edses miembros del CARICOM respecto a una eventual exclusi\u00f3n de La Habana y tambi\u00e9n por las groseras presiones a que est\u00e1n sometidos por\u00a0Washington para que la acepten. La no\u00a0participaci\u00f3n de Cuba ser\u00eda un grave retroceso hist\u00f3rico despu\u00e9s de\u00a0que fuera invitada\u00a0tambi\u00e9n a la VIII Cumbre en Lima, como denunci\u00f3 hace m\u00e1s de un mes el canciller cubano Bruno Rodr\u00edguez Parrilla.<\/p>\n<p>Pero el presidente Biden y, en general, las elites estadunidenses, parecen totalmente rebasados por la crisis y, para salir de ella no encuentran otro camino que acudir a las viejas f\u00f3rmulas agresivas y guerreristas, aunque se expresen con formas nuevas.<\/p>\n<p>Es el caso de la actual guerra mundial multidimensional \u2013de la que Ucrania no es m\u00e1s que uno entre varios teatros de operaciones y la v\u00edctima sacrificial de la arrogancia \u201coccidental\u201d-\u00a0\u00a0cuya causa solo\u00a0puede explicarse a partir\u00a0de dos realidades.<\/p>\n<p>La primera es que Washington reh\u00fasa aceptar que el mundo cambi\u00f3 y que la unipolaridad posterior al desplome\u00a0de la URSS (1991), fue algo ef\u00edmero\u00a0hoy\u00a0insostenible. La segunda, es que el cabecilla de la globalizaci\u00f3n neoliberal est\u00e1 acentuando cada vez m\u00e1s una actitud aventurera y muy peligrosa, consistente en obcecados intentos de imponer por la fuerza la anacr\u00f3nica exclusividad hegem\u00f3nica, como si no existieran\u00a0actores internacionales de la talla de China y Rusia,\u00a0ambos interlocutores ineludibles en el nuevo orden global que nace.<\/p>\n<p>Aunque apoy\u00e1ndose en su\u00a0potente m\u00e1quina de propaganda de guerra y en las apariencias EU haya hecho creer a los incautos\u00a0que Rusia es el agresor, los analistas m\u00e1s serios con anclaje en los intereses de los pueblos ven claramente la inveterada belicosidad de Washington, que desde 1997 movi\u00f3 sin pausa las fronteras de la OTAN hacia Rusia, con el prop\u00f3sito de acosarla y cercarla militarmente, hasta instalar en un flanco tan sensible como el ucraniano un gobierno con enorme influencia de la extrema derecha ultranacionalista y rus\u00f3foba e,\u00a0incluso, de los neonazis, para establecer all\u00ed una plaza de armas de la OTAN,\u00a0aunque Ucrania no hubiese ingresado a la alianza.<\/p>\n<p>Por cierto, la misma pol\u00edtica sigue con relaci\u00f3n a China, como apreciamos en las crecientes tensiones en la regi\u00f3n Asia-Pac\u00edfico. En suma, no es dif\u00edcil comprender que EU \u2013junto a sus amanuenses \u201coccidentales\u201d- es el \u00fanico responsable de haber arrastrado a Europa y al mundo al conflicto actual, de impredecibles consecuencias.<\/p>\n<p>Tambi\u00e9n en ALC,\u00a0como fruto de la crisis de hegemon\u00eda, el imperio no tiene otra receta que la doctrina Monroe (1823), cuestionada sistem\u00e1ticamente por\u00a0AMLO cuando\u00a0afirma que\u00a0es inaceptable que se contin\u00fae con las mismas pol\u00edticas de hace dos siglos en un mundo que ha cambiado. Hay muchas pruebas de esta arrogante actitud de Washington pero tal vez\u00a0hoy\u00a0el mejor ejemplo es su empe\u00f1o en asfixiar econ\u00f3micamente y desestabilizar a Cuba, Venezuela y Nicaragua, simplemente porque no se le subordinan.<\/p>\n<p>Las recientes medidas hacia La Habana anunciadas por el gobierno de Biden son un peque\u00f1o paso positivo, pero en modo alguno suprimen el bloqueo, solo unos pocos de los castigos adicionales al cerco impuestos por Trump. No s\u00f3lo eso. Biden mantiene descaradamente la fracasada pol\u00edtica de intento de golpe blando observada el\u00a018 de julio\u00a0de 2021, de la que su embajada en La Habana es un activo protagonista.<\/p>\n<p>De lo que no cabe duda es que, pase lo que pase en la cumbre de Los \u00c1ngeles, despu\u00e9s de ella quedar\u00e1 a\u00fan m\u00e1s claro que si EU insiste en actuar como si ALC continuara siendo su patio trasero cada vez se acentuar\u00e1 m\u00e1s su crisis de liderazgo mundial.<\/p>\n<\/div>\n<div class=\"separador margensep\"><\/div>\n","protected":false},"excerpt":{"rendered":"<p>Angel Guerra (teleSur, 18-5-22) La ca\u00f3tica situaci\u00f3n pol\u00edtica creada por el gobierno de Estados Unidos (EU) de cara a la IX edici\u00f3n de la llamada Cumbre de las Am\u00e9ricas refleja, en primer lugar, la renuencia del imperio a aceptar la grave crisis de liderazgo y hegemon\u00eda que sufre a escala mundial. Washington ha despertado rebeld\u00eda [&hellip;]<\/p>\n","protected":false},"author":1,"featured_media":8722,"comment_status":"open","ping_status":"open","sticky":false,"template":"","format":"standard","meta":{"footnotes":""},"categories":[14,12],"tags":[],"class_list":["post-50535","post","type-post","status-publish","format-standard","has-post-thumbnail","hentry","category-internacionales","category-politica-3"],"_links":{"self":[{"href":"https:\/\/debateplural.net\/site\/wp-json\/wp\/v2\/posts\/50535"}],"collection":[{"href":"https:\/\/debateplural.net\/site\/wp-json\/wp\/v2\/posts"}],"about":[{"href":"https:\/\/debateplural.net\/site\/wp-json\/wp\/v2\/types\/post"}],"author":[{"embeddable":true,"href":"https:\/\/debateplural.net\/site\/wp-json\/wp\/v2\/users\/1"}],"replies":[{"embeddable":true,"href":"https:\/\/debateplural.net\/site\/wp-json\/wp\/v2\/comments?post=50535"}],"version-history":[{"count":1,"href":"https:\/\/debateplural.net\/site\/wp-json\/wp\/v2\/posts\/50535\/revisions"}],"predecessor-version":[{"id":50536,"href":"https:\/\/debateplural.net\/site\/wp-json\/wp\/v2\/posts\/50535\/revisions\/50536"}],"wp:featuredmedia":[{"embeddable":true,"href":"https:\/\/debateplural.net\/site\/wp-json\/wp\/v2\/media\/8722"}],"wp:attachment":[{"href":"https:\/\/debateplural.net\/site\/wp-json\/wp\/v2\/media?parent=50535"}],"wp:term":[{"taxonomy":"category","embeddable":true,"href":"https:\/\/debateplural.net\/site\/wp-json\/wp\/v2\/categories?post=50535"},{"taxonomy":"post_tag","embeddable":true,"href":"https:\/\/debateplural.net\/site\/wp-json\/wp\/v2\/tags?post=50535"}],"curies":[{"name":"wp","href":"https:\/\/api.w.org\/{rel}","templated":true}]}}