{"id":50577,"date":"2022-05-31T11:59:33","date_gmt":"2022-05-31T15:59:33","guid":{"rendered":"https:\/\/debateplural.com\/inicio\/?p=50577"},"modified":"2022-05-31T11:59:33","modified_gmt":"2022-05-31T15:59:33","slug":"que-cambia-en-colombia-tras-la-derrota-del-uribismo","status":"publish","type":"post","link":"https:\/\/debateplural.net\/site\/2022\/05\/31\/que-cambia-en-colombia-tras-la-derrota-del-uribismo\/","title":{"rendered":"\u00bfQu\u00e9 cambia en Colombia tras la derrota del uribismo?"},"content":{"rendered":"<p>Ociel Al\u00ed L\u00f3pez (Russia Today, 30-5-22)<\/p>\n<p>&nbsp;<\/p>\n<p>Lo que sucedi\u00f3 en Colombia con el resultado electoral de la\u00a0<a href=\"https:\/\/actualidad-rt.com\/actualidad\/431314-gustavo-petro-rodolfo-hernandez-pasan\" target=\"_blank\" rel=\"noopener noreferrer\">primera vuelta<\/a>, celebrada este domingo, es un acontecimiento in\u00e9dito y muy complejo.<\/p>\n<p>Lo primero que habr\u00eda que se\u00f1alar es que, finalmente, el tan esperado cambio pol\u00edtico ha tenido lugar en el pa\u00eds.\u00a0<strong>La clase dominante\u00a0colombiana<\/strong>, con todo su liderazgo hist\u00f3rico, sus partidos, sus medios de comunicaci\u00f3n y sus instituciones,\u00a0<strong>unida en torno a Federico 'Fico' Guti\u00e9rrez ha salido derrotada<\/strong>\u00a0y no ha conseguido ni siquiera una cuarta parte del electorado (23 %).<\/p>\n<p>El uribismo tal como lo conocimos a lo largo del siglo actual ha perdido su papel vinculante y ha decidido disolverse en las torrenteras del voto antipetrista. Deber\u00e1 ahora intentar capturar un movimiento, el de Rodolfo Hern\u00e1ndez, que ha crecido en la medida en que lo enfrenta al uribismo pero a la vez es su \u00fanica opci\u00f3n contra Petro, y eso es m\u00e1s importante.<\/p>\n<p>Lo segundo es que no ha sido el resultado esperado, en tanto si bien el candidato izquierdista logr\u00f3 el resultado adelantado por las encuestas (40 %),\u00a0<strong>el sorpresivo segundo lugar a manos de Hern\u00e1ndez<\/strong>\u00a0le complica sobre manera las certezas sobre el triunfo en la segunda vuelta.<\/p>\n<p>Hern\u00e1ndez, un empresario, 'outsider', populista de centro, un l\u00edder incorrecto y pragm\u00e1tico, logr\u00f3 el segundo lugar con 27 % de los votos, lejos de Petro, pero lo suficientemente cerca si\u00a0tenemos en cuenta los votos de 'Fico' que se le podr\u00edan sumar casi de manera autom\u00e1tica de cara al balotaje.<\/p>\n<blockquote><p>El problema de Hern\u00e1ndez\u00a0reside en c\u00f3mo aceptar el apoyo del uribismo y los poderes establecidos, ya que su candidatura existe en tanto se opone a ellos con tanta fuerza como el propio Petro.<\/p><\/blockquote>\n<p>As\u00ed,\u00a0hemos comenzado una nueva campa\u00f1a con diferentes flancos abiertos, nuevos repertorios simb\u00f3licos y clivajes in\u00e9ditos. De cara a\u00a0la segunda vuelta deben moverse piezas, recambiar discursos, en tanto el adversario so\u00f1ado de Petro, un \"hijo del uribismo\", un nuevo responsable pol\u00edtico de sus \"tropel\u00edas\", un \"nuevo Iv\u00e1n Duque\" \u2013el presidente saliente con altos \u00edndices de impopularidad\u2013 ya no est\u00e1 y en su lugar se presenta un candidato \u00e1gil, dif\u00edcil de capturar, movedizo y jabonoso al que Petro no est\u00e1 acostumbrado a enfrentar.<\/p>\n<p>El problema de Hern\u00e1ndez, por su parte, reside en c\u00f3mo aceptar el apoyo del uribismo y los poderes establecidos, ya que su candidatura existe en tanto se opone a ellos con tanta fuerza como el propio Petro.\u00a0<strong>Despu\u00e9s de polarizar contra ellos, \u00bfc\u00f3mo puede ahora aceptar su respaldo?<\/strong>\u00a0Esto lo deja en dif\u00edcil situaci\u00f3n a menos que el trasvase se concrete siempre en secreto y sin esc\u00e1ndalos.<\/p>\n<p>Recibir el apoyo del\u00a0'establishment'\u00a0ser\u00eda una contradicci\u00f3n frente a un candidato experimentado como Petro, que tambi\u00e9n juega a la polarizaci\u00f3n, y que ya ha proyectado que necesita un mill\u00f3n de votos para ganar en una campa\u00f1a que apenas empieza.<\/p>\n<h3>La pugna por la polarizaci\u00f3n<\/h3>\n<p>Tal como se presenta la disputa despu\u00e9s del resultado, hay de manera in\u00e9dita una pugnacidad central que\u00a0<strong>ya no es izquierda-derecha<\/strong>, correctos-honestos, palomas-halcones, guerrilleros-paramilitares. Ahora la pelea es por ver qui\u00e9n es m\u00e1s aut\u00e9nticamente polarizante,\u00a0<strong>qui\u00e9n es el que mejor representa el conflicto contra el uribismo y el\u00a0poder\u00a0pol\u00edtico colombiano<\/strong>, qui\u00e9n de verdad abona el camino para darle vuelta a la p\u00e1gina de la historia postcolonial colombiana.<\/p>\n<blockquote><p>\u00bfEs posible que, como ocurri\u00f3 con el actual presidente Guillermo Lasso en Ecuador, la izquierda colombiana no haya sabido interpretar la capacidad de las redes para convencer mayor\u00edas? \u00bfLe habr\u00e1 cedido ese terreno a un nuevo populismo disrruptivo y sorprendente?<\/p><\/blockquote>\n<p>El rasero se modifica y va a tratar de medir la autenticidad del discurso, la espontaneidad, la sinceridad de los contenidos, para tratar de responder qui\u00e9n es el l\u00edder polarizante de la Colombia de la d\u00e9cada de los 20.\u00a0Ese ser\u00e1 el presidente.<\/p>\n<h3><strong>Tik tok escenario crucial<\/strong><\/h3>\n<p>Por eso TikTok ha sido tan significativo en esta campa\u00f1a.\u00a0Hern\u00e1ndez, de 77 a\u00f1os, ha sido denominado por su comando como el\u00a0<a href=\"https:\/\/actualidad-rt.com\/actualidad\/430300-rey-tiktok-controvertido-candidato-presidencial-colombia\" target=\"_blank\" rel=\"noopener noreferrer\">&#8217;rey del TikTok'<\/a>, donde hace alarde justo de su espontaneidad, de su genuino discurso polarizante y antipol\u00edtico.<\/p>\n<p>Precisamente, en su discurso\u00a0tras darse a conocer\u00a0los resultados, lo fundamental que respondi\u00f3 Petro sobre su nuevo contrincante fue desde\u00f1ar su actividad en la red social.<\/p>\n<p>\u00bfEs posible que, como ocurri\u00f3 con el actual presidente Guillermo Lasso en Ecuador, la izquierda colombiana no haya sabido interpretar la capacidad de las redes para convencer mayor\u00edas? \u00bfLe habr\u00e1 cedido ese terreno a un nuevo populismo disrruptivo y sorprendente? Es algo que estaremos viendo en esta campa\u00f1a que apenas comienza.<\/p>\n","protected":false},"excerpt":{"rendered":"<p>Ociel Al\u00ed L\u00f3pez (Russia Today, 30-5-22) &nbsp; Lo que sucedi\u00f3 en Colombia con el resultado electoral de la\u00a0primera vuelta, celebrada este domingo, es un acontecimiento in\u00e9dito y muy complejo. Lo primero que habr\u00eda que se\u00f1alar es que, finalmente, el tan esperado cambio pol\u00edtico ha tenido lugar en el pa\u00eds.\u00a0La clase dominante\u00a0colombiana, con todo su liderazgo [&hellip;]<\/p>\n","protected":false},"author":1,"featured_media":35066,"comment_status":"open","ping_status":"open","sticky":false,"template":"","format":"standard","meta":{"footnotes":""},"categories":[14,12],"tags":[],"class_list":["post-50577","post","type-post","status-publish","format-standard","has-post-thumbnail","hentry","category-internacionales","category-politica-3"],"_links":{"self":[{"href":"https:\/\/debateplural.net\/site\/wp-json\/wp\/v2\/posts\/50577"}],"collection":[{"href":"https:\/\/debateplural.net\/site\/wp-json\/wp\/v2\/posts"}],"about":[{"href":"https:\/\/debateplural.net\/site\/wp-json\/wp\/v2\/types\/post"}],"author":[{"embeddable":true,"href":"https:\/\/debateplural.net\/site\/wp-json\/wp\/v2\/users\/1"}],"replies":[{"embeddable":true,"href":"https:\/\/debateplural.net\/site\/wp-json\/wp\/v2\/comments?post=50577"}],"version-history":[{"count":1,"href":"https:\/\/debateplural.net\/site\/wp-json\/wp\/v2\/posts\/50577\/revisions"}],"predecessor-version":[{"id":50578,"href":"https:\/\/debateplural.net\/site\/wp-json\/wp\/v2\/posts\/50577\/revisions\/50578"}],"wp:featuredmedia":[{"embeddable":true,"href":"https:\/\/debateplural.net\/site\/wp-json\/wp\/v2\/media\/35066"}],"wp:attachment":[{"href":"https:\/\/debateplural.net\/site\/wp-json\/wp\/v2\/media?parent=50577"}],"wp:term":[{"taxonomy":"category","embeddable":true,"href":"https:\/\/debateplural.net\/site\/wp-json\/wp\/v2\/categories?post=50577"},{"taxonomy":"post_tag","embeddable":true,"href":"https:\/\/debateplural.net\/site\/wp-json\/wp\/v2\/tags?post=50577"}],"curies":[{"name":"wp","href":"https:\/\/api.w.org\/{rel}","templated":true}]}}