{"id":50757,"date":"2022-06-17T16:31:26","date_gmt":"2022-06-17T20:31:26","guid":{"rendered":"https:\/\/debateplural.com\/inicio\/?p=50757"},"modified":"2022-06-17T16:31:26","modified_gmt":"2022-06-17T20:31:26","slug":"sobre-historia-del-modelo-neoliberal-en-republica-dominicana-3-de-4-4","status":"publish","type":"post","link":"https:\/\/debateplural.net\/site\/2022\/06\/17\/sobre-historia-del-modelo-neoliberal-en-republica-dominicana-3-de-4-4\/","title":{"rendered":"Sobre historia del modelo neoliberal en Rep\u00fablica Dominicana (3 de 4)"},"content":{"rendered":"<p>Por: Angel Moreta (Autor-Editor)<\/p>\n<p>&nbsp;<\/p>\n<p>Con los dos periodos de gobierno del presidente Danilo Medina (2012-2020), en Rep\u00fablica Dominicana se afianza definitivamente la instalaci\u00f3n del sistema neoliberal que comenz\u00f3 a desarrollarse despu\u00e9s de la d\u00e9cada de los a\u00f1os 80, cuando el entonces presidente Salvador Jorge Blanco, del partido revolucionario dominicano (1982-1986), sorprendi\u00f3 al pueblo dominicano en un d\u00eda feriado con un conjunto de medidas econ\u00f3micas que fueron definidas como \u201cEl paquetazo\u201d.<\/p>\n<p>\u201cEl paquetazo\u201d consisti\u00f3 en una pol\u00edtica de shock enarbolada por el Fondo Monetario Internacional y cuyos contenidos en esencia eran la propuesta de los economistas formados en la llamada Escuela Econ\u00f3mica de Chicago (Chicago Boys), y que encabezaba Milton Friedman, escuela que planteaba que se pueden hacer reformas impopulares en medio de la confusi\u00f3n y la crisis interna, reformas que recuperen la econom\u00eda.<\/p>\n<p>En los a\u00f1os de Salvador Jorge Blanco, que entonces encabezaba el tercer gobierno del partido revolucionario dominicano, (1963; 1978 y 1982), exist\u00eda una situaci\u00f3n econ\u00f3mica inflacionaria que se hab\u00eda iniciado en 1981 y que exigi\u00f3 medidas restrictivas recomendadas por el Fondo Monetario Internacional, situaci\u00f3n que gener\u00f3 el rechazo de los sectores subordinados de la sociedad dominicana.<\/p>\n<p>Respecto a la poblada a que hacemos referencia, se ha dicho que \u00a0\u201cEl lunes 23 de abril de 1984 los barrios marginados de\u00a0Santo Domingo\u00a0y el interior del pa\u00eds iniciaron un levantamiento popular que culmin\u00f3 tres d\u00edas despu\u00e9s con un saldo de cientos de personas muertas (m\u00e1s de 500 muertos). El levantamiento popular bautizado por el profesor\u00a0Juan Bosch\u00a0como \u201cpoblada\u201d, estuvo precedido de m\u00e1s de un a\u00f1o de denuncias y protestas en todo el pa\u00eds por parte de los Comit\u00e9s de Lucha Popular (CLP), dirigidos por la izquierda, y las comunidades Cristianas de Base (CCB), influenciadas por sacerdotes cat\u00f3licos militantes de la Teolog\u00eda de la Liberaci\u00f3n, en contra las negociaciones que el gobierno de\u00a0Jorge Blanco\u00a0realizaba con el Fondo Monetario Internacional (FMI), que estrenaba en Am\u00e9rica Latina la llamada\u00a0\u201cPol\u00edtica de Shock\u201d.<\/p>\n<p>En efecto, en los meses de enero y febrero de 1984, la inflaci\u00f3n se dispar\u00f3 en un 700 % que impact\u00f3 en los precios de la canasta familiar, factor que provoc\u00f3 manifestaciones populares espontaneas el 24 de abril de ese a\u00f1o; y al d\u00eda siguiente el pueblo dominicano se lanz\u00f3 a las calles en protestas que culminaron con la muerte de m\u00e1s de 600 ciudadanos y miles de apresados y heridos, producto de que Jorge Blanco, luego de apartar la polic\u00eda para tratar con los manifestantes, lanz\u00f3 las fuerzas armadas a las calles para atacar la poblaci\u00f3n civil, lo que termin\u00f3 en una tremenda masacre, que luego se le llam\u00f3 \u201cLa masacre de Jorge Blanco\u201d, producida por la represi\u00f3n violenta durante tres d\u00edas de enfrentamientos callejeros que ensombrecieron al partido revolucionario dominicano y que luego perdi\u00f3 las elecciones nacionales en 1986 y gener\u00f3 un juicio y apresamiento del ex presidente Jorge Blanco.<\/p>\n<div id=\"attachment_37954\" class=\"wp-caption aligncenter\"><a href=\"http:\/\/localhost\/debateplural\/wp-content\/uploads\/2019\/12\/D209AB52-5017-4B3A-9773-32AF39AED04F.jpeg\"><img loading=\"lazy\" decoding=\"async\" class=\"wp-image-37954 lazyloaded\" src=\"http:\/\/localhost\/debateplural\/wp-content\/uploads\/2019\/12\/D209AB52-5017-4B3A-9773-32AF39AED04F.jpeg\" sizes=\"(max-width: 623px) 100vw, 623px\" srcset=\"http:\/\/localhost\/debateplural\/wp-content\/uploads\/2019\/12\/D209AB52-5017-4B3A-9773-32AF39AED04F.jpeg 460w, http:\/\/localhost\/debateplural\/wp-content\/uploads\/2019\/12\/D209AB52-5017-4B3A-9773-32AF39AED04F-300x175.jpeg 300w\" alt=\"\" width=\"784\" height=\"457\" aria-describedby=\"caption-attachment-37954\" data-srcset=\"http:\/\/localhost\/debateplural\/wp-content\/uploads\/2019\/12\/D209AB52-5017-4B3A-9773-32AF39AED04F.jpeg 460w, http:\/\/localhost\/debateplural\/wp-content\/uploads\/2019\/12\/D209AB52-5017-4B3A-9773-32AF39AED04F-300x175.jpeg 300w\" data-src=\"http:\/\/localhost\/debateplural\/wp-content\/uploads\/2019\/12\/D209AB52-5017-4B3A-9773-32AF39AED04F.jpeg\" data-sizes=\"(max-width: 623px) 100vw, 623px\" \/><\/a>&nbsp;<\/p>\n<p id=\"caption-attachment-37954\" class=\"wp-caption-text\">\u00a0 \u00a0 \u00a0 \u00a0 \u00a0 \u00a0 \u00a0 \u00a0 \u00a0 \u00a0 \u00a0 \u00a0 \u00a0 \u00a0 \u00a0 \u00a0 \u00a0 \u00a0 \u00a0 \u00a0 \u00a0 \u00a0 \u00a0Juramentaci\u00f3n Salvador Jorge Blanco 1982<\/p>\n<\/div>\n<p>Ya sabemos que una poblada similar se gener\u00f3 en Venezuela a\u00f1os m\u00e1s tarde en contra del gobierno socialdem\u00f3crata de Carlos Andr\u00e9s P\u00e9rez y que fue llamado \u201cEl caracazo\u201d, con iguales caracter\u00edstica que en Rep\u00fablica Dominicana, y condujo a un r\u00e9gimen socialista encabezado por Hugo Ch\u00e1vez quien emprendi\u00f3 un conjunto de reformas econ\u00f3micas y sociales que hoy constituyen en la mente de los venezolanos un valladar contra el imperialismo EU.<\/p>\n<p>Era obvio que se trataba en la d\u00e9cada de los a\u00f1os 80 de la imposici\u00f3n por la fuerza del modelo neoliberal, que consiste en un conjunto de medidas extorsivas e inflacionarias, producto de contrarreformas duras contra los pueblos de Am\u00e9rica Latina, acompa\u00f1adas de devaluaci\u00f3n de la moneda, paquetazos fiscales, desempleo, privatizaci\u00f3n de los bienes del Estado, pol\u00edticas econ\u00f3micas de hambre, medidas desregulatorias que benefician exclusivamente a los sectores capitalistas y que producen da\u00f1o a la democracia, al sistema pol\u00edtico y al nivel de vida de la poblaci\u00f3n, dentro de un r\u00e9gimen social de acumulaci\u00f3n de riquezas mediante el fraude, la fuerza y la violencia; el robo ejecutado por los funcionarios p\u00fablicos sobre la base de la coalici\u00f3n de funcionarios, del soborno, de la implantaci\u00f3n de compa\u00f1\u00edas transnacionales que saquean el medio ambiente y la riqueza natural, agr\u00edcola y de servicios en una econom\u00eda espantosamente desregulada y entreguista, bajando el nivel de vida de las masas en Am\u00e9rica Latina, que hoy se revela contra el modelo neoliberal.<\/p>\n<p>El modelo neoliberal en Rep\u00fablica Dominicana alcanza un s\u00f3lido desarrollo bajo los reg\u00edmenes \u201cdemocr\u00e1ticos\u201d dirigidos por el otrora estratega de las pol\u00edticas econ\u00f3micas canallas establecidas en la sociedad dominicana por el reeleccionista Danilo Medina, quien se convirti\u00f3 en \u201cleyenda\u201d de que era un\u00a0<strong>cerebro planificador del proceso de privatizaci\u00f3n,\u00a0<\/strong>entonces en marcha.<\/p>\n<p>Por tanto, en un ide\u00f3logo silencioso en su mundo palaciego cuando entonces gobernaba el ex presidente Leonel Fern\u00e1ndez, momentos en que se dict\u00f3 la ley 141-07 de privatizaci\u00f3n de la econom\u00eda dominicana y de los bienes del Estado, en apoyo de la \u00e9lites empresariales asociadas con las altas jerarqu\u00edas eclesi\u00e1sticas desde los a\u00f1os 70, y ambos sectores subordinados a los intereses de los Estados Unidos.<\/p>\n<p>Y como hemos afirmado en nuestro art\u00edculo anterior, \u201cEl \u201cEstado-canalla\u201d dominicano y los fondos de pensiones\u201d, publicado en el medio digital Debateplural.com, reproducido por el tambi\u00e9n digital Rebeli\u00f3n:<\/p>\n<div id=\"attachment_37955\" class=\"wp-caption alignnone\"><a href=\"http:\/\/localhost\/debateplural\/wp-content\/uploads\/2019\/12\/maxresdefault.jpg\"><img loading=\"lazy\" decoding=\"async\" class=\"size-full wp-image-37955 lazyloaded\" src=\"http:\/\/localhost\/debateplural\/wp-content\/uploads\/2019\/12\/maxresdefault.jpg\" sizes=\"(max-width: 1280px) 100vw, 1280px\" srcset=\"http:\/\/localhost\/debateplural\/wp-content\/uploads\/2019\/12\/maxresdefault.jpg 1280w, http:\/\/localhost\/debateplural\/wp-content\/uploads\/2019\/12\/maxresdefault-300x169.jpg 300w, http:\/\/localhost\/debateplural\/wp-content\/uploads\/2019\/12\/maxresdefault-768x432.jpg 768w, http:\/\/localhost\/debateplural\/wp-content\/uploads\/2019\/12\/maxresdefault-1024x576.jpg 1024w, http:\/\/localhost\/debateplural\/wp-content\/uploads\/2019\/12\/maxresdefault-810x456.jpg 810w, http:\/\/localhost\/debateplural\/wp-content\/uploads\/2019\/12\/maxresdefault-1140x641.jpg 1140w\" alt=\"\" width=\"1280\" height=\"720\" aria-describedby=\"caption-attachment-37955\" data-srcset=\"http:\/\/localhost\/debateplural\/wp-content\/uploads\/2019\/12\/maxresdefault.jpg 1280w, http:\/\/localhost\/debateplural\/wp-content\/uploads\/2019\/12\/maxresdefault-300x169.jpg 300w, http:\/\/localhost\/debateplural\/wp-content\/uploads\/2019\/12\/maxresdefault-768x432.jpg 768w, http:\/\/localhost\/debateplural\/wp-content\/uploads\/2019\/12\/maxresdefault-1024x576.jpg 1024w, http:\/\/localhost\/debateplural\/wp-content\/uploads\/2019\/12\/maxresdefault-810x456.jpg 810w, http:\/\/localhost\/debateplural\/wp-content\/uploads\/2019\/12\/maxresdefault-1140x641.jpg 1140w\" data-src=\"http:\/\/localhost\/debateplural\/wp-content\/uploads\/2019\/12\/maxresdefault.jpg\" data-sizes=\"(max-width: 1280px) 100vw, 1280px\" \/><\/a>&nbsp;<\/p>\n<p id=\"caption-attachment-37955\" class=\"wp-caption-text\">\u00a0 \u00a0 \u00a0 \u00a0 \u00a0 \u00a0 \u00a0 \u00a0 \u00a0 \u00a0 \u00a0 \u00a0 \u00a0 \u00a0 \u00a0 \u00a0 \u00a0 \u00a0 \u00a0 \u00a0 \u00a0 \u00a0 \u00a0 \u00a0 \u00a0 \u00a0 \u00a0 \u00a0 \u00a0 \u00a0 \u00a0 \u00a0 \u00a0 \u00a0 \u00a0 \u00a0 \u00a0 \u00a0 \u00a0 \u00a0 \u00a0 \u00a0 1984 el otro abril<\/p>\n<\/div>\n<p><strong>Utilizando una calificaci\u00f3n de Juan Jacobo Rousseau (1712-1778), en su obra \u201cEl contrato social\u201d, al referirse a aquel Estado que no respeta el contrato social, podemos hablar en el caso espec\u00edfico de Rep\u00fablica Dominicana,\u00a0de un Estado supuestamente \u201cdemocr\u00e1tico y de derecho\u201d,<\/strong>\u00a0<strong>dominado por \u00e9lites de los partidos tradicionales clientelistas que hoy dominan el escenario pol\u00edtico nacional.<\/strong><\/p>\n<p><strong>Esas \u00e9lites o grupos aut\u00e1rquicos, o grupos de intereses, se encuentran asociadas con las altas jerarqu\u00edas eclesi\u00e1sticas desde la d\u00e9cada del 70, incluyendo el empresariado financiero, industrial, comercial y de exportaci\u00f3n y el sector agro ganadero, formando un conjunto que a su vez domina al Estado dominicano, model\u00e1ndolo en los t\u00e9rminos de Juan Jacobo Rousseau, como un Estado-canalla. En este caso, el Estado corporativo y autoritario que gobierna esencialmente a trav\u00e9s de jerarqu\u00edas que sirven de soporte a la\u00a0hegemon\u00eda de las \u00e9lites en su continua y prolongada actividad de reparto del presupuesto nacional y de la riqueza p\u00fablica.<\/strong><\/p>\n<p><strong>El fundamento viene a ser la apoyatura en una Constituci\u00f3n corporativa y autoritaria como la del 2010, que cierra y ha cerrado el camino de la participaci\u00f3n popular que requiere de mecanismos como la asamblea constituyente, el refer\u00e9ndum, la consulta popular y un Poder Judicial preponderantemente independiente con respecto al ejercicio partidario de los gobiernos que se suceden cada cuatro a\u00f1os.<\/strong><\/p>\n<p>Esto quiere decir que el llamado\u00a0<strong>Estado social de derecho<\/strong>\u00a0es un mito en la Rep\u00fablica Dominicana, pues se fundamenta en propaganda vac\u00eda a favor de un \u201csistema democr\u00e1tico\u201d fundado en una Constituci\u00f3n enga\u00f1osa, corporativa y autoritaria, que hace posible cotidianamente la concentraci\u00f3n de capitales, la concentraci\u00f3n de los poderes p\u00fablicos, la inequidad y la injusticia social, la desregulaci\u00f3n salarial, la desindicalizacion, la detentaci\u00f3n hegem\u00f3nica del control del Estado, monopolizado y utilizado como herramienta que beneficia en su accionar el enriquecimiento il\u00edcito y el robo en provecho de esas \u00e9lites corporativas que utilizan el poder pol\u00edtico establecido para descuartizar el presupuesto nacional a su favor, el patrimonio p\u00fablico y el reparto de beneficios y capitales estatales.<\/p>\n<p>El modelo neoliberal en la Rep\u00fablica Dominicana, dise\u00f1ado por Danilo Medina y otros cuando era Ministro de la Presidencia, en el gobierno de Leonel Fern\u00e1ndez, consiste en un sistema de corrupci\u00f3n caracterizado por contrataciones p\u00fablicas sin licitaciones o con licitaciones p\u00fablicas esp\u00fareas; por negociaciones irregulares entre funcionarios hoy enriquecidos, producto de la concentraci\u00f3n del poder, del tr\u00e1fico de influencias y de la actividad delictiva; y producto tambi\u00e9n de relaciones de poder con empresas transnacionales de los Estados Unidos que tienen inmensas propiedades, algunas de ellas respaldadas en t\u00edtulos dudosos, inversiones industriales y mineras f\u00e1ciles; zonas francas con salarios de explotaci\u00f3n social, tr\u00e1fico il\u00edcito de capitales provenientes de actividades ilegales; y nadie, absolutamente nadie, incluyendo los\u00a0<strong>partidos tradicionales\u00a0<\/strong>dominicanos plantean la ruptura con la impunidad y con las imposiciones pol\u00edticas y econ\u00f3micas de los Estados Unidos, hoy muy preocupados por la presencia activa y productiva por las inversiones din\u00e1micas de China Continental en Rep\u00fablica Dominicana.<\/p>\n<p>Antes al contrario, los grupos econ\u00f3micos empresariales y los grupos pol\u00edticos tradicionales se nutren en su accionar de la influencia norteamericana y la presencia avasallante de los Estados Unidos en todo el territorio nacional, en las instituciones estatales, en la educaci\u00f3n, la cultura de la poblaci\u00f3n dominicana, sin descontar los medios de comunicaci\u00f3n.<\/p>\n<p>Hoy el pueblo dominicano tiene que conformarse con salarios extorsivos y con un proceso productivo y social que beneficia en su gran mayor\u00eda a unos pocos que se encuentran en la c\u00faspide de la pir\u00e1mide social, a la cual fluyen los ingresos y las riquezas de la sociedad civil (continuar\u00e1).<\/p>\n","protected":false},"excerpt":{"rendered":"<p>Por: Angel Moreta (Autor-Editor) &nbsp; Con los dos periodos de gobierno del presidente Danilo Medina (2012-2020), en Rep\u00fablica Dominicana se afianza definitivamente la instalaci\u00f3n del sistema neoliberal que comenz\u00f3 a desarrollarse despu\u00e9s de la d\u00e9cada de los a\u00f1os 80, cuando el entonces presidente Salvador Jorge Blanco, del partido revolucionario dominicano (1982-1986), sorprendi\u00f3 al pueblo dominicano [&hellip;]<\/p>\n","protected":false},"author":2,"featured_media":37953,"comment_status":"open","ping_status":"open","sticky":false,"template":"","format":"standard","meta":{"footnotes":""},"categories":[5,12],"tags":[],"class_list":["post-50757","post","type-post","status-publish","format-standard","has-post-thumbnail","hentry","category-nacionales","category-politica-3"],"_links":{"self":[{"href":"https:\/\/debateplural.net\/site\/wp-json\/wp\/v2\/posts\/50757"}],"collection":[{"href":"https:\/\/debateplural.net\/site\/wp-json\/wp\/v2\/posts"}],"about":[{"href":"https:\/\/debateplural.net\/site\/wp-json\/wp\/v2\/types\/post"}],"author":[{"embeddable":true,"href":"https:\/\/debateplural.net\/site\/wp-json\/wp\/v2\/users\/2"}],"replies":[{"embeddable":true,"href":"https:\/\/debateplural.net\/site\/wp-json\/wp\/v2\/comments?post=50757"}],"version-history":[{"count":1,"href":"https:\/\/debateplural.net\/site\/wp-json\/wp\/v2\/posts\/50757\/revisions"}],"predecessor-version":[{"id":50758,"href":"https:\/\/debateplural.net\/site\/wp-json\/wp\/v2\/posts\/50757\/revisions\/50758"}],"wp:featuredmedia":[{"embeddable":true,"href":"https:\/\/debateplural.net\/site\/wp-json\/wp\/v2\/media\/37953"}],"wp:attachment":[{"href":"https:\/\/debateplural.net\/site\/wp-json\/wp\/v2\/media?parent=50757"}],"wp:term":[{"taxonomy":"category","embeddable":true,"href":"https:\/\/debateplural.net\/site\/wp-json\/wp\/v2\/categories?post=50757"},{"taxonomy":"post_tag","embeddable":true,"href":"https:\/\/debateplural.net\/site\/wp-json\/wp\/v2\/tags?post=50757"}],"curies":[{"name":"wp","href":"https:\/\/api.w.org\/{rel}","templated":true}]}}