{"id":50779,"date":"2022-06-21T14:42:28","date_gmt":"2022-06-21T18:42:28","guid":{"rendered":"https:\/\/debateplural.com\/inicio\/?p=50779"},"modified":"2022-06-21T14:42:28","modified_gmt":"2022-06-21T18:42:28","slug":"la-derrota-de-eeuu-union-europea-otan-y-el-nazismo","status":"publish","type":"post","link":"https:\/\/debateplural.net\/site\/2022\/06\/21\/la-derrota-de-eeuu-union-europea-otan-y-el-nazismo\/","title":{"rendered":"La derrota de EEUU, Uni\u00f3n Europea, OTAN y el nazismo"},"content":{"rendered":"<p>Hispantv (17-6-22)<\/p>\n<p>&nbsp;<\/p>\n<p class=\"introtext\">La aldea multipolar se ha constituido como un frente internacional ante la urbe hegem\u00f3nica que es causante de las mayores desgracias en el mundo.<\/p>\n<div>\n<p>Definitivamente, la aldea multipolar se ha constituido como un frente internacional para propender por la soberan\u00eda, la dignidad, la verdadera libertad de la humanidad, en contrav\u00eda de la urbe hegem\u00f3nica, causante de las mayores desgracias que han ocurrido en el mundo.<\/p>\n<p>Uno de los s\u00edmbolos m\u00e1s importantes es la factible constituci\u00f3n del G8,\u00a0<strong>pa\u00edses dispuestos a construir un di\u00e1logo igualitario, de independencia y relaciones mutuamente beneficiosas, conformado<\/strong><strong>\u00a0<\/strong>por\u00a0China, India, Rusia, Indonesia, Brasil, M\u00e9xico, Ir\u00e1n y Turqu\u00eda, con un 24,4 de producto interno bruto (PIB) y paridad del poder adquisitivo por delante del G7, compuesto por Canad\u00e1, Francia, Alemania, Italia, Jap\u00f3n, Reino Unido y EE.UU.<strong>,\u00a0<\/strong>abandonando progresivamente el d\u00f3lar como divisa de comercio internacional y compra de energ\u00eda.<\/p>\n<ol>\n<li><strong>La derrota estadounidense.<\/strong><\/li>\n<\/ol>\n<p>Despu\u00e9s de confirmarse que USA no ha tenido ning\u00fan triunfo militar despu\u00e9s de vencer a Jap\u00f3n a trav\u00e9s de la aplicaci\u00f3n monstruosa de la bomba at\u00f3mica asesinando a m\u00e1s de 300.000 civiles indefensos, generando m\u00e1s del 85% de los conflictos en el mundo, hoy la ley de la compensaci\u00f3n se devuelve en el m\u00e1s alto nivel de inflaci\u00f3n y pobreza desde hace cuatro d\u00e9cadas con un incremento de la violencia, racismo, pobreza, entre otros elementos de la crisis interna.<\/p>\n<p>La prueba reina de su derrota la confirma Biden al culpar a Rusia y a las empresas petroleras nacionales de la inflaci\u00f3n (\u201cdolor financiero\u201d) y los conflictos propios de una sociedad, que desde hace 150 a\u00f1os se reparte el poder entre la misma clase dominante dividida h\u00e1bilmente en dos partidos, impidiendo actores progresistas.<\/p>\n<p>El golpe por la incapacidad administrativa y pol\u00edtica de Biden (con m\u00ednimos \u00edndices de aprobaci\u00f3n), fue dado hace d\u00edas atr\u00e1s por el Instituto Estadounidense del Petr\u00f3leo y la asociaci\u00f3n Fabricantes estadounidenses de combustibles y petroqu\u00edmicos (AFPM), declarando\u00a0que\u00a0<strong>la situaci\u00f3n actual no se materializ\u00f3 de la noche a la ma\u00f1ana, ya que<\/strong>\u00a0los altos precios del crudo\u00a0son\u00a0<strong>un desequilibrio entre la oferta y la demanda<\/strong>\u00a0unido a la pandemia, la fuerte demanda de los consumidores y la prohibici\u00f3n de los productos rusos. Adem\u00e1s, le exigieron que fomente una mayor producci\u00f3n nacional de energ\u00eda, insistiendo en la\u00a0<strong>equivocada agenda pol\u00edtica<\/strong>\u00a0de la Administraci\u00f3n<strong>\u00a0<\/strong><strong>agravando las presiones inflacionistas<\/strong><strong>.<\/strong><\/p>\n<p>Los recientes doble mensajes de Washington sobre la paz a trav\u00e9s de negociaciones comienzan a mostrar que la operaci\u00f3n militar especial rusa avanza constantemente.<\/p>\n<ol start=\"2\">\n<li><strong>La derrota de la Uni\u00f3n Europea<\/strong>.<\/li>\n<\/ol>\n<p>Al ver la desesperaci\u00f3n de los pa\u00edses europeos por arrebatar a otros la vacuna del Covid 19, la posici\u00f3n xen\u00f3foba ante la inmigraci\u00f3n<strong>,\u00a0<\/strong>su prohibici\u00f3n de la cultura rusa, es fiel radiograf\u00eda del ego\u00edsmo y la avaricia. M\u00e1s a\u00fan, haberse constituido en el patio trasero de EE.UU., especialmente al dejarse embaucar en una guerra que fue propiciada por la Casa Blanca y Zelenski, aceptando la visi\u00f3n nazista del mundo.<\/p>\n<p><em>Los conflictos por el alza del costo de vida a grados inimaginables han explotado en el aumento del rechazo cada vez m\u00e1s creciente sobre ese da\u00f1o que Washington lo ten\u00eda calculado<\/em>: su idea es no tener competidor en ning\u00fan continente, avalado por las ambiciones geopol\u00edticas de dirigentes que castigan a sus propios ciudadanos, absolutamente dependientes de las \u00f3rdenes for\u00e1neas, traicionando a sus propias naciones.<\/p>\n<p>No comprender que la crisis se debe a que ellos, USA y\u00a0Europa, aplican sanciones irracionales a Rusia, bloquean sus finanzas, proh\u00edben sus importaciones y exportaciones e impiden que exporte sus combustibles, rompiendo la cadena de suministros, significa alienaci\u00f3n.<\/p>\n<ol start=\"3\">\n<li><strong>La derrota de la OTAN.<\/strong><\/li>\n<\/ol>\n<p>La OTAN, creada para oponerse a la U.R.S.S. debi\u00f3 disolverse en 1991. Sin embargo, se autoasign\u00f3 una funci\u00f3n atroz: generar conflictos y propiciar el mercado de armas. As\u00ed, hasta hoy es responsable de decenas de masacres, genocidios, destrucci\u00f3n infraestructural y humana\u2026sin ganar ninguno de los eventos en los que se ha involucrado y que dan cuenta hoy de naciones destruidas como Yugoslavia, la actual Serbia, Yemen, Irak, Afganist\u00e1n, entre muchos otros.<\/p>\n<p>La OTAN ha sido derrotada militarmente en Ucrania e irresponsablemente ha intentado que la juventud, adultos y mujeres ruso ucranianas y ucranianas, mueran por defender sus propios intereses militaristas, lo que evidencia una moralidad oscura pese a la medi\u00e1tica falsa.<\/p>\n<p>Finalmente, tres hechos ratifican la derrota de la troika corporativa militarista y el nazismo:<\/p>\n<p>A, la aldea multipolar, llena de sentido y dignidad, se posiciona en la Humanidad pese a quienes desean continuar explotando a los pueblos del mundo.<\/p>\n<p>B, la Operaci\u00f3n Militar Especial de Rusia puso los puntos sobre las \u00edes claramente al triunfar sobre la hegemon\u00eda imperial, junto a las naciones que en el siglo XXI se han unido al clamor de libertad soberana. Se sabe que ya no ser\u00e1 f\u00e1cil para el complejo militar industrial armar guerras atroces en el orbe.<\/p>\n<p>C, se prepara un Tribunal Internacional para juzgar a Zelenski y l\u00edderes occidentales por enviar a su poblaci\u00f3n a una muerte segura o asesinar por la espalda a quienes desean la paz. Que muchos prisioneros de guerra ucranianos no deseen regresar es producto del miedo a la represi\u00f3n nazi cuando los reciban como traidores y no como v\u00edctimas de un r\u00e9gimen fascista.<\/p>\n<p><em>Definitivamente si la Troika no logra sus objetivos de destrucci\u00f3n y es detenida por la multipolaridad, el mundo tendr\u00e1 un nuevo orden mundial justo con un camino de seguridad y progreso basado en la ciencia, la econom\u00eda colectiva y la protecci\u00f3n del \u00fanico espacio donde habitar llamado Planeta Tierra.<\/em><\/p>\n<\/div>\n","protected":false},"excerpt":{"rendered":"<p>Hispantv (17-6-22) &nbsp; La aldea multipolar se ha constituido como un frente internacional ante la urbe hegem\u00f3nica que es causante de las mayores desgracias en el mundo. Definitivamente, la aldea multipolar se ha constituido como un frente internacional para propender por la soberan\u00eda, la dignidad, la verdadera libertad de la humanidad, en contrav\u00eda de la [&hellip;]<\/p>\n","protected":false},"author":1,"featured_media":50780,"comment_status":"open","ping_status":"open","sticky":false,"template":"","format":"standard","meta":{"footnotes":""},"categories":[14,12],"tags":[],"class_list":["post-50779","post","type-post","status-publish","format-standard","has-post-thumbnail","hentry","category-internacionales","category-politica-3"],"_links":{"self":[{"href":"https:\/\/debateplural.net\/site\/wp-json\/wp\/v2\/posts\/50779"}],"collection":[{"href":"https:\/\/debateplural.net\/site\/wp-json\/wp\/v2\/posts"}],"about":[{"href":"https:\/\/debateplural.net\/site\/wp-json\/wp\/v2\/types\/post"}],"author":[{"embeddable":true,"href":"https:\/\/debateplural.net\/site\/wp-json\/wp\/v2\/users\/1"}],"replies":[{"embeddable":true,"href":"https:\/\/debateplural.net\/site\/wp-json\/wp\/v2\/comments?post=50779"}],"version-history":[{"count":1,"href":"https:\/\/debateplural.net\/site\/wp-json\/wp\/v2\/posts\/50779\/revisions"}],"predecessor-version":[{"id":50781,"href":"https:\/\/debateplural.net\/site\/wp-json\/wp\/v2\/posts\/50779\/revisions\/50781"}],"wp:featuredmedia":[{"embeddable":true,"href":"https:\/\/debateplural.net\/site\/wp-json\/wp\/v2\/media\/50780"}],"wp:attachment":[{"href":"https:\/\/debateplural.net\/site\/wp-json\/wp\/v2\/media?parent=50779"}],"wp:term":[{"taxonomy":"category","embeddable":true,"href":"https:\/\/debateplural.net\/site\/wp-json\/wp\/v2\/categories?post=50779"},{"taxonomy":"post_tag","embeddable":true,"href":"https:\/\/debateplural.net\/site\/wp-json\/wp\/v2\/tags?post=50779"}],"curies":[{"name":"wp","href":"https:\/\/api.w.org\/{rel}","templated":true}]}}