{"id":50824,"date":"2022-06-27T12:15:32","date_gmt":"2022-06-27T16:15:32","guid":{"rendered":"https:\/\/debateplural.com\/inicio\/?p=50824"},"modified":"2022-06-27T12:15:32","modified_gmt":"2022-06-27T16:15:32","slug":"la-colombia-de-los-nadies-entre-el-pasado-de-eliecer-gaitan-y-el-futuro-de-francia-marquez","status":"publish","type":"post","link":"https:\/\/debateplural.net\/site\/2022\/06\/27\/la-colombia-de-los-nadies-entre-el-pasado-de-eliecer-gaitan-y-el-futuro-de-francia-marquez\/","title":{"rendered":"La Colombia de 'los nadies': entre el pasado de Eli\u00e9cer Gait\u00e1n y el futuro de Francia M\u00e1rquez"},"content":{"rendered":"<p>Javier Buenrostro (Russia Today, 24-6-22)<\/p>\n<p>&nbsp;<\/p>\n<p>El pasado domingo 19 de junio, el economista Gustavo Petro gan\u00f3 en una cerrada\u00a0<a href=\"https:\/\/actualidad.rt.com\/actualidad\/433203-colombia-mutacion-politica-consecuencias-america-latina\" target=\"_blank\" rel=\"noopener noreferrer\">segunda vuelta<\/a>\u00a0al empresario Rodolfo Hern\u00e1ndez. Era el tercer intento del exalcalde de Bogot\u00e1 y fue un triunfo hist\u00f3rico ya que, por primera vez, Colombia tendr\u00e1 un gobierno de izquierda. La victoria ser\u00e1, ante todo, un cambio de paradigma.<\/p>\n<p>Para muchos analistas e historiadores, este proceso es un ep\u00edlogo que cierra un c\u00edrculo muy doloroso de la historia colombiana, que es\u00a0<strong>el asesinato en 1948<\/strong>\u00a0de Jorge Eli\u00e9cer Gait\u00e1n\u00a0<strong>en el episodio conocido como el\u00a0<em>Bogotazo<\/em><\/strong>. Gait\u00e1n, que tambi\u00e9n hab\u00eda ocupado el cargo de alcalde de Bogot\u00e1, contaba con un ampl\u00edsimo apoyo de los sectores populares y nadie dudaba que ser\u00eda el candidato del Partido Liberal para las elecciones de 1950.<\/p>\n<p>Su asesinato dos a\u00f1os antes, fue la \u00fanica manera que los conservadores encontraron para frenar a Gait\u00e1n en su camino a la presidencia. Su asesinato provoc\u00f3 la inmediata indignaci\u00f3n del pueblo colombiano, donde decenas de miles salieron a protestar \u2013el\u00a0<em>Bogotazo<\/em>&#8211; tanto por el asesinato de Gait\u00e1n como contra las intenciones de los conservadores por retener el poder a cualquier precio e impedir la transformaci\u00f3n social de Colombia.<\/p>\n<p>El asesinato de Gait\u00e1n y las protestas en la capital del pa\u00eds fueron\u00a0<strong>la chispa que dio origen a un fuego que se expandi\u00f3 sobre el pasto seco de la injusticia social<\/strong>\u00a0que viv\u00eda el pueblo colombiano a lo largo y ancho del territorio. Las protestas de millones de personas, fueron sofocadas de manera violenta, muy violenta.<\/p>\n<p>Una especie de guerra civil que ya estaba en marcha entre liberales y conservadores, se acentu\u00f3 con el asesinato de Gait\u00e1n y fue el comienzo de una de las d\u00e9cadas m\u00e1s sangrientas en la historia colombiana, a tal punto que al periodo se le conoci\u00f3 como el de 'La Violencia'. M\u00e1s de 300.000 muertos y casi tres millones de desplazados fueron las consecuencias de asesinar no s\u00f3lo a un hombre, sino a la voluntad y las esperanzas de todo un pueblo.<\/p>\n<p>Despu\u00e9s de 'La Violencia' vino\u00a0<strong>una paz pactada entre el Partido Liberal y el Conservador que trajo un poco de sosiego<\/strong>\u00a0a Colombia,\u00a0<strong>pero de manera artificial<\/strong>. Subsist\u00eda en el pa\u00eds un ambiente de una divisi\u00f3n may\u00fascula entre dos proyectos de naci\u00f3n, uno de los cuales hab\u00eda sido cancelado de forma violenta y a costa de miles de muertos y millones de desplazados. Colombia no ten\u00eda paz consigo misma.<\/p>\n<p>Comandos paramilitares, autodefensas, grupos guerrilleros y c\u00e1rteles alternaron el control de espacios y territorios por m\u00e1s de tres d\u00e9cadas, tiempo en el que Colombia se convirti\u00f3 en el pa\u00eds con la mayor cantidad de desplazamientos internos en el mundo, algo que sorprende todav\u00eda m\u00e1s porque es el \u00fanico pa\u00eds en estas clasificaciones (Siria, Afganist\u00e1n, Congo, Yemen, Irak) que no est\u00e1, formalmente, envuelto en una guerra.<\/p>\n<p>Mientras el pa\u00eds se fragmentaba en peque\u00f1os feudos y territorios donde el Estado no ten\u00eda influencia ni control real y el desplazamiento interno era el pan de cada d\u00eda para el pueblo colombiano, en la arena pol\u00edtica\u00a0<strong>la derecha y los conservadores se apoderaron de la escena electoral<\/strong>\u00a0casi por completo, salvo la potente irrupci\u00f3n del liberal Luis Carlos Gal\u00e1n, asesinado en 1989 por los c\u00e1rteles de la droga.<\/p>\n<p>Durante la segunda mitad del siglo XX, Colombia fue condenada a vivir con miedo y dolor, entre la violencia, el desplazamiento y el conservadurismo. La larga noche neoliberal que sobrevino en el nuevo milenio tambi\u00e9n cancel\u00f3 la esperanza y el futuro de millones de colombianas y colombianos. La pesadilla parec\u00eda no tener fin, como si Colombia estuviera destinada a cumplir por la eternidad con un embrujo fatal, digno del realismo m\u00e1gico que surgi\u00f3 de sus selvas tropicales.<\/p>\n<p>Pero\u00a0<strong>la maldici\u00f3n qued\u00f3 sin efecto este domingo<\/strong>. Y si bien Gustavo Petro es el presidente y quien rompi\u00f3 el maleficio gracias a una lucha permanente desde la d\u00e9cada de los 80s, creo que debemos pensar que\u00a0<strong>el futuro de Colombia est\u00e1 representado y conjugado en la vicepresidencia de Francia M\u00e1rquez<\/strong>, una mujer afrodescendiente, l\u00edder social y medioambiental que comenz\u00f3 laborando como minera en su regi\u00f3n del Cauca para despu\u00e9s de un desplazamiento forzado trabajar como empleada dom\u00e9stica en Cali.<\/p>\n<p><strong>Francia es una s\u00edntesis de la Colombia real<\/strong>\u00a0y su elecci\u00f3n como vicepresidenta es una oportunidad para construir el futuro de Colombia,\u00a0<strong>para \"<a href=\"https:\/\/actualidad.rt.com\/actualidad\/433457-francia-marquez-responde-periodista-vivir-sabroso\" target=\"_blank\" rel=\"noopener noreferrer\">vivir sabroso<\/a>\"<\/strong>\u00a0que, como ella misma ha referido, significa vivir sin miedo a la violencia y a la gente armada, con dignidad y garant\u00edas para que todo el pueblo colombiano goce plenamente de derechos y oportunidades.<\/p>\n<p>El futuro de Colombia debe ser vivir en paz. Pero no en una paz artificial como la surgida de los pactos de los sesenta o de una paz endeble e incompleta como la que se ha dado con las treguas entre guerrillas y gobierno a partir de los noventa. Debe ser una paz que emane de la justicia social. Una paz que surja de la lucha por erradicar el clasismo y el racismo que existe en la actualidad en Colombia y que la sufren m\u00e1s las y los m\u00e1s pobres, los nadies como la misma Francia M\u00e1rquez.<\/p>\n<p>Porque Francia M\u00e1rquez no era nadie en las estructuras raciclasistas colombianas, pero la lucha de los colectivos de los que forma parte y representa lograron que despu\u00e9s de dos siglos haya \"un gobierno del pueblo, un gobierno popular, un gobierno de la gente con manos callosas, el gobierno de la gente a pie, el gobierno de los nadies y las nadies de Colombia\".<\/p>\n<p>El futuro de Colombia debe ser la construcci\u00f3n de la paz con justicia social y le pertenece al pueblo, a los nadies.<\/p>\n","protected":false},"excerpt":{"rendered":"<p>Javier Buenrostro (Russia Today, 24-6-22) &nbsp; El pasado domingo 19 de junio, el economista Gustavo Petro gan\u00f3 en una cerrada\u00a0segunda vuelta\u00a0al empresario Rodolfo Hern\u00e1ndez. Era el tercer intento del exalcalde de Bogot\u00e1 y fue un triunfo hist\u00f3rico ya que, por primera vez, Colombia tendr\u00e1 un gobierno de izquierda. La victoria ser\u00e1, ante todo, un cambio [&hellip;]<\/p>\n","protected":false},"author":1,"featured_media":50614,"comment_status":"open","ping_status":"open","sticky":false,"template":"","format":"standard","meta":{"footnotes":""},"categories":[14,12],"tags":[],"class_list":["post-50824","post","type-post","status-publish","format-standard","has-post-thumbnail","hentry","category-internacionales","category-politica-3"],"_links":{"self":[{"href":"https:\/\/debateplural.net\/site\/wp-json\/wp\/v2\/posts\/50824"}],"collection":[{"href":"https:\/\/debateplural.net\/site\/wp-json\/wp\/v2\/posts"}],"about":[{"href":"https:\/\/debateplural.net\/site\/wp-json\/wp\/v2\/types\/post"}],"author":[{"embeddable":true,"href":"https:\/\/debateplural.net\/site\/wp-json\/wp\/v2\/users\/1"}],"replies":[{"embeddable":true,"href":"https:\/\/debateplural.net\/site\/wp-json\/wp\/v2\/comments?post=50824"}],"version-history":[{"count":1,"href":"https:\/\/debateplural.net\/site\/wp-json\/wp\/v2\/posts\/50824\/revisions"}],"predecessor-version":[{"id":50825,"href":"https:\/\/debateplural.net\/site\/wp-json\/wp\/v2\/posts\/50824\/revisions\/50825"}],"wp:featuredmedia":[{"embeddable":true,"href":"https:\/\/debateplural.net\/site\/wp-json\/wp\/v2\/media\/50614"}],"wp:attachment":[{"href":"https:\/\/debateplural.net\/site\/wp-json\/wp\/v2\/media?parent=50824"}],"wp:term":[{"taxonomy":"category","embeddable":true,"href":"https:\/\/debateplural.net\/site\/wp-json\/wp\/v2\/categories?post=50824"},{"taxonomy":"post_tag","embeddable":true,"href":"https:\/\/debateplural.net\/site\/wp-json\/wp\/v2\/tags?post=50824"}],"curies":[{"name":"wp","href":"https:\/\/api.w.org\/{rel}","templated":true}]}}