{"id":50845,"date":"2022-06-28T16:33:59","date_gmt":"2022-06-28T20:33:59","guid":{"rendered":"https:\/\/debateplural.com\/inicio\/?p=50845"},"modified":"2022-06-28T16:33:59","modified_gmt":"2022-06-28T20:33:59","slug":"en-madrid-contra-la-otan-y-sus-complices","status":"publish","type":"post","link":"https:\/\/debateplural.net\/site\/2022\/06\/28\/en-madrid-contra-la-otan-y-sus-complices\/","title":{"rendered":"En Madrid, contra la OTAN y sus c\u00f3mplices"},"content":{"rendered":"<p>Carlos Aznarez (teleSur, 27-6-22)<\/p>\n<p>&nbsp;<\/p>\n<p>\u00c1ngeles Maestro es m\u00e9dica, activa luchadora anticapitalista dentro del Estado espa\u00f1ol, y a la vez militante internacionalista que ha abrazado las causas de Cuba y Venezuela, las del Medio Oriente, con Palestina como referencia fundamenta, y las del pueblo saharaui en su lucha contra la\u00a0ocupaci\u00f3n marroqu\u00ed.<\/p>\n<div class=\"qnewworld\"><\/div>\n<p>Ella, como deb\u00eda ser, fue una de las\u00a0referentes de la contra-cumbre\u00a0\u201cOTAN No, Bases fuera\u201d que este fin de semana deliber\u00f3 en Madrid y gan\u00f3 las calles contra la\u00a0reuni\u00f3n que celebrar\u00e1 all\u00ed la corporaci\u00f3n multinacional guerrerista.<\/p>\n<p>Estas son sus opiniones que ayudan a esclarecer y a formar sobre lo que significa esa alianza letal que hoy sigue poniendo al mundo al borde del abismo.<\/p>\n<p><strong>-\u00c1ngeles contanos un poco que pas\u00f3 este fin de semana en Madrid\u00a0alrededor\u00a0de la contracumbre realizada para denunciar a la OTAN, ya que\u00a0tenemos\u00a0entendido que hubo dos encuentros en lugar de uno.<\/strong><\/p>\n<p>-Lo que ha sucedido es que ha habido una cumbre \u201cPor la paz\u201d que es la que ha ocupado medi\u00e1ticamente el espacio, llevada a cabo por las fuerzas pol\u00edticas y sindicales que sostienen al gobierno. Es decir, Unidas Podemos\u00a0con\u00a0Izquierda Unida dentro, Comisiones Obreras,\u00a0UGT, y entidades sat\u00e9lites de \u00e9stas.<\/p>\n<p>Digo que ha ocupado el espacio medi\u00e1tico porque evidentemente estas personas tienen important\u00edsimas subvenciones institucionales, y apoyos medi\u00e1ticos y para el sistema era absolutamente imprescindible que ellos sean la voz \u00aben contra\u00bb de la OTAN.<\/p>\n<p>De hecho, en la propaganda que realizaron, el\u00a0\u201cNo a la OTAN\"\u00a0era peque\u00f1ito, mientras que en grandes letras aparec\u00eda \u201cPor la paz\u201d, para que fuera un mensaje controlado. Es decir,\u00a0ocurri\u00f3 como tantas veces hemos visto, cuando en las reuniones en la cuales los pueblos hemos intentado confrontar con los cr\u00edmenes que estas organizaciones multinacionales perpetran, ellos han optado por financiar su propia\u00a0\u201cposici\u00f3n\u201d.<\/p>\n<p><strong>\u2013\u00bfC\u00f3mo es eso?<\/strong><\/p>\n<p>-Es decir, que hay una serie de ONG, de fuerzas pol\u00edticas, sindicales, que hacen oposici\u00f3n con la boca peque\u00f1a, cubren el supuesto espacio de la confrontaci\u00f3n, que no es tal, y contribuyen decisivamente a ocultar a quienes, desde la modestia m\u00e1s grande de la falta de financiaci\u00f3n de todo tipo, de subvenciones, etc, s\u00ed que tenemos un discurso que confronta directamente con estas instituciones internacionales criminales.<\/p>\n<p>Entonces, ha habido con todos los focos en la escena una cumbre \u201cpor la paz\u201d, en la sede de Comisiones Obreras en Madrid y luego otra contracumbre, que efectivamente es la \u00fanica que merec\u00eda tal nombre, que hemos tenido que hacerla en una parroquia obrera de Vallecas porque se nos ha negado cualquier tipo de instalaci\u00f3n relacionada con el gobierno, bien municipal, que en Madrid gobierna el PP o bien estatal del PSOE-Unidas Podemos.<\/p>\n<p><strong>-\u00bfC\u00f3mo les fue en esta decisi\u00f3n?<\/strong><\/p>\n<p>-All\u00ed modestamente, pero creo que con una fuerza y una coherencia, que auguran, creo yo, bases s\u00f3lidas para desarrollar lo que es indispensable y lo que el estado espa\u00f1ol necesita, organizaciones revolucionarias, o coherentemente confrontadas con el capitalismo y desarrollar un movimiento contra el imperialismo y contra la OTAN.<\/p>\n<p>All\u00ed nos hemos reunido, ha sido importante porque en este movimiento han confluido pr\u00e1cticamente todas las plataformas contra la OTAN que se han creado en los diferentes pueblos del estado espa\u00f1ol. Y cuando digo pueblos quiero decir, comunidades aut\u00f3nomas, ciudades peque\u00f1as, en fin, todas excepto, Catalunya y Valencia en las cuales la hegemon\u00eda la ten\u00edan estas instituciones que apoyan al gobierno. Por lo tanto ellos han asistido a la cumbre \u201cpor la paz\u201d y en la manifestaci\u00f3n del\u00a0domingo\u00a0han engrosado las filas de quienes estaban cubriendo un espacio para blanquear el apoyo al gobierno y a la cumbre de la OTAN.<\/p>\n<p>Hemos confluido, como dec\u00eda, plataformas de todos los estados, y tambi\u00e9n organizaciones pol\u00edticas, alg\u00fan sindicato, organizaciones de barrio de Madrid, en fin un conglomerado plural pero con unas bases ideol\u00f3gicas firmes y compartidas que se han expresado en los comunicados y en este llamamiento para conformar el movimiento antiimperialista y contra la OTAN que representan un arco que pretendemos de largo recorrido.<\/p>\n<p><strong>-\u00bfEsta ruptura viene de antes o surgi\u00f3 en el trajinar de la misma reuni\u00f3n convocada por esos sectores que t\u00fa se\u00f1alas como afines al gobierno?<\/strong><\/p>\n<p>-En primer lugar, hay que decir que nunca hubo la menor tentaci\u00f3n o voluntad nuestra de acudir a esta \u00abcumbre por la paz\u00bb, eso estaba clar\u00edsimo desde el primer momento. No obstante, la ruptura se produjo tarde. No tanto en relaci\u00f3n con la cumbre, ya que estuvo claro desde el principio que esa cumbre era la cumbre del gobierno, pero s\u00ed en todos los preparativos de la manifestaci\u00f3n.<\/p>\n<p>De tal manera que empezamos a hacer las reuniones en el mes de noviembre y la ruptura con la decisi\u00f3n de conformar un bloque claramente que dijera \u00abOTAN NO \u2013 Bases Fuera\u00bb y denunciando la complicidad del gobierno en la preparaci\u00f3n de la cumbre, no se produjo hasta la primera quincena de mayo, es decir muy tarde. Eso creo que fue uno de los errores nuestros, porque cuando tienes pocos recursos, el principal recurso es el tiempo. El tiempo para llegar a muchos sitios, para poder debatir, para poder aglutinar, para poder organizar. Ese creo que fue uno de nuestros errores, que fue inevitable porque hubo organizaciones que apostaron desde el primer momento a \u00abla unidad, la unidad\u00bb, una unidad imposible, porque nos pregunt\u00e1bamos \u00bfc\u00f3mo vamos a ir juntos con qui\u00e9nes est\u00e1n con un gobierno que est\u00e1 organizando, financiando, comprando pistolas Taser para agredir a los manifestantes que se atrevieran a confrontar la cumbre de la OTAN, y por otro lado quienes nos oponemos.<\/p>\n<p>Pero la chispa que desencaden\u00f3 la ruptura fue algo incre\u00edble: mientras las bases norteamericanas,\u00a0es decir el poder de Estados Unidos en suelo espa\u00f1ol, no hacen m\u00e1s que fortalecerse y ampliarse -de hecho se ha renovado el acuerdo bilateral entre el gobierno espa\u00f1ol y el de Estados Unidos a finales de mayo-, hubo organizaciones sat\u00e9lites de quienes est\u00e1n apoyando al gobierno que pretend\u00edan que la lucha contra las bases ya estaba pasada de moda, que era una\u00a0antig\u00fcedad\u00a0y que est\u00e1bamos fuera de la realidad.<\/p>\n<p>Era algo muy chocante, porque digamos que en la OTAN se puede inferir que hay muchos gobiernos, pero en un tratado bilateral con Estados Unidos es este gobierno directamente el involucrado y el que ha tomado las decisiones, no hay ah\u00ed un colectivo m\u00e1s amplio, es directamente el gobierno espa\u00f1ol. Entonces, ah\u00ed se precipit\u00f3 la ruptura. Para muchas organizaciones que estamos en esta batalla de largo recorrido, el hecho de haber consumado esa ruptura es la garant\u00eda de credibilidad en el futuro.<\/p>\n<p>Si nosotros hubi\u00e9ramos ido en un cortejo, en una procesi\u00f3n detr\u00e1s de ministros y ministras, detr\u00e1s de organizaciones que est\u00e1n teniendo las posiciones m\u00e1s agresivamente imperialistas desde hace d\u00e9cadas, pues claro, tendr\u00edamos poca credibilidad para hacer ese llamamiento hacia la conformaci\u00f3n de un movimiento de largo recorrido. M\u00e1xime cuando ahora mismo, no solamente se abre el frente contra Rusia en el este de Europa, sino algo que concierne directamente a Espa\u00f1a, al estado espa\u00f1ol y es lo que llaman la OTAN del Norte de \u00c1frica, que en este momento est\u00e1 realizando maniobras militares con Israel. Por primera vez, el estado de Israel, abiertamente, conforma maniobras militares con Marruecos y otros pa\u00edses, no s\u00e9 si finalmente Egipto acept\u00f3, porque es grav\u00edsimo que un pa\u00eds \u00e1rabe est\u00e9 participando con Israel en maniobras de la OTAN. Eso est\u00e1 directamente relacionado con la infamia que ha realizado el gobierno espa\u00f1ol hace poco m\u00e1s de un mes, de reconocer la soberan\u00eda de Marruecos sobre el S\u00e1hara, que ha abierto no solamente maniobras militares, sino que como siempre sucede, la cobertura militar es la garant\u00eda de la actuaci\u00f3n de multinacionales israel\u00edes, espa\u00f1olas \u00a0y marroqu\u00edes que est\u00e1n haciendo extracciones petrol\u00edfera en aguas saharauis para hacerse con los recursos no solamente del norte de \u00c1frica sin\u00f3 del\u00a0Sahel\u00a0y que involucra directamente a las Islas Canarias.<\/p>\n<p><strong>-Nos gustar\u00eda que nos explicaras c\u00f3mo actu\u00f3 Podemos en esta instancia, hemos le\u00eddo declaraciones de que ellos, si bien manifestaban estar en contra de la OTAN, a la vez no le quieren arruinar el montaje que ha preparado Pedro S\u00e1nchez para recibir a la OTAN en estos d\u00edas.<\/strong><\/p>\n<p>-Efectivamente. Creo que igual que hicieron con la transici\u00f3n espa\u00f1ola, que la vendieron en Am\u00e9rica Latina como la salida democr\u00e1tica a las dictaduras de Argentina, de Chile, de Brasil y de otros pa\u00edses, efectivamente para lo que sirvi\u00f3 es para perpetuar todas la estructuras de poder, y sobre todo los aparatos de estado quedaron\u00a0en manos de los mismos sectores que en el franquismo. Algo parecido ha sucedido con Podemos. A estas alturas creo que es casi imposible negar el papel de Podemos en un momento, Podemos surge con la crisis de 2009 \u2013 2011 con las grandes movilizaciones de masas, con las tensiones terribles en Grecia, donde surge\u00a0Syriza\u00a0\u00a0tambi\u00e9n intentando confrontar con las pol\u00edticas de austeridad de la Uni\u00f3n Europea.<\/p>\n<p>Sin embargo, lo peligroso para el poder es que la gente estaba en la calle, millones estaban en la calle. Fue primero el 15M, luego las Marchas de la Dignidad exigiendo el no pago de la deuda, y en ese contacto de lucha callejera y de rebeli\u00f3n popular, surge una apuesta de canalizaci\u00f3n electoral de todo ese malestar social. Es decir, vamos a votar a esto, pero f\u00edjate que bonito, nos van a poder una urna, nosotros ponemos el voto y as\u00ed se resuelven todos los problemas. Efectivamente como demostr\u00f3 el PC en la transici\u00f3n, ahora Podemos a m\u00e1s velocidad y con m\u00e1s descomposici\u00f3n, ha demostrado para lo que sirve la supuesta izquierda en los gobiernos o apoyando procesos pol\u00edticos. Lo que esta gente est\u00e1 vendiendo es la desmovilizaci\u00f3n popular y la confusi\u00f3n de la clase obrera y del pueblo con respecto a sus propios objetivos. Esa es la bandeja de plata que le proporcionan estas fuerzas pol\u00edticas al poder, que para lo que sirven es para blanquear las pol\u00edticas de represi\u00f3n en el terreno laboral, en el terreno de las libertades y ahora, de la militarizaci\u00f3n de la sociedad.<\/p>\n<p>Por ejemplo, en Espa\u00f1a y en el resto de la Uni\u00f3n Europea, est\u00e1 en tramitaci\u00f3n una ley de seguridad nacional en la cual el presidente del gobierno puede declarar una especie de estado de excepci\u00f3n encubierto que permite la requisa de bienes, por supuesto de los pobres, ya que no van a requisar bienes de las multinacionales o de la gran banca, prestaciones personales obligatorias sin derecho a indemnizaci\u00f3n. Tambi\u00e9n plantean la persecuci\u00f3n de toda noticia, que no tiene por qu\u00e9 ser falsa, que seg\u00fan ellos contribuya a la destituci\u00f3n nacional. Ya han hecho un Ministerio de la Verdad. eso ya est\u00e1 creado.<\/p>\n<p><strong>-\u00bfUn ministerio de la Verdad? \u00bfDe qu\u00e9 se trata?<\/strong><\/p>\n<p>-Es una instituci\u00f3n destinada a perseguir cualquier noticia y a cualquier persona que ellos consideren que es un peligro para la estabilidad nacional, sin necesidad de declararlo falso. Y al frente de eso han puesto un general, al general Ballesteros, y eso ya est\u00e1 en vigor en el estado espa\u00f1ol. De esa barbaridad no se ha o\u00eddo decir nada a Podemos, Izquierda Unida, ni nadie. Por eso yo alerto a las personas de buena fe que tienden a buscar v\u00edas f\u00e1ciles. Entiendo que votar es muy sencillo, pero es un espejismo, es una ilusi\u00f3n peligros\u00edsima que lo \u00fanico que hace es retardar y debilitar las tareas que son absolutamente inaplazables e ineludibles de la clase obrera y de los pueblos, que es confrontar con el capitalismo m\u00e1s salvaje y el imperialismo m\u00e1s criminal que hemos visto quienes estamos vivos.<\/p>\n<p>En este momento, lo que est\u00e1 en marcha y lo vamos a ver muy pronto, no porque sean cuestiones morales, no es que sean m\u00e1s criminales que los otros, pero el capitalismo est\u00e1 en decadencia mucho m\u00e1s aguda, y por lo tanto, el riesgo para el capital de que se produzca un levantamiento popular es m\u00e1s fuerte que nunca. Por eso, en este momento, cuando la inflaci\u00f3n se dispara, cuando los precios de los alimentos hacen imposible la vida, cuando el propio Foro Internacional de Davos ha declarado que hay que destruir al 40 % del tejido productivo mundial, eso quiere decir millones y millones de trabajadores y trabajadoras sin trabajo y sin esperanza alguna de encontrarlo.<\/p>\n<p>La militarizaci\u00f3n de la sociedad que est\u00e1 en marcha, ese es el panorama que nos espera, y esta gente, estos supuestos progresistas, est\u00e1n colaborando decididamente, por un lado callando ante las medidas, y por otro lado contribuyendo a que la gente tarde m\u00e1s tiempo del necesario en analizar la realidad y tomar decisiones.<\/p>\n<p><strong>-Cu\u00e9ntanos sobre todo, cu\u00e1l es tu visi\u00f3n sobre lo ocurrido recientemente en Melilla, ciudad fronteriza con Nador, en Marruecos, ya que tenemos entendido que se ha producido una enorme masacre de migrantes.<\/strong><\/p>\n<p>-Primero hay que recordar que hay vinculaci\u00f3n con las actuaciones de la OTAN destruyendo Libia, que era el pa\u00eds m\u00e1s pr\u00f3spero de \u00c1frica, el pa\u00eds con mayor desarrollo humano, que daba trabajo a millones, no solamente de libios sino de gente que migraba desde otros pa\u00edses africanos. En la destrucci\u00f3n de Libia particip\u00f3 el gobierno espa\u00f1ol, recordemos que esa oportunidad el jefe del Estado Mayor del Ej\u00e9rcito, era un militar que est\u00e1 en Podemos, repito, Julio Rodr\u00edguez, fue el jefe del ej\u00e9rcito espa\u00f1ol, que dirigi\u00f3 los bombardeos sobre Libia, ese es un militar que est\u00e1 en las filas y \u00f3rganos de direcci\u00f3n de Podemos. Lo digo porque los casos concretos valen m\u00e1s que mil argumentos.<\/p>\n<p>Otro de los fen\u00f3menos sobre los cuales est\u00e1n involucrados el imperialismo estadounidense y de la Uni\u00f3n Europea, es el de la penetraci\u00f3n de brigadistas\u00a0del Frente Al Nusra, de Al Qaeda o\u00a0del ISIS, en pa\u00edses africanos, en Nigeria, en Burkina Faso, en Mali, provocando matanzas, desestabilizando, para que luego esos gobiernos que no pueden defenderse a s\u00ed mismo llamaran a Francia, a Gran Breta\u00f1a, a Estados Unidos para que les defendiera de los terroristas. Toda esta situaci\u00f3n de desestabilizaci\u00f3n ha ido acompa\u00f1ada por \u00a0la depredaci\u00f3n de recursos naturales que hace que pa\u00edses que hoy tienen a su pueblo en la miseria hoy sean los pa\u00edses m\u00e1s ricos del mundo en recursos naturales, en pesca, en colt\u00e1n, en litio, en uranio, en aluminio, esas materias primas que les son robadas por la multinacionales europeas y estadounidenses.<\/p>\n<p>Lo digo porque todo esto ha hecho, desde hace tiempo, que miles y miles de personas, los m\u00e1s fuertes, los mejor preparados, atraviesen como pueden distancias de miles de kil\u00f3metros, y lo intentan para conseguir trabajo en Europa. Eso ha generado que desde hace mucho tiempo en los alrededores de Melilla, en territorio marroqu\u00ed, est\u00e9n acampados como pueden decenas de miles de personas que esperan una oportunidad para colarse hacia el territorio espa\u00f1ol. Lo que he explicado es muy importante entenderlo: si la multinacionales europeas y estadounidenses no saquearan a esos pa\u00edses, y no hubieran destruido al gobierno m\u00e1s importante que serv\u00eda de esperanza, de identidad y unidad y desarrollo africano, esa gente no vendr\u00eda para ac\u00e1, esa gente no viene aqu\u00ed para conocer mundo, viene ac\u00e1 desesperada desde sus sitios.<\/p>\n<p>Repito lo que he dicho antes, acerca de lo que ha supuesto el reconocimiento, el cambio sustancial en la pol\u00edtica del gobierno espa\u00f1ol, representado por el PSOE y Unidas Podemos, con respeto de\u00a0 los derechos del pueblo saharaui y la traici\u00f3n que supuso el reconocimiento de la soberan\u00eda de Marruecos sobre el S\u00e1hara. Entonces, lo que ha sucedido en estos d\u00edas ha sido un enorme crimen que no solamente ha sido ejecutado por la polic\u00eda marroqu\u00ed, instigado por el gobierno, sino que las personas que estaban acampadas en los alrededores de la valla de Melilla, ven\u00edan siendo instigadas a la desesperaci\u00f3n, se les quemaban sus tiendas, se les quitaba la comida y el agua, la polic\u00eda marroqu\u00ed estaba echando le\u00f1a al fuego a una situaci\u00f3n que no ten\u00eda m\u00e1s que una salida, y era la valla de Melilla.<\/p>\n<p>Incitaron a saltar hacia\u00a0all\u00ed\u00a0y luego cuando la gente decide hacerlo, van y las matan. Eso es lo que ha sucedido, y por eso, el gobierno criminal del PSOE y Unidas Podemos ha felicitado inmediatamente al gobierno y a la polic\u00eda marroqu\u00ed por la matanza\u00a0de\u00a0decenas de migrantes.. Eso han hecho,\u00a0est\u00e1n manchados de sangre, de sangre de personas provenientes de pueblos ellos mismos saquean, es como t\u00fa bien sabes ocurre en Am\u00e9rica Latina. Ese es el actuar del imperialismo, ese es el actuar de las multinacionales, pero cuando hay muertos de por medio hay que decir muy alto y muy claro qui\u00e9nes son los criminales, en este caso es el gobierno espa\u00f1ol que ha utilizado como esbirros a la polic\u00eda marroqu\u00ed, pero pregunt\u00e9monos qui\u00e9n es el autor intelectual del crimen y qui\u00e9n ha aplaudido al crimen, \u00a0y ese no es otro que el gobierno espa\u00f1ol.<\/p>\n<p>Es muy importante, no es la primera vez que pasa, pero en estas proporciones, con esta instigaci\u00f3n y con este marco pol\u00edtico del cual Espa\u00f1a va a formar parte de la OTAN del Norte de \u00c1frica con el estado de Israel, Marruecos, etc. como dec\u00eda, para robar a mano armada, nunca antes mejor dicho, las riquezas del pueblo saharaui y del resto de los pa\u00edses africanos. Este es el momento en el cual todo eso se visualiza con claridad, probablemente no haya habido un antecedente tan transparente como \u00a0el que los acontecimientos de este fin de semana nos han permitido visualizar<\/p>\n<p><strong>-Es muy claro lo que est\u00e1s diciendo. Eso es la OTAN, eso es el capitalismo actuando y puesto en escena por gobiernos como el espa\u00f1ol, que todav\u00eda tienen el descaro de llamarse \u201cde izquierda\u201d y generar m\u00e1s confusi\u00f3n a la ya existente.<\/strong><\/p>\n<p>-Para terminar, dos ideas, para reforzar lo que t\u00fa est\u00e1s diciendo. Por un lado, la actuaci\u00f3n del poder espa\u00f1ol es un claro comportamiento de lacayo ante sus se\u00f1ores, poniendo en evidencia c\u00f3mo se garantiza la seguridad del flanco sur de Europa frente a los deshechos humanos que intentan pasar la valla, y c\u00f3mo efectivamente justo antes de la reuni\u00f3n de \u00a0la OTAN se ponen esos cad\u00e1veres de trabajadores j\u00f3venes en bandeja ante los criminales que van a estar en Madrid reunidos.<\/p>\n<p>Esos que van a cenar en el Museo del Prado y a los que se va a agasajar como si fueran gente decente cuando en realidad son el desecho de la humanidad y la escoria de la civilizaci\u00f3n.<\/p>\n","protected":false},"excerpt":{"rendered":"<p>Carlos Aznarez (teleSur, 27-6-22) &nbsp; \u00c1ngeles Maestro es m\u00e9dica, activa luchadora anticapitalista dentro del Estado espa\u00f1ol, y a la vez militante internacionalista que ha abrazado las causas de Cuba y Venezuela, las del Medio Oriente, con Palestina como referencia fundamenta, y las del pueblo saharaui en su lucha contra la\u00a0ocupaci\u00f3n marroqu\u00ed. Ella, como deb\u00eda ser, [&hellip;]<\/p>\n","protected":false},"author":1,"featured_media":24417,"comment_status":"open","ping_status":"open","sticky":false,"template":"","format":"standard","meta":{"footnotes":""},"categories":[14,12],"tags":[],"class_list":["post-50845","post","type-post","status-publish","format-standard","has-post-thumbnail","hentry","category-internacionales","category-politica-3"],"_links":{"self":[{"href":"https:\/\/debateplural.net\/site\/wp-json\/wp\/v2\/posts\/50845"}],"collection":[{"href":"https:\/\/debateplural.net\/site\/wp-json\/wp\/v2\/posts"}],"about":[{"href":"https:\/\/debateplural.net\/site\/wp-json\/wp\/v2\/types\/post"}],"author":[{"embeddable":true,"href":"https:\/\/debateplural.net\/site\/wp-json\/wp\/v2\/users\/1"}],"replies":[{"embeddable":true,"href":"https:\/\/debateplural.net\/site\/wp-json\/wp\/v2\/comments?post=50845"}],"version-history":[{"count":1,"href":"https:\/\/debateplural.net\/site\/wp-json\/wp\/v2\/posts\/50845\/revisions"}],"predecessor-version":[{"id":50846,"href":"https:\/\/debateplural.net\/site\/wp-json\/wp\/v2\/posts\/50845\/revisions\/50846"}],"wp:featuredmedia":[{"embeddable":true,"href":"https:\/\/debateplural.net\/site\/wp-json\/wp\/v2\/media\/24417"}],"wp:attachment":[{"href":"https:\/\/debateplural.net\/site\/wp-json\/wp\/v2\/media?parent=50845"}],"wp:term":[{"taxonomy":"category","embeddable":true,"href":"https:\/\/debateplural.net\/site\/wp-json\/wp\/v2\/categories?post=50845"},{"taxonomy":"post_tag","embeddable":true,"href":"https:\/\/debateplural.net\/site\/wp-json\/wp\/v2\/tags?post=50845"}],"curies":[{"name":"wp","href":"https:\/\/api.w.org\/{rel}","templated":true}]}}