{"id":50891,"date":"2022-07-01T12:55:07","date_gmt":"2022-07-01T16:55:07","guid":{"rendered":"https:\/\/debateplural.com\/inicio\/?p=50891"},"modified":"2022-07-01T12:55:07","modified_gmt":"2022-07-01T16:55:07","slug":"putin-sobre-finlandia-y-sueciasi-emplean-contingentes-militares-e-infraestructuras-tendremos-que-responder-en-la-misma-moneda-que-en-ucrania","status":"publish","type":"post","link":"https:\/\/debateplural.net\/site\/2022\/07\/01\/putin-sobre-finlandia-y-sueciasi-emplean-contingentes-militares-e-infraestructuras-tendremos-que-responder-en-la-misma-moneda-que-en-ucrania\/","title":{"rendered":"Putin sobre Finlandia y Suecia:\"Si emplean contingentes militares e infraestructuras, tendremos que responder en la misma moneda que en Ucrania\""},"content":{"rendered":"<p>Tulio Ribeiro (teleSur, 30-6-22)<\/p>\n<p>&nbsp;<\/p>\n<p>En una fuerte nueva declaraci\u00f3n contra Occidente, Putin declar\u00f3 que condena las 'ambiciones imperiales' de la OTAN, advirtiendo a Finlandia y Suecia. Esta adhesi\u00f3n de Helsinki y Estocolmo a la OTAN marca uno de los mayores cambios en la seguridad europea en d\u00e9cadas.<\/p>\n<div class=\"qnewworld\"><\/div>\n<p>El presidente ruso, Vlad\u00edmir Putin, acusa a la alianza militar de la OTAN de intentar afirmar su \"supremac\u00eda\" a trav\u00e9s del conflicto en Ucrania. El presidente ruso tambi\u00e9n apunt\u00f3 el\u00a0mi\u00e9rcoles que \"responder\u00eda de la misma manera si la OTAN env\u00eda tropas e infraestructura a Finlandia y Suecia despu\u00e9s de que los dos pa\u00edses n\u00f3rdicos se unan a la alianza militar\".<\/p>\n<p>La declaraci\u00f3n de Putin se produjo un d\u00eda despu\u00e9s de que T\u00fcrkiye, miembro de la OTAN, levantara su veto sobre la oferta de Finlandia y Suecia de unirse a la alianza cuando las tres naciones acordaron proteger la seguridad de la otra. En este contexto, la adhesi\u00f3n de Helsinki y Estocolmo a la OTAN marca uno de los mayores cambios en la seguridad europea en d\u00e9cadas.<\/p>\n<p>\u201cCon Suecia y Finlandia no tenemos los problemas que tenemos con Ucrania. Quieren unirse a la OTAN, adelante\u201d, dijo Putin a la televisi\u00f3n estatal rusa despu\u00e9s de conversaciones con l\u00edderes regionales en el antiguo estado sovi\u00e9tico de Turkmenist\u00e1n en Asia Central. Pero es importante recordar que su condici\u00f3n es que la OTAN no establezca la frontera norte contra Rusia.<\/p>\n<p>\u201cPero deben entender que antes no hab\u00eda amenaza, mientras que ahora, si all\u00ed se despliegan contingentes militares e infraestructura, tendremos que responder en la misma moneda y crear las mismas amenazas a los territorios desde donde se crean las amenazas contra nosotros\u201d, se dirigi\u00f3 a Putin y sigui\u00f3: \"Las relaciones de Mosc\u00fa con Helsinki y Estocolmo inevitablemente se agriar\u00edan con la membres\u00eda de la OTAN. Todo estaba bien entre nosotros, pero ahora puede haber algunas tensiones, ciertamente las habr\u00e1. Es inevitable si hay una amenaza para nosotros\".<\/p>\n<p>El l\u00edder ruso tambi\u00e9n aprovech\u00f3 la oportunidad para refutar las acusaciones occidentales. Neg\u00f3 que las fuerzas de Mosc\u00fa fueran responsables de un ataque con misiles contra un centro comercial abarrotado en la ciudad ucraniana de Kremenchuk a principios de esta semana, en el que al menos 18 personas murieron y muchas siguen desaparecidas entre los escombros.<\/p>\n<p>\u201cNuestro ej\u00e9rcito no ataca ning\u00fan sitio de infraestructura civil. Tenemos toda la capacidad para saber qu\u00e9 est\u00e1 situado d\u00f3nde\", dijo Putin en una conferencia de prensa en la capital de Turkmenist\u00e1n, Asjabad.<\/p>\n<p>Un cap\u00edtulo tras otro donde Rusia avanza en\u00a0Ucrania, el gobierno ucraniano a\u00fan no ha llegado a un acuerdo solo para servir a la ambici\u00f3n de la OTAN de ser la fuerza militar mundial. Un sue\u00f1o donde el mundo tiene a China, Rusia, India y otros pa\u00edses no alineados con la Uni\u00f3n Europea o los Estados Unidos. \u00bfCu\u00e1ntos, en ambos lados, deben morir por la ilusi\u00f3n estadounidense de que no controla unilateralmente el planeta?<\/p>\n","protected":false},"excerpt":{"rendered":"<p>Tulio Ribeiro (teleSur, 30-6-22) &nbsp; En una fuerte nueva declaraci\u00f3n contra Occidente, Putin declar\u00f3 que condena las 'ambiciones imperiales' de la OTAN, advirtiendo a Finlandia y Suecia. Esta adhesi\u00f3n de Helsinki y Estocolmo a la OTAN marca uno de los mayores cambios en la seguridad europea en d\u00e9cadas. El presidente ruso, Vlad\u00edmir Putin, acusa a [&hellip;]<\/p>\n","protected":false},"author":1,"featured_media":49734,"comment_status":"open","ping_status":"open","sticky":false,"template":"","format":"standard","meta":{"footnotes":""},"categories":[14,12],"tags":[],"class_list":["post-50891","post","type-post","status-publish","format-standard","has-post-thumbnail","hentry","category-internacionales","category-politica-3"],"_links":{"self":[{"href":"https:\/\/debateplural.net\/site\/wp-json\/wp\/v2\/posts\/50891"}],"collection":[{"href":"https:\/\/debateplural.net\/site\/wp-json\/wp\/v2\/posts"}],"about":[{"href":"https:\/\/debateplural.net\/site\/wp-json\/wp\/v2\/types\/post"}],"author":[{"embeddable":true,"href":"https:\/\/debateplural.net\/site\/wp-json\/wp\/v2\/users\/1"}],"replies":[{"embeddable":true,"href":"https:\/\/debateplural.net\/site\/wp-json\/wp\/v2\/comments?post=50891"}],"version-history":[{"count":1,"href":"https:\/\/debateplural.net\/site\/wp-json\/wp\/v2\/posts\/50891\/revisions"}],"predecessor-version":[{"id":50892,"href":"https:\/\/debateplural.net\/site\/wp-json\/wp\/v2\/posts\/50891\/revisions\/50892"}],"wp:featuredmedia":[{"embeddable":true,"href":"https:\/\/debateplural.net\/site\/wp-json\/wp\/v2\/media\/49734"}],"wp:attachment":[{"href":"https:\/\/debateplural.net\/site\/wp-json\/wp\/v2\/media?parent=50891"}],"wp:term":[{"taxonomy":"category","embeddable":true,"href":"https:\/\/debateplural.net\/site\/wp-json\/wp\/v2\/categories?post=50891"},{"taxonomy":"post_tag","embeddable":true,"href":"https:\/\/debateplural.net\/site\/wp-json\/wp\/v2\/tags?post=50891"}],"curies":[{"name":"wp","href":"https:\/\/api.w.org\/{rel}","templated":true}]}}