{"id":50958,"date":"2022-07-14T11:19:40","date_gmt":"2022-07-14T15:19:40","guid":{"rendered":"https:\/\/debateplural.com\/inicio\/?p=50958"},"modified":"2022-07-14T11:19:40","modified_gmt":"2022-07-14T15:19:40","slug":"liderazgo-vs-pasividad-por-que-lopez-obrador-y-biden-viven-momentos-presidenciales-tan-distintos","status":"publish","type":"post","link":"https:\/\/debateplural.net\/site\/2022\/07\/14\/liderazgo-vs-pasividad-por-que-lopez-obrador-y-biden-viven-momentos-presidenciales-tan-distintos\/","title":{"rendered":"Liderazgo vs. pasividad: por qu\u00e9 L\u00f3pez Obrador y Biden viven momentos presidenciales tan distintos"},"content":{"rendered":"<p>Javier Buenrostro (Russia Today, 14-7-22)<\/p>\n<p>&nbsp;<\/p>\n<p>La\u00a0<a href=\"https:\/\/actualidad.rt.com\/actualidad\/435347-lopez-obrador-biden-impuestos-tmec\" target=\"_blank\" rel=\"noopener noreferrer\">reuni\u00f3n<\/a>\u00a0que tuvieron este martes los presidentes de Estados Unidos y M\u00e9xico muestra que los momentos presidenciales de ambos no pod\u00edan ser m\u00e1s distintos, tanto al interior como al exterior de sus naciones. De hecho, la relaci\u00f3n entre ambos pa\u00edses tambi\u00e9n vive un momento poco habitual.<\/p>\n<p>M\u00e9xico siempre fue considerado el patio trasero de los Estados Unidos y nuestros presidentes se comportaban como subordinados. Hasta en la n\u00f3mina de la CIA estuvieron\u00a0 Gustavo D\u00edaz Ordaz (1964-1970) y Luis Echeverr\u00eda\u00a0 (1970-1976) autores de la matanza de estudiantes en 1968 y de la Guerra Sucia de los a\u00f1os setenta, respectivamente.<\/p>\n<p>Pero\u00a0<strong>L\u00f3pez Obrador<\/strong>\u00a0cambi\u00f3 eso.\u00a0<strong>Recuper\u00f3 un liderazgo que M\u00e9xico hab\u00eda perdido<\/strong>, a nivel latinoamericano, precisamente por su incondicionalidad al proyecto neoliberal y una sumisi\u00f3n clara a los Estados Unidos que se disfrazaba de \"buena vecindad\" en el oropel de los encuentros diplom\u00e1ticos.<\/p>\n<p>La ausencia de L\u00f3pez Obrador de la\u00a0<strong><a href=\"https:\/\/actualidad.rt.com\/actualidad\/431976-cumbre-americas-ausencias-criticas-eeuu\" target=\"_blank\" rel=\"noopener noreferrer\">Cumbre de las Am\u00e9ricas<\/a><\/strong>\u00a0el mes pasado, aunada a las de otras y otros mandatarios de la regi\u00f3n, provoc\u00f3 que la reuni\u00f3n en Los \u00c1ngeles perdiera relevancia y que los asistentes tuvieran que\u00a0<strong>elevar el tono de las protestas<\/strong>\u00a0ante el veto que hab\u00eda impuesto Estados Unidos a algunos pa\u00edses.<\/p>\n<p>De aqu\u00ed surgi\u00f3 el encuentro entre\u00a0L\u00f3pez Obrador\u00a0y Biden. Estados Unidos hab\u00eda sido desairado como anfitri\u00f3n de un evento internacional y con la intenci\u00f3n que el tema no escalara, ambos pa\u00edses decidieron agendar una reuni\u00f3n en Washington, la segunda en ocho meses.<\/p>\n<p>El tiempo de\u00a0<strong>Biden<\/strong>\u00a0en la Oficina Oval no ha sido f\u00e1cil. En comparaci\u00f3n con la locuacidad de Trump, que rayaba en la incontinencia verbal, el presidente dem\u00f3crata luce lento y demasiado parsimonioso. Sus 80 a\u00f1os le pasan factura y est\u00e1 adormilado permanentemente.\u00a0<strong>No proyecta ni fuerza ni decisi\u00f3n en la din\u00e1mica internacional<\/strong>\u00a0donde se ve acotado por los mandatarios de Rusia y China en la agenda internacional.<\/p>\n<p>Su popularidad va en franco descenso. En un sondeo de la Universidad de Harvard, el 61 % de los encuestados manifestaron una desaprobaci\u00f3n de su gesti\u00f3n y 7 de cada 10 estadounidenses no quieren que busque la reelecci\u00f3n en 2024.\u00a0<strong>Ni los dem\u00f3cratas aprueban su desempe\u00f1o<\/strong>. Y la tragedia de los migrantes muertos en San Antonio, Texas, donde fallaron varias autoridades estadounidenses, dej\u00f3 al presidente estadounidense en una coyuntura migratoria cuesta arriba.<\/p>\n<p>En cambio L\u00f3pez Obrador mantiene una popularidad superior al 60\u00a0% y nunca ha estado bajo ese rango en sus cuatro a\u00f1os de administraci\u00f3n. El liderazgo regional ha quedado de manifiesto en varios episodios y le ha sido reconocido por otros mandatarios. A lo anterior, se suma el hecho que varios\u00a0<strong>triunfos del progresismo en la regi\u00f3n<\/strong>\u00a0(Chile y Colombia en \u00faltimas fechas) han hecho que el continente coincida casi por completo en los proyectos pol\u00edticos. Algo que se podr\u00eda profundizar con el muy probable triunfo de Lula en Brasil en octubre.<\/p>\n<p>As\u00ed llegaron ambos mandatarios a la reuni\u00f3n de esta semana. Pero atenci\u00f3n, decir que Biden es un presidente debilitado no es sin\u00f3nimo de que Estados Unidos sea d\u00e9bil. Para nada. Estados Unidos es y seguir\u00e1 siendo una potencia mundial por mucho tiempo. Pero ya no es y no ser\u00e1 la \u00fanica potencia y posiblemente en algunos a\u00f1os m\u00e1s tendr\u00e1 que ceder por completo el liderazgo mundial a China. La segunda mitad del siglo XXI ser\u00e1 del gigante asi\u00e1tico y de eso nadie tiene duda.<\/p>\n<p>Pero como se esperaba despu\u00e9s de la interrupci\u00f3n de cadenas de suministro que hubo durante la pandemia y que son una de las razones de la alta inflaci\u00f3n a nivel mundial, en el futuro cercano los mercados locales y regionales deber\u00e1n de fortalecerse. La guerra entre Rusia y Ucrania que ha volatilizado el mercado de granos apunta a soluciones en la misma direcci\u00f3n.<\/p>\n<p>Y esto quiz\u00e1s fue lo m\u00e1s rescatable de la reuni\u00f3n de trabajo entre\u00a0L\u00f3pez Obrador y Biden. El presidente mexicano es consciente que ante ciertas problem\u00e1ticas globales, la mejor respuesta es tomar medidas a nivel regional. Fortalecer bloques econ\u00f3micos es esencial para que los vaivenes internacionales no nos agarren tan mal parados. Y es algo que es un denominador com\u00fan alrededor del mundo, el robustecimiento de pol\u00edticas econ\u00f3micas regionales.<\/p>\n<p>Y eso es lo que hizo\u00a0<strong>L\u00f3pez Obrador<\/strong>, quien tuvo la\u00a0<strong>posici\u00f3n m\u00e1s activa en el encuentro<\/strong>. Le ofreci\u00f3 a Biden\u00a0<strong>gasolina barata<\/strong>\u00a0en la frontera para los estadounidenses y una red de m\u00e1s de mil kil\u00f3metros para transportar\u00a0<strong>gas<\/strong>\u00a0de Texas a Nuevo M\u00e9xico, Arizona y California para abastecer a 3 millones de personas y que los estadounidenses no sufran apagones como los que vivi\u00f3 Texas el a\u00f1o pasado.<\/p>\n<p>Propuso implementar un plan de\u00a0<strong>inversi\u00f3n privada y p\u00fablica<\/strong>\u00a0entre los dos pa\u00edses para producir bienes que fortalezcan nuestros mercados y se eviten importaciones de otras regiones o continentes. \u00bfEl objetivo? A corto plazo es controlar las presiones inflacionarias y a la larga conseguir la soberan\u00eda energ\u00e9tica y alimentaria para ambos pa\u00edses. Este punto es sustancial, ya que en M\u00e9xico la oposici\u00f3n se burlaba de estos enfoques hace cuatro a\u00f1os mientras que en la actualidad, despu\u00e9s de la pandemia y la guerra en Europa, se ha vuelto una obviedad geopol\u00edtica.<\/p>\n<p>Y ante la problem\u00e1tica migratoria,\u00a0L\u00f3pez Obrador\u00a0plante\u00f3 en\u00a0<strong>ordenar el flujo migratorio<\/strong>\u00a0y permitir la llegada a Estados Unidos de obreros, t\u00e9cnicos y profesionales mexicanos y centroamericanos con visas temporales de trabajo. Este es un tema que no se puede seguir evadiendo o s\u00f3lo atendiendo desde una perspectiva punitiva. Debe hacerse teniendo como prioridad el respeto irrestricto a los derechos humanos de las personas migrantes.<\/p>\n<p>Como vemos, todas las propuestas fueron de L\u00f3pez Obrador. Biden mantuvo la pasividad que lo caracteriza y con la misma parquedad de sus discursos s\u00f3lo reaccion\u00f3 y le pidi\u00f3 al presidente mexicano tener paciencia, ofreciendo duplicar las visas de trabajo para migrantes y llegar a 600.000 en los pr\u00f3ximos a\u00f1os.<\/p>\n<p>Paciencia, eso es lo que pide y ofrece el l\u00edder estadounidense, y este posicionamiento de Biden\u00a0<strong>resume el porqu\u00e9 de su ca\u00edda libre en las encuestas. No trasmite confianza ni liderazgo<\/strong>.\u00a0L\u00f3pez Obrador y Biden, dos mandatarios que viven momentos presidenciales completamente diferentes.<\/p>\n<p>Y eso se pudo palpar en este peculiar encuentro, casi\u00a0<em>sui generis<\/em>\u00a0entre un presidente mexicano y uno estadounidense.<\/p>\n<div class=\"EmbedBlock-root EmbedBlock-externalVideo EmbedBlock-vk\"><\/div>\n","protected":false},"excerpt":{"rendered":"<p>Javier Buenrostro (Russia Today, 14-7-22) &nbsp; La\u00a0reuni\u00f3n\u00a0que tuvieron este martes los presidentes de Estados Unidos y M\u00e9xico muestra que los momentos presidenciales de ambos no pod\u00edan ser m\u00e1s distintos, tanto al interior como al exterior de sus naciones. De hecho, la relaci\u00f3n entre ambos pa\u00edses tambi\u00e9n vive un momento poco habitual. M\u00e9xico siempre fue considerado [&hellip;]<\/p>\n","protected":false},"author":1,"featured_media":45498,"comment_status":"open","ping_status":"open","sticky":false,"template":"","format":"standard","meta":{"footnotes":""},"categories":[14,12],"tags":[],"class_list":["post-50958","post","type-post","status-publish","format-standard","has-post-thumbnail","hentry","category-internacionales","category-politica-3"],"_links":{"self":[{"href":"https:\/\/debateplural.net\/site\/wp-json\/wp\/v2\/posts\/50958"}],"collection":[{"href":"https:\/\/debateplural.net\/site\/wp-json\/wp\/v2\/posts"}],"about":[{"href":"https:\/\/debateplural.net\/site\/wp-json\/wp\/v2\/types\/post"}],"author":[{"embeddable":true,"href":"https:\/\/debateplural.net\/site\/wp-json\/wp\/v2\/users\/1"}],"replies":[{"embeddable":true,"href":"https:\/\/debateplural.net\/site\/wp-json\/wp\/v2\/comments?post=50958"}],"version-history":[{"count":1,"href":"https:\/\/debateplural.net\/site\/wp-json\/wp\/v2\/posts\/50958\/revisions"}],"predecessor-version":[{"id":50959,"href":"https:\/\/debateplural.net\/site\/wp-json\/wp\/v2\/posts\/50958\/revisions\/50959"}],"wp:featuredmedia":[{"embeddable":true,"href":"https:\/\/debateplural.net\/site\/wp-json\/wp\/v2\/media\/45498"}],"wp:attachment":[{"href":"https:\/\/debateplural.net\/site\/wp-json\/wp\/v2\/media?parent=50958"}],"wp:term":[{"taxonomy":"category","embeddable":true,"href":"https:\/\/debateplural.net\/site\/wp-json\/wp\/v2\/categories?post=50958"},{"taxonomy":"post_tag","embeddable":true,"href":"https:\/\/debateplural.net\/site\/wp-json\/wp\/v2\/tags?post=50958"}],"curies":[{"name":"wp","href":"https:\/\/api.w.org\/{rel}","templated":true}]}}