{"id":51069,"date":"2022-07-28T13:11:10","date_gmt":"2022-07-28T17:11:10","guid":{"rendered":"https:\/\/debateplural.com\/inicio\/?p=51069"},"modified":"2022-07-28T13:11:10","modified_gmt":"2022-07-28T17:11:10","slug":"la-realidad-fisica-de-la-subordinacion-de-la-ue-a-ee-uu-racionamiento-inflacion-traiciones-desunion-y-crisis-politica","status":"publish","type":"post","link":"https:\/\/debateplural.net\/site\/2022\/07\/28\/la-realidad-fisica-de-la-subordinacion-de-la-ue-a-ee-uu-racionamiento-inflacion-traiciones-desunion-y-crisis-politica\/","title":{"rendered":"La \"realidad f\u00edsica\" de la subordinaci\u00f3n de la UE a EE.UU.: racionamiento, inflaci\u00f3n, traiciones, desuni\u00f3n y crisis pol\u00edtica"},"content":{"rendered":"<p>Luis Gonzalo Segura (Russia Today, 28-7-22)<\/p>\n<p>&nbsp;<\/p>\n<p>La Uni\u00f3n Europea acaba de acordar, y casi de celebrar por todo lo alto,\u00a0<a href=\"https:\/\/actualidad.rt.com\/actualidad\/436684-plan-ue-reducir-consumo-gas-temor-corte-rusia\" target=\"_blank\" rel=\"noopener noreferrer\">el racionamiento del gas<\/a>. Una medida ins\u00f3lita en el Viejo Continente que, unida a otras consecuencias de su subordinaci\u00f3n a Estados Unidos en la guerra de Ucrania, est\u00e1 provocando una crisis econ\u00f3mica, pol\u00edtica y social de gran magnitud en unos pa\u00edses que todav\u00eda no se han recuperado de la crisis econ\u00f3mica de 2008 ni de la pandemia de 2020. Parece incre\u00edble, pero la mayor\u00eda de los ciudadanos, como ocurre hist\u00f3ricamente, creyeron la versi\u00f3n de los\u00a0<em>halcones<\/em>\u00a0occidentales y pensaron que la guerra en Ucrania solo ser\u00eda un mont\u00f3n de pel\u00edculas que visionar con palomitas o novelas que devorar al final de la noche.<\/p>\n<p>Sin embargo, hoy, el racionamiento del gas ni siquiera es el mayor problema al que se enfrentan los europeos: inflaci\u00f3n, crisis pol\u00edtica, polarizaci\u00f3n social o aumento de la extrema derecha en un escenario de pobreza y desigualdad provocado por las mencionadas crisis de 2008 y 2020. Sencillamente, Europa no estaba en posici\u00f3n de entrar en conflicto alguno, sino de ceder, de negociar y de acordar. De ceder, de negociar y de acordar la no expansi\u00f3n de la OTAN\u2026 \u00a1\u00a1\u00a1Porque todo esto es por la OTAN!!!<\/p>\n<p>Por desgracia, si analizamos la historia \u2014un 28 de julio como hoy comenz\u00f3 la I Guerra Mundial\u2014, los pa\u00edses de Europa Occidental se han mostrado durante d\u00e9cadas tan arrogantes que se han sumido en dos guerras mundiales que tuvieron como consecuencia, adem\u00e1s de m\u00e1s de cien millones de muertos entre ambas y un desastre horripilante,\u00a0<strong>la p\u00e9rdida de su hegemon\u00eda mundial y su sumisi\u00f3n a Estados Unidos<\/strong>. Veremos las consecuencias a largo plazo de su actual alineamiento con Estados Unidos, pero, de momento, las consecuencias a corto plazo ya son una realidad. Una \"realidad f\u00edsica\" \u2014Peter Szijj\u00e1rt\u00f3, ministro de asuntos exteriores h\u00fangaro, hace solo unos d\u00edas: \"Uno puede so\u00f1ar, uno puede soplar varios globos, pero la realidad f\u00edsica es la que es. Es imposible comprar tal cantidad de gas en Europa sin las fuentes rusas\"\u2014.<\/p>\n<p>Evidentemente, la \"realidad f\u00edsica\" es tozuda y lo ha sido siempre: si unos fulanos quieren atacar a otros que se encuentran en lo alto de una colina, est\u00e1n en inferioridad; si quieren asaltar un castillo, est\u00e1n en inferioridad; si quieren atacar a aquellos que controlan el nacimiento del r\u00edo del que vive su pa\u00eds, est\u00e1n en inferioridad\u2026 y\u00a0<strong>si quieres sancionar a un pa\u00eds del que dependes energ\u00e9ticamente, est\u00e1s en inferioridad<\/strong>. Y no hay m\u00e1s. Es puro sentido com\u00fan. Aunque las instituciones europeas, los gobernantes de los pa\u00edses y los medios de comunicaci\u00f3n occidentales aseveran lo contrario con embustes descarados.<\/p>\n<h3>Del \"bot\u00f3n nuclear\" a la \"bomba de relojer\u00eda\"<\/h3>\n<p>\"Las sanciones, una bomba de relojer\u00eda capaz de descabalgar la econom\u00eda rusa a partir del verano\", titulaba el diario\u00a0<em>El Pa\u00eds<\/em>\u00a0el pasado 4 de junio de 2022. Seg\u00fan el calendario, el verano comenz\u00f3 hace m\u00e1s de un mes y, de momento, Rusia sigue sin quebrar. Ante estas \u2014continuas\u2014 apocal\u00edpticas predicciones, la pregunta que muchos se har\u00e1n en estos momentos es si las sanciones occidentales son realmente una bomba de relojer\u00eda en Rusia, puesto que desde el 24 de febrero se han impuesto\u00a0<strong>un total de siete paquetes de sanciones<\/strong>\u00a0contra el pa\u00eds euroasi\u00e1tico. M\u00e1xime cuando, tras cada uno de los paquetes sancionadores, m\u00e1s mort\u00edfero y letal que los anteriores, seg\u00fan los pol\u00edticos y periodistas europeos, los medios occidentales se apresuraron a lanzar titulares que incluyeron \"Rusia\" y \"colapso econ\u00f3mico\" o algo similar. Para el recuerdo, el \"bot\u00f3n nuclear\" financiero, el mecanismo de comunicaci\u00f3n bancaria denominado SWIFT, el cual aniquilar\u00eda la econom\u00eda rusa, fue apretado por Von der Leyen el pasado 27 de febrero, hace m\u00e1s de cinco meses.<\/p>\n<p>No sabemos si la econom\u00eda rusa fue aniquilada por el \"bot\u00f3n nuclear\" financiero en febrero ni si la cuenta atr\u00e1s de la \"bomba de relojer\u00eda\" bajo la econom\u00eda rusa se ha activado ya o est\u00e1 pr\u00f3xima a hacerlo, pero, hoy en d\u00eda,\u00a0<strong>Rusia, no solo se mantiene impert\u00e9rrita tanto en el teatro de operaciones como en la sala de negociaciones<\/strong>, los dos escenarios en los que resulta m\u00e1s dif\u00edcil ocultar la \"realidad f\u00edsica\",\u00a0<strong>sino que, a cada semana, sus pretensiones aumentan y se presentan m\u00e1s s\u00f3lidas<\/strong>.<\/p>\n<p>Por el contrario, tras el sexto paquete de medidas, impuesto el pasado 3 de junio, un d\u00eda antes del apocal\u00edptico titular sobre la bomba de relojer\u00eda ya mencionado, Europa empez\u00f3 a palidecer ante los rumores sobre un posible corte de gas. De hecho, hace solo unos d\u00edas, el 15 de julio, tras el s\u00e9ptimo paquete de sanciones contra Rusia, cuya medida principal es la prohibici\u00f3n del oro ruso, la principal preocupaci\u00f3n pas\u00f3 a ser el racionamiento del gas.<\/p>\n<h3>Del colapso econ\u00f3mico de Rusia al racionamiento en Europa<\/h3>\n<p>Por ello, las predicciones apocal\u00edpticas para Rusia han quedado en un segundo plano en las \u00faltimas semanas ante las discusiones en la Uni\u00f3n Europea sobre un plan de racionamiento de gas a nivel continental. Un plan que, tras unas negociaciones muy duras, establece unas restricciones del 15 % del gas para la mayor\u00eda de los pa\u00edses de Europa y de un 7 % para otros pa\u00edses como Espa\u00f1a o Portugal. Ya ven, del colapso econ\u00f3mico ruso al racionamiento en Europa no parece que exista tanta distancia.\u00a0<strong>Eso s\u00ed, no es un racionamiento, es un \"chantaje de Putin\", y el gas no es ruso. S\u00ed, como lo oyen<\/strong>. Cosas de los diarios occidentales: \"El chantaje de Putin con nuestro gas\", ha titulado\u00a0<em>El Pa\u00eds<\/em>, el 28 de julio.<\/p>\n<p>Por desgracia, si despu\u00e9s de siete paquetes de sanciones contra Rusia, los periodistas consideran un \"chantaje\" que esta corte el gas a Europa, encontrar\u00e1n sujetos m\u00e1s objetivos en la barra de un bar mientras se emite un partido de f\u00fatbol. Y si el gas ruso es \"nuestro\", es decir, europeo en lugar de ruso o nuestro porque s\u00ed, ya es para que vuelvan a buscar la objetividad a la barra del bar, pero de madrugada. Sobre todo, porque, a todo esto, Rusia todav\u00eda no ha cortado el gas a Europa.<\/p>\n<p>En cualquier caso, no quiero ser agorero, pues es de suponer que todo esto est\u00e1 muy pr\u00f3ximo a su fin, pues la bomba de relojer\u00eda ya se ha activado y los botones nucleares ya se han apretado. El final feliz, como si de una pel\u00edcula de Hollywood se tratara, est\u00e1 pr\u00f3ximo.<\/p>\n<h3>Europa, enfrentada y resquebrajada por la \"realidad f\u00edsica\"<\/h3>\n<p>M\u00e1s all\u00e1 de si el final feliz de la bonita pel\u00edcula occidental est\u00e1 pr\u00f3ximo o no, lo cierto es que Europa aparece enfrentada y resquebrajada. Un ejemplo de ello lo encontramos en lo que hizo Hungr\u00eda hace solo unos d\u00edas, el pasado jueves 21 de julio, cuando envi\u00f3 a su ministro de asuntos exteriores, Peter Szijj\u00e1rt\u00f3, a negociar en Mosc\u00fa con el jefe de la diplomacia rusa, Sergu\u00e9i Lavrov, un aumento adicional de 700 millones de metros c\u00fabicos de gas al a\u00f1o. De ah\u00ed sale la reveladora frase escrita con anterioridad, que vale la pena volver a reproducir: \"Uno puede so\u00f1ar, uno puede soplar varios globos, pero la realidad f\u00edsica es la que es. Es imposible comprar tal cantidad de gas en Europa sin las fuentes rusas\" \u2014afirm\u00f3 Szijj\u00e1rt\u00f3\u2014.<\/p>\n<p>Ciertamente, la \"realidad f\u00edsica\" es que\u00a0<strong>Hungr\u00eda ha escenificado una ruptura<\/strong>\u00a0que ha desangrado la unidad europea, pues,\u00a0<strong>antes fueron Italia y Espa\u00f1a<\/strong>, con posiciones antag\u00f3nicas en cuanto a Marruecos y Argelia, en\u00a0<a href=\"https:\/\/actualidad.rt.com\/actualidad\/432320-implicaciones-espana-ruptura-relaciones-comerciales-argelia\" target=\"_blank\" rel=\"noopener noreferrer\">ambos casos<\/a>\u00a0por el gas. Y, se mire por donde se mire, la \"realidad f\u00edsica\" es que Europa depende del gas ruso y la independencia energ\u00e9tica no solo tiene un coste muy caro, sino que es casi inviable a corto plazo. Aunque los barcos de Biden cargados de gas lleguen al Viejo Continente, para mayor lucro de Estados Unidos.<\/p>\n<h3>La crisis pol\u00edtica<\/h3>\n<p>Pero no solo Italia y Espa\u00f1a se traicionaron con una competencia desleal impropia dentro de una comunidad que se autoproclama como unida, ya que Italia se ofreci\u00f3 como socio preferente a Argelia despu\u00e9s de que Espa\u00f1a cambiara su posici\u00f3n estrat\u00e9gica en cuanto al S\u00e1hara para satisfacer a Marruecos, sino que\u00a0<strong>el gobierno italiano ha ca\u00eddo<\/strong>. Y no es una ca\u00edda cualquiera, se trata de la tercera econom\u00eda de la Uni\u00f3n Europea, tras Alemania y Francia \u2014Reino Unido ser\u00eda la segunda\u2014.<\/p>\n<p>Mientras, en Espa\u00f1a, la cuarta econom\u00eda de la Uni\u00f3n Europea y la quinta de Europa, los sondeos electorales han situado\u00a0<strong>por primera vez en a\u00f1os al Partido Popular<\/strong>, un partido da\u00f1ado en profundidad por las sombras de corrupci\u00f3n, como claro vencedor en unas elecciones generales: el partido conservador ha pasado del 21 % de estimaci\u00f3n de voto en febrero de este a\u00f1o al 30,1 % en este mismo mes, julio. Ha ganado un 50 % de estimaci\u00f3n de voto.<\/p>\n<p>Adem\u00e1s, en Reino Unido, despu\u00e9s de m\u00faltiples esc\u00e1ndalos,\u00a0<strong>Boris Johnson ha cedido a la presi\u00f3n<\/strong>\u00a0y ha tenido que dimitir y, en Francia,\u00a0<strong>Marine Le Pen lleg\u00f3 a superar el 40 %<\/strong>\u00a0de voto en la segunda vuelta de las elecciones legislativas. Poco despu\u00e9s, Emmanuel Macron perdi\u00f3 la mayor\u00eda absoluta en la Asamblea Nacional francesa, donde la izquierda consigui\u00f3 el segundo lugar y la ultraderecha pudo formar grupo pol\u00edtico propio. Y\u00a0<strong>en Alemania<\/strong>, la situaci\u00f3n no parece mejor y ya\u00a0<strong>se habla abiertamente de crisis, austeridad y recesi\u00f3n<\/strong>.<\/p>\n<p>La crisis pol\u00edtica europea es, por tanto, una \"realidad f\u00edsica\". Una \"realidad f\u00edsica\" escrita en los libros de historia que nuestros gobernantes y medios de comunicaci\u00f3n obviaron de forma deliberada o negligente. Tanto da. Porque es imposible saber qu\u00e9 es peor: que nuestros pol\u00edticos, periodistas, analistas u opinadores no tengan ni idea de historia o que la ocultan. Elijan ustedes mismos entre susto o muerte.<\/p>\n<p>Pero volvamos a la cuesti\u00f3n m\u00e1s relevante, a la verdadera \"realidad f\u00edsica\" de la crisis que afecta a millones de europeos: la expansi\u00f3n de la OTAN. De haber firmado un compromiso de no expansi\u00f3n de la OTAN, un pu\u00f1etero papelito, Europa \u2014ni los europeos ni el resto del planeta\u2014 no padecer\u00eda la gran crisis que sufre, o, al menos, esta no ser\u00eda tan acusada. Porque la \"realidad f\u00edsica\" es que la crisis que padece Europa es consecuencia, en buena medida, de la subordinaci\u00f3n a Estados Unidos.<\/p>\n","protected":false},"excerpt":{"rendered":"<p>Luis Gonzalo Segura (Russia Today, 28-7-22) &nbsp; La Uni\u00f3n Europea acaba de acordar, y casi de celebrar por todo lo alto,\u00a0el racionamiento del gas. Una medida ins\u00f3lita en el Viejo Continente que, unida a otras consecuencias de su subordinaci\u00f3n a Estados Unidos en la guerra de Ucrania, est\u00e1 provocando una crisis econ\u00f3mica, pol\u00edtica y social [&hellip;]<\/p>\n","protected":false},"author":1,"featured_media":43699,"comment_status":"open","ping_status":"open","sticky":false,"template":"","format":"standard","meta":{"footnotes":""},"categories":[14,12],"tags":[],"class_list":["post-51069","post","type-post","status-publish","format-standard","has-post-thumbnail","hentry","category-internacionales","category-politica-3"],"_links":{"self":[{"href":"https:\/\/debateplural.net\/site\/wp-json\/wp\/v2\/posts\/51069"}],"collection":[{"href":"https:\/\/debateplural.net\/site\/wp-json\/wp\/v2\/posts"}],"about":[{"href":"https:\/\/debateplural.net\/site\/wp-json\/wp\/v2\/types\/post"}],"author":[{"embeddable":true,"href":"https:\/\/debateplural.net\/site\/wp-json\/wp\/v2\/users\/1"}],"replies":[{"embeddable":true,"href":"https:\/\/debateplural.net\/site\/wp-json\/wp\/v2\/comments?post=51069"}],"version-history":[{"count":1,"href":"https:\/\/debateplural.net\/site\/wp-json\/wp\/v2\/posts\/51069\/revisions"}],"predecessor-version":[{"id":51070,"href":"https:\/\/debateplural.net\/site\/wp-json\/wp\/v2\/posts\/51069\/revisions\/51070"}],"wp:featuredmedia":[{"embeddable":true,"href":"https:\/\/debateplural.net\/site\/wp-json\/wp\/v2\/media\/43699"}],"wp:attachment":[{"href":"https:\/\/debateplural.net\/site\/wp-json\/wp\/v2\/media?parent=51069"}],"wp:term":[{"taxonomy":"category","embeddable":true,"href":"https:\/\/debateplural.net\/site\/wp-json\/wp\/v2\/categories?post=51069"},{"taxonomy":"post_tag","embeddable":true,"href":"https:\/\/debateplural.net\/site\/wp-json\/wp\/v2\/tags?post=51069"}],"curies":[{"name":"wp","href":"https:\/\/api.w.org\/{rel}","templated":true}]}}