{"id":51087,"date":"2022-08-11T11:07:50","date_gmt":"2022-08-11T15:07:50","guid":{"rendered":"https:\/\/debateplural.com\/inicio\/?p=51087"},"modified":"2022-08-11T11:07:50","modified_gmt":"2022-08-11T15:07:50","slug":"prepara-ee-uu-un-nuevo-conflicto-en-los-balcanes","status":"publish","type":"post","link":"https:\/\/debateplural.net\/site\/2022\/08\/11\/prepara-ee-uu-un-nuevo-conflicto-en-los-balcanes\/","title":{"rendered":"\u00bfPrepara EE.UU. un nuevo conflicto en los Balcanes?"},"content":{"rendered":"<p>Germ\u00e1n Gorraiz L\u00f3pez (teleSur, 11-8-22)<\/p>\n<p>&nbsp;<\/p>\n<p>La miop\u00eda geopol\u00edtica del presidente estadounidense Joe Biden en su obsesi\u00f3n por someter a Rusia podr\u00eda incrementar el enconamiento con ese pa\u00eds y desembocar en la entrada de la Organizaci\u00f3n del Tratado del Atl\u00e1ntico Norte (OTAN) en el conflicto ucraniano, aunado con el estallido de un nuevo conflicto en los Balcanes entre Serbia y Kosovo, que ser\u00eda un nuevo episodio en el contexto de Guerra Fr\u00eda 2.0 entre Estados Unidos (EE.UU.) y Rusia.<\/p>\n<div class=\"qnewworld\"><\/div>\n<h5><strong>La OTAN y la Doctrina de la Contenci\u00f3n<\/strong><\/h5>\n<p>La OTAN habr\u00eda apostado por incrementar los recursos destinados al desarrollo militar, adem\u00e1s de informar de sus proyectos de colaborar en esa \u00e1rea con pa\u00edses como Ucrania, Pa\u00edses B\u00e1lticos, Georgia, Moldavia y Polonia tras la crisis de Crimea, y habr\u00eda incrementado su presencia militar en el Este europeo al emplazar cuatro batallones en los Pa\u00edses B\u00e1lticos y Polonia as\u00ed como 20 aviones F-16. Ello en la pr\u00e1ctica significaba la vulneraci\u00f3n del Acta Fundacional OTAN-Rusia de 1997, por la cual la OTAN descartaba \u201cel estacionamiento permanente de un contingente sustancial y adicional de tropas de combate en el Este de Europa\u201d y el retorno a la Doctrina de la Contenci\u00f3n, cuyas bases fueron expuestas por George F. Kennan en su ensayo \u201cLas fuentes del comportamiento sovi\u00e9tico\u201d, publicado en la revista Foreign Affairs en 1947, y cuyas ideas principales se resumen en la cita \u201cel poder sovi\u00e9tico es impermeable a la l\u00f3gica de la raz\u00f3n pero muy sensible a la l\u00f3gica de la fuerza\u201d.<\/p>\n<p>En este contexto se incluir\u00eda la posible integraci\u00f3n de Suecia y Finlandia en las estructuras militares de la OTAN, la quinta fase del despliegue del escudo antimisiles en Europa (Euro DAM) y el incremento de fuerzas militares con cuatro nuevos batallones desplegados en la frontera europea con Rusia, con lo que el contingente total de sus tropas en Europa superar\u00eda los 75.000 miembros y en el supuesto de cerrar la OTAN la salida del enclave sovi\u00e9tico de Kaliningrado al Mar B\u00e1ltico, podr\u00eda reeditarse la Crisis de los Misiles Kennedy-Jruschev (octubre de 1962), que tendr\u00eda como epicentro Kaliningrado.<\/p>\n<p><strong>La rusofobia de Brzezinski<\/strong><\/p>\n<p>Zbigniew Brzezinski, exconsejero de Seguridad Nacional del presidente Jimmy Carter, declar\u00f3 en una conferencia en la Escuela de Estudios Internacionales Avanzados (SAIS) de la Universidad Johns Hopkins que \u201cla dominaci\u00f3n de Estados Unidos que tras la Guerra Fr\u00eda determinaba la agenda internacional, ha terminado y no podr\u00e1 restablecerse durante la vida de la pr\u00f3xima generaci\u00f3n\u201d, a\u00f1adiendo que \u201cninguna de las potencias mundiales puede alcanzar la hegemon\u00eda mundial en las condiciones actuales, por lo que Estados Unidos debe elegir mejor los conflictos en los que va a participar ya que las consecuencias de un error podr\u00edan ser devastadoras\u201d. Seg\u00fan explicaba Brzezinski en la revista National Interest en el a\u00f1o 2000, \u201clos europeos estar\u00e1n m\u00e1s inmediatamente expuestos al riesgo en caso de que un imperialismo chauvinista anime nuevamente la pol\u00edtica exterior rusa\u201d, con lo que esboz\u00f3 un plan que pasar\u00eda por la expansi\u00f3n de la OTAN hasta l\u00edmites insospechados en la d\u00e9cada de los 90 y la implementaci\u00f3n del nuevo sistema europeo de defensa antimisiles (European Phased Adaptive Approach, EPAA).<\/p>\n<p>Dicho sistema en realidad se trata de un escudo anti-misil global en el que los misiles interceptores emplazados en plataformas m\u00f3viles pueden abatir blancos en un espacio com\u00fan (a base de datos transmitidos por todos los radares y sistemas de reconocimiento optoelectr\u00f3nico), con el fin maquiav\u00e9lico de tras un primer ataque sorpresa de EE.UU. que destruir\u00eda el potencial nuclear ruso en su propio territorio, neutralizar posteriormente la r\u00e9plica rusa por medio de los misiles estacionados en Polonia, siendo previsible que EE.UU. utilice las peticiones de Polonia como excusa para completar la quinta fase del despliegue del escudo antimisiles en Europa (Euro DAM).<\/p>\n<p>En realidad, esta quinta fase se inici\u00f3 en mayo del 2016 cuando entr\u00f3 en servicio el sistema de defensa antibal\u00edstica Aegis Ashore en la base de Deveselu (Ruman\u00eda), a tan solo 600 km de la pen\u00ednsula de Crimea. Siguiendo la din\u00e1mica de la Guerra Fr\u00eda (acci\u00f3n-reacci\u00f3n), Rusia habr\u00eda instalado en Kaliningrado los misiles Iskander-M dotados de ojivas polivalentes as\u00ed como misiles antia\u00e9reos S-400, con lo que en palabras del polit\u00f3logo Vlad\u00edmir Abr\u00e1mov \u201cla provincia de Kaliningrado volver\u00e1 a desempe\u00f1ar el papel de pistola en la sien de Europa como hace dos d\u00e9cadas\u201d.<\/p>\n<p><strong>\u00bfNuevo conflicto en los Balcanes?<\/strong><\/p>\n<p>Dentro de este contexto, habr\u00eda que situar la informaci\u00f3n de la cadena de televisi\u00f3n alemana ZDF en su programa nocturno \u201cFrontal 21\u201d de que \u201cEstados Unidos planea desplegar en una base a\u00e9rea del oeste de Alemania 20 nuevas bombas nucleares B61-12, cada una de las cuales tiene una potencia equivalente a 80 veces la que lanzaron en Hiroshima\u201d, a\u00f1adiendo que \u201cen 2010 el Gobierno alem\u00e1n vot\u00f3 por no permitir que haya armas nucleares en su territorio, pero la retirada no se produjo y las bombas ser\u00e1n reemplazadas por otras m\u00e1s modernas\u201d. Asimismo, el socialdem\u00f3crata Thomas Hitschler inform\u00f3 que en los pr\u00f3ximos a\u00f1os el Gobierno germano planea invertir alrededor de 112 millones de euros (m\u00e1s de 115 millones de d\u00f3lares) en el desarrollo de la base militar de B\u00fcchel y varios pol\u00edticos alemanes criticaron los planes de despliegue de armas estadounidenses en suelo alem\u00e1n por considerarlos una provocaci\u00f3n contra Rusia.<\/p>\n<p>La portavoz del Ministerio de Exteriores ruso, Mar\u00eda Zaj\u00e1rova, ya expres\u00f3 su preocupaci\u00f3n por la \u201cflagrante violaci\u00f3n de los art\u00edculos 1\u00ba y 2\u00ba del Tratado de No Proliferaci\u00f3n Nuclear\u201d, y Putin, en un mensaje a la Asamblea Federal, lanz\u00f3 la advertencia de que \u201cRusia podr\u00eda adem\u00e1s utilizar el misil hipers\u00f3nico Tsirkon que con una velocidad de Mach 8 y lanzado desde submarinos podr\u00eda alcanzar cualquier Centro de Mando de EE.UU. en cinco minutos as\u00ed como el proyectil de crucero Burevestnik y el dron submarino nuclear Poseidon\u201d. Sin embargo, la miop\u00eda geopol\u00edtica de Biden en su obsesi\u00f3n por someter a Rusia podr\u00eda incrementar el enconamiento con ese pa\u00eds y desembocar tras la celebraci\u00f3n de las elecciones intermedias de EE.UU. de noviembre pr\u00f3ximo (<em>midterm elections<\/em>) en el estallido de un nuevo conflicto en los Balcanes entre Serbia y Kosovo, que ser\u00eda un nuevo episodio en el contexto de Guerra Fr\u00eda 2.0 entre EE.UU. y Rusia.<\/p>\n","protected":false},"excerpt":{"rendered":"<p>Germ\u00e1n Gorraiz L\u00f3pez (teleSur, 11-8-22) &nbsp; La miop\u00eda geopol\u00edtica del presidente estadounidense Joe Biden en su obsesi\u00f3n por someter a Rusia podr\u00eda incrementar el enconamiento con ese pa\u00eds y desembocar en la entrada de la Organizaci\u00f3n del Tratado del Atl\u00e1ntico Norte (OTAN) en el conflicto ucraniano, aunado con el estallido de un nuevo conflicto en [&hellip;]<\/p>\n","protected":false},"author":1,"featured_media":49237,"comment_status":"open","ping_status":"open","sticky":false,"template":"","format":"standard","meta":{"footnotes":""},"categories":[14,12],"tags":[],"class_list":["post-51087","post","type-post","status-publish","format-standard","has-post-thumbnail","hentry","category-internacionales","category-politica-3"],"_links":{"self":[{"href":"https:\/\/debateplural.net\/site\/wp-json\/wp\/v2\/posts\/51087"}],"collection":[{"href":"https:\/\/debateplural.net\/site\/wp-json\/wp\/v2\/posts"}],"about":[{"href":"https:\/\/debateplural.net\/site\/wp-json\/wp\/v2\/types\/post"}],"author":[{"embeddable":true,"href":"https:\/\/debateplural.net\/site\/wp-json\/wp\/v2\/users\/1"}],"replies":[{"embeddable":true,"href":"https:\/\/debateplural.net\/site\/wp-json\/wp\/v2\/comments?post=51087"}],"version-history":[{"count":1,"href":"https:\/\/debateplural.net\/site\/wp-json\/wp\/v2\/posts\/51087\/revisions"}],"predecessor-version":[{"id":51088,"href":"https:\/\/debateplural.net\/site\/wp-json\/wp\/v2\/posts\/51087\/revisions\/51088"}],"wp:featuredmedia":[{"embeddable":true,"href":"https:\/\/debateplural.net\/site\/wp-json\/wp\/v2\/media\/49237"}],"wp:attachment":[{"href":"https:\/\/debateplural.net\/site\/wp-json\/wp\/v2\/media?parent=51087"}],"wp:term":[{"taxonomy":"category","embeddable":true,"href":"https:\/\/debateplural.net\/site\/wp-json\/wp\/v2\/categories?post=51087"},{"taxonomy":"post_tag","embeddable":true,"href":"https:\/\/debateplural.net\/site\/wp-json\/wp\/v2\/tags?post=51087"}],"curies":[{"name":"wp","href":"https:\/\/api.w.org\/{rel}","templated":true}]}}