{"id":51190,"date":"2022-09-01T13:00:26","date_gmt":"2022-09-01T17:00:26","guid":{"rendered":"https:\/\/debateplural.com\/inicio\/?p=51190"},"modified":"2022-09-01T14:49:44","modified_gmt":"2022-09-01T18:49:44","slug":"el-futuro-esta-en-el-pacifico-no-en-el-atlantico-el-renacimiento-de-la-comunidad-andina","status":"publish","type":"post","link":"https:\/\/debateplural.net\/site\/2022\/09\/01\/el-futuro-esta-en-el-pacifico-no-en-el-atlantico-el-renacimiento-de-la-comunidad-andina\/","title":{"rendered":"\"El futuro est\u00e1 en el Pac\u00edfico, no en el Atl\u00e1ntico\": el renacimiento de la Comunidad Andina"},"content":{"rendered":"<div>Sputnik (1-9-22)<\/div>\n<div>\n<div class=\"article__header\">\n<div><\/div>\n<div><\/div>\n<div class=\"article__announce-text\">El presidente de Colombia, Gustavo Petro, propuso relanzar la Comunidad Andina con el regreso de Chile y Venezuela, socios que dejaron el bloque hace m\u00e1s de veinte a\u00f1os. El analista venezolano Rafael Mart\u00ednez dijo a Sputnik que el Pac\u00edfico es el \"mercado natural\" para Venezuela.<\/div>\n<div><\/div>\n<\/div>\n<div class=\"article__body\">\n<div class=\"article__block\" data-type=\"text\">\n<div class=\"article__text\">En su primer viaje al exterior, el presidente de Colombia,\u00a0<a href=\"https:\/\/sputniknews.lat\/person_Gustavo_Petro\/\" target=\"_blank\" rel=\"noopener\">Gustavo Petro<\/a>, visit\u00f3 Lima para mantener un encuentro bilateral con su hom\u00f3logo peruano\u00a0<a href=\"https:\/\/sputniknews.lat\/20220818\/pedro-castillo-denuncia-que-continua-hostigamiento-en-su-contra-de-parte-de-opositores-1129551293.html\" target=\"_blank\" rel=\"noopener\">Pedro Castillo<\/a>. All\u00ed, Petro puso sobre la mesa la necesidad de un relanzamiento de la\u00a0<strong>Comunidad Andina de Naciones (CAN)<\/strong>\u00a0con la reincorporaci\u00f3n de Chile y Venezuela.<\/div>\n<div><\/div>\n<\/div>\n<div class=\"article__block\" data-type=\"text\">\n<div class=\"article__text\">\"Debemos ser m\u00e1s poderosos, juntar m\u00e1s voces\", reclam\u00f3 Petro, en el marco de la\u00a0<strong>XXII Cumbre Presidencial\u00a0<\/strong>del bloque, a la que asistieron los mandatarios\u00a0<a href=\"https:\/\/sputniknews.lat\/person_Luis_Arce\/\" target=\"_blank\" rel=\"noopener\">Luis Arce<\/a>\u00a0de Bolivia,\u00a0<a href=\"https:\/\/sputniknews.lat\/person_Guillermo_Lasso\/\" target=\"_blank\" rel=\"noopener\">Guillermo Lasso<\/a>\u00a0de Ecuador, el local Pedro Castillo en representaci\u00f3n de Per\u00fa y el propio Petro.<\/div>\n<\/div>\n<div class=\"article__block\" data-type=\"quote\">\n<div class=\"article__quote\">\n<div class=\"article__quote-bg\">\n<div class=\"article__quote-bg-line\"><\/div>\n<\/div>\n<div class=\"article__quote-text\">\n<p>\"Las solicitudes de Chile y Venezuela deben ser tenidas en cuenta. Volver al primer escenario de la Comunidad Andina cuando ellos integraban este instrumento\", asegur\u00f3 el mandatario, agregando que \"ser\u00eda mejor\" si Argentina se une.<\/p>\n<\/div>\n<div class=\"article__quote-info\">\n<div class=\"elem-info\">\n<div class=\"elem-info__share\">\n<div class=\"share m-active\" data-id=\"1129888947\" data-url=\"https:\/\/sputniknews.lat\/20220830\/el-futuro-esta-en-el-pacifico-no-en-el-atlantico-el-renacimiento-de-la-comunidad-andina-1129888947.html?share-block=1129888950\" data-title=\"&amp;quot;Las solicitudes de Chile y Venezuela deben ser tenidas en cuenta. Volver al primer escenario de la Comunidad Andina cuando ellos integraban este instrumento&amp;quot;, asegur\u00f3 el mandatario, agregando que &amp;quot;ser\u00eda mejor&amp;quot; si Argentina se une.\"><\/div>\n<\/div>\n<\/div>\n<\/div>\n<\/div>\n<\/div>\n<div class=\"article__block\" data-type=\"text\">\n<div class=\"article__text\">Petro destac\u00f3 que de ocurrir esta reincorporaci\u00f3n es necesario establecer un \"acuerdo m\u00ednimo\" en materia de respeto a la Convenci\u00f3n Internacional de Derechos Humanos y abogar porque la CAN tenga \"una voz m\u00e1s fuerte\" en el concierto internacional.<\/div>\n<\/div>\n<\/div>\n<\/div>\n<div><\/div>\n<div>\n<div class=\"article__body\">\n<div class=\"article__block\" data-type=\"article\" data-article=\"main-photo\">\n<div class=\"article__article m-image\">\n<p>En di\u00e1logo con Sputnik, el economista venezolano Rafael Alberto Mart\u00ednez consider\u00f3 que \"es f\u00e1cil dar una opini\u00f3n\" en favor de la incorporaci\u00f3n de Venezuela a la Comunidad Andina porque \"su mercado natural, en el cual est\u00e1 m\u00e1s integrado culturalmente y comercialmente, es la Comunidad Andina y no el Mercosur\".<br \/>\nAdem\u00e1s, seg\u00fan Mart\u00ednez, \"el futuro est\u00e1 en el Pac\u00edfico y no en el Atl\u00e1ntico, por lo que una mayor integraci\u00f3n hacia puertos en el Pac\u00edfico le conviene a Venezuela\".<\/p>\n<p>El analista consider\u00f3 que para el caso de Chile \"no representa tanta ventaja por su gran costa en el Pac\u00edfico y su larga frontera compartida con Argentina\". Sin embargo, concuerda que la cooperaci\u00f3n econ\u00f3mica y el intercambio comercial, \"siempre son buenos para unos mercados tan peque\u00f1os como los de nuestros pa\u00edses\".<br \/>\nVenezuela sali\u00f3 de la CAN en 2006 en protesta por la firma de los TLC que firmaron Colombia y Per\u00fa con EEUU.<br \/>\nChile fue miembro entre 1969 y 1976, luego se convirti\u00f3 en pa\u00eds observador entre 2004 y 2006; y desde ese a\u00f1o hasta la fecha es un miembro asociado.<\/p>\n<div class=\"article__block\" data-type=\"text\">\n<div class=\"article__text\">La Comunidad Andina, antes conocida como\u00a0<strong>Pacto Andino<\/strong>\u00a0o Grupo Andino, es un organismo pol\u00edtico internacional creado el 26 de mayo de 1969 a trav\u00e9s del\u00a0<strong>Acuerdo de Cartagena<\/strong>. Colombia, junto a Bolivia, Ecuador y Per\u00fa es uno de los Estados miembros fundadores.<\/div>\n<\/div>\n<div class=\"article__block\" data-type=\"h2\">\n<h2 class=\"article__h2\">La energ\u00eda, una raz\u00f3n para la integraci\u00f3n andina<\/h2>\n<\/div>\n<div class=\"article__block\" data-type=\"text\">\n<div class=\"article__text\">Una de las ideas de Petro es que la CAN deber\u00eda generar una red el\u00e9ctrica integrada entre los pa\u00edses que se alimente de energ\u00edas renovables y sea una acci\u00f3n directa en la mitigaci\u00f3n del cambio clim\u00e1tico, adem\u00e1s de superar el bloqueo econ\u00f3mico.<\/div>\n<\/div>\n<\/div>\n<\/div>\n<\/div>\n<\/div>\n<div class=\"article__quote-bg\"><\/div>\n<div>\n<div class=\"article__block\" data-type=\"quote\">\n<div class=\"article__quote\">\n<div class=\"article__quote-text\">\n<p>\"La red est\u00e1, lo que hay (que hacer) es llenarla de fuentes de energ\u00eda limpia. Las fuentes est\u00e1n (&#8230;) Si incluimos a Chile y Venezuela, nuestra regi\u00f3n est\u00e1 llena de sol, vientos y agua\", enfatiz\u00f3.<\/p>\n<\/div>\n<div class=\"article__quote-info\">\n<div class=\"elem-info\">\n<div class=\"elem-info__share\">\n<div class=\"share m-active\" data-id=\"1129888947\" data-url=\"https:\/\/sputniknews.lat\/20220830\/el-futuro-esta-en-el-pacifico-no-en-el-atlantico-el-renacimiento-de-la-comunidad-andina-1129888947.html?share-block=1129888962\" data-title=\"&amp;quot;La red est\u00e1, lo que hay (que hacer) es llenarla de fuentes de energ\u00eda limpia. Las fuentes est\u00e1n (...) Si incluimos a Chile y Venezuela, nuestra regi\u00f3n est\u00e1 llena de sol, vientos y agua&amp;quot;, enfatiz\u00f3.\"><\/div>\n<\/div>\n<\/div>\n<\/div>\n<\/div>\n<\/div>\n<div class=\"article__block\" data-type=\"text\">\n<div class=\"article__text\">En lo concerniente al extractivismo de hidrocarburos, Petro asever\u00f3 que \"ese mundo va en extinci\u00f3n. Si no se acaba ese mundo, se acaba la humanidad. Ac\u00e1 tenemos la oportunidad de planear otra v\u00eda: una integraci\u00f3n energ\u00e9tica. Entre m\u00e1s barata sea la energ\u00eda el\u00e9ctrica en nuestros pa\u00edses, m\u00e1s posibilidades de desarrollo\".<\/div>\n<\/div>\n<\/div>\n<div><\/div>\n<div>\n<div class=\"article__block\" data-type=\"text\">\n<div class=\"article__text\">Ante la propuesta de una red integrada de electricidad, su hom\u00f3logo ecuatoriano, Guillermo Lasso afirm\u00f3 que la propuesta de Petro podr\u00eda ser un motivo \"para plantear un evento de la comunidad andina y los ministros de energ\u00eda para estudiar las sinergias que eso puede producir\".<\/div>\n<\/div>\n<div class=\"article__block\" data-type=\"h2\">\n<h2 class=\"article__h2\">La expansi\u00f3n de la Universidad Andina Sim\u00f3n Bol\u00edvar<\/h2>\n<\/div>\n<div class=\"article__block\" data-type=\"text\">\n<div class=\"article__text\">Otro de los puntos que destac\u00f3 el presidente Petro, fue la necesidad de expandir la Universidad Andina Sim\u00f3n Bol\u00edvar, una casa de estudios que forma parte del Sistema Andino de Integraci\u00f3n de la CAN, especializada en posgrados internacionales, con sede en Sucre, Bolivia.<\/div>\n<\/div>\n<div class=\"article__block\" data-type=\"text\">\n<div class=\"article__text\">El mandatario colombiano solicit\u00f3 al ministro de Educaci\u00f3n, Alejandro Gaviria y al canciller \u00c1lvaro Leyva, idear un programa de expansi\u00f3n de la Universidad Andina Sim\u00f3n Bol\u00edvar con horizontes regionales.<\/div>\n<\/div>\n<div class=\"article__block\" data-type=\"quote\">\n<div class=\"article__quote\">\n<div class=\"article__quote-bg\">\n<div class=\"article__quote-bg-line\"><\/div>\n<\/div>\n<div class=\"article__quote-text\">\n<p>\"Todos los pa\u00edses integrantes de esa comunidad deber\u00edamos enriquecerla. Deber\u00eda ser la universidad estrella con los mejores profesores y profesoras. Fuertemente financiada, una universidad de vanguardia\", concluy\u00f3.<\/p>\n<\/div>\n<\/div>\n<\/div>\n<\/div>\n","protected":false},"excerpt":{"rendered":"<p>Sputnik (1-9-22) El presidente de Colombia, Gustavo Petro, propuso relanzar la Comunidad Andina con el regreso de Chile y Venezuela, socios que dejaron el bloque hace m\u00e1s de veinte a\u00f1os. El analista venezolano Rafael Mart\u00ednez dijo a Sputnik que el Pac\u00edfico es el \"mercado natural\" para Venezuela. En su primer viaje al exterior, el presidente [&hellip;]<\/p>\n","protected":false},"author":1,"featured_media":51191,"comment_status":"open","ping_status":"open","sticky":false,"template":"","format":"standard","meta":{"footnotes":""},"categories":[14,12],"tags":[],"class_list":["post-51190","post","type-post","status-publish","format-standard","has-post-thumbnail","hentry","category-internacionales","category-politica-3"],"_links":{"self":[{"href":"https:\/\/debateplural.net\/site\/wp-json\/wp\/v2\/posts\/51190"}],"collection":[{"href":"https:\/\/debateplural.net\/site\/wp-json\/wp\/v2\/posts"}],"about":[{"href":"https:\/\/debateplural.net\/site\/wp-json\/wp\/v2\/types\/post"}],"author":[{"embeddable":true,"href":"https:\/\/debateplural.net\/site\/wp-json\/wp\/v2\/users\/1"}],"replies":[{"embeddable":true,"href":"https:\/\/debateplural.net\/site\/wp-json\/wp\/v2\/comments?post=51190"}],"version-history":[{"count":1,"href":"https:\/\/debateplural.net\/site\/wp-json\/wp\/v2\/posts\/51190\/revisions"}],"predecessor-version":[{"id":51192,"href":"https:\/\/debateplural.net\/site\/wp-json\/wp\/v2\/posts\/51190\/revisions\/51192"}],"wp:featuredmedia":[{"embeddable":true,"href":"https:\/\/debateplural.net\/site\/wp-json\/wp\/v2\/media\/51191"}],"wp:attachment":[{"href":"https:\/\/debateplural.net\/site\/wp-json\/wp\/v2\/media?parent=51190"}],"wp:term":[{"taxonomy":"category","embeddable":true,"href":"https:\/\/debateplural.net\/site\/wp-json\/wp\/v2\/categories?post=51190"},{"taxonomy":"post_tag","embeddable":true,"href":"https:\/\/debateplural.net\/site\/wp-json\/wp\/v2\/tags?post=51190"}],"curies":[{"name":"wp","href":"https:\/\/api.w.org\/{rel}","templated":true}]}}