{"id":5125,"date":"2016-04-29T09:28:46","date_gmt":"2016-04-29T13:28:46","guid":{"rendered":"http:\/\/debateplural.com\/?p=5125"},"modified":"2016-06-23T13:45:16","modified_gmt":"2016-06-23T13:45:16","slug":"los-politicos-espanoles-no-tienen-remedio","status":"publish","type":"post","link":"https:\/\/debateplural.net\/site\/2016\/04\/29\/los-politicos-espanoles-no-tienen-remedio\/","title":{"rendered":"Los pol\u00edticos espa\u00f1oles no tienen remedio"},"content":{"rendered":"<div id=\"attachment_5126\" style=\"width: 715px\" class=\"wp-caption aligncenter\"><img loading=\"lazy\" decoding=\"async\" aria-describedby=\"caption-attachment-5126\" class=\"size-full wp-image-5126\" src=\"http:\/\/tripletecnologia.com\/website\/debateplural\/wp-content\/uploads\/2016\/04\/el-parlamento-de-espac3b1a-1.jpg\" alt=\"El parlamento de Espa\u00f1a\" width=\"705\" height=\"381\" \/><p id=\"caption-attachment-5126\" class=\"wp-caption-text\">El parlamento de Espa\u00f1a<\/p><\/div>\n<p class=\"b-article__lead\" style=\"text-align:justify;\"><strong>Debateplural.com, comparte con los lectores el interesante art\u00ecculo de Francisco Herranz, titulado \"Los pol\u00edticos espa\u00f1oles no tienen remedio\". publicado en el portal Sputniknews.com, en fecha 27 de abril de 2016.<\/strong><\/p>\n<p class=\"b-article__lead\" style=\"text-align:justify;\">Dec\u00eda Winston Churchill que \"el pol\u00edtico se convierte en estadista cuando comienza a pensar en las pr\u00f3ximas generaciones y no en las pr\u00f3ximas elecciones\".<!--more--><\/p>\n<div class=\"b-article__text\" style=\"text-align:justify;\">\n<p style=\"text-align:justify;\">Pues a los pol\u00edticos hispanos todav\u00eda les falta un buen trecho para alcanzar esa mayor\u00eda de edad porque gracias a su manifiesta ineficacia <a href=\"http:\/\/localhost\/debateplural\/tag\/espa\u00f1a\">Espa\u00f1a<\/a> se ver\u00e1 obligada a acudir otra vez a las urnas. Ser\u00e1n en definitiva seis meses tirados a la basura, cuatro desde los comicios fallidos del 20 de diciembre, m\u00e1s dos meses m\u00e1s que habr\u00e1 que contar hasta la celebraci\u00f3n de los nuevos, fijados para el 26 de junio.<\/p>\n<p>Las cuatro organizaciones que obtuvieron los mejores resultados \u2013el Partido Popular (PP), el Partido Socialista Obrero Espa\u00f1ol (PSOE), Podemos y Ciudadanos (C\"s)\u2013 no han sabido \u2013\u00bfo no han querido?\u2013 ponerse de acuerdo a la hora de formar alianzas que pudieran facilitar la investidura de un nuevo presidente del Gobierno por el Parlamento. Los n\u00fameros de esca\u00f1os no cuadraban y era preciso aunar posiciones para obtener una mayor\u00eda simple, es decir, m\u00e1s s\u00edes que noes de un candidato. No ha podido ser. Ha habido demasiados egos, demasiados obst\u00e1culos ideol\u00f3gicos, demasiados intereses partidistas. Ahora queda entre los ciudadanos un sentimiento de frustraci\u00f3n y cabreo. Son palabras de Patxi L\u00f3pez, el presidente del Congreso de los Diputados.Se pone as\u00ed fin a la XI Legislatura, la m\u00e1s est\u00e9ril y corta desde la restauraci\u00f3n de la democracia. Y se abre un nuevo periodo de agitaci\u00f3n electoral. La campa\u00f1a se prev\u00e9 mucho m\u00e1s \u00e1cida que la anterior. Porque ya han empezado las descalificaciones y a\u00fan no ha sonado la campana. Casi todos se acusan mutuamente de ser los responsables directos de volver a las urnas. El PP apunta al PSOE y Ciudadanos, \u00e9stos \u00faltimos a Podemos, quienes a su vez responsabilizan a los socialistas, y \u00e9stos a los populares. En definitiva todo un c\u00edrculo vicioso que va a poner a prueba la paciencia del electorado, muy afectado por la crisis econ\u00f3mica y decepcionado por el falta de consenso.<\/p>\n<p>Todos los l\u00edderes llegar\u00e1n bastante debilitados. El secretario general del PSOE, Pedro S\u00e1nchez, es uno de los m\u00e1s afectados porque no ha conseguido los votos suficientes y, adem\u00e1s, porque una parte significativa de su partido, capitaneada por varios barones regionales, cuestiona su liderazgo. Si obtiene peores resultados que el 20-D su futuro pol\u00edtico estar\u00e1 acabado. El n\u00famero uno de Podemos, Pablo Iglesias, por su parte, ha gestionado sin contemplaciones una purga interna, desplazando de la c\u00fapula al que era su lugarteniente e ide\u00f3logo, \u00cd\u00f1igo Errej\u00f3n, porque \u00e9ste estaba dispuesto a hacer m\u00e1s condiciones de cara a la firma de un pacto de izquierdas con S\u00e1nchez. El menos desgastado parece el presidente del Gobierno en funciones. Mariano Rajoy lo ha fiado todo en el inmovilismo y en repetir las elecciones. Es el que menos se ha expuesto pero tambi\u00e9n porque ninguna fuerza estaba dispuesta a negociar con \u00e9l. Los navajazos estar\u00e1n al orden del d\u00eda, pero no s\u00f3lo contra el adversario sino tambi\u00e9n en las filas propias.Casi todos los sondeos de opini\u00f3n pronostican unos resultados similares a los de diciembre, es decir, que persistir\u00e1 el bloqueo pol\u00edtico, porque PP y C\"s se quedar\u00edan a cinco esca\u00f1os de la m\u00e1gica cifra de 176 diputados, la mitad m\u00e1s uno de los 350 que integran la C\u00e1mara Baja. El drama es que votar de nuevo no va a romper el nudo gordiano. Eso va a alentar la desilusi\u00f3n que puede canalizarse a trav\u00e9s de una mayor abstenci\u00f3n, circunstancia que potencialmente favorecer\u00eda al PP, pues los votantes de derechas suelen ser m\u00e1s fieles.<\/p>\n<p>Algunas encuestas demosc\u00f3picas incluso muestran que al PP le ir\u00eda mejor si Rajoy diera un paso a un lado y cediera el liderazgo a la vicepresidenta primera del Gobierno, Soraya Sa\u00e9nz de Santamar\u00eda, algo altamente improbable.<\/p>\n<p style=\"text-align:justify;\">De momento s\u00f3lo hemos visto el dontancredismo de Rajoy, el egocentrismo de S\u00e1nchez, el manique\u00edsmo de Iglesias y el sincretismo de Rivera. Y no se ven indicios de que vayan a cambiar los caballos. En muchos casos, ser\u00e1 todo lo contrario: las listas de candidatos van a ser exactamente las mismas para hacer m\u00e1s patente que esto es una burda repetici\u00f3n y que no ha pasado absolutamente nada.<\/p>\n<p style=\"text-align:justify;\">Hasta ahora ha habido mucho tanteo e incluso postureo. El tiempo no les apremiaba. Los pol\u00edticos contaban con la \"tranquilidad\" de saber que los Presupuestos Generales del Estado para este a\u00f1o ya fueron aprobados por el Pleno del Congreso en octubre de 2015, tras ser elaborados en verano por el <a href=\"http:\/\/localhost\/debateplural\/tag\/gobierno\">Gobierno <\/a>y aprobados por el Consejo de Ministros. Ese plazo se ha acortado y ahora unos y otros est\u00e1n condenados a entenderse.<\/p>\n<p>Lo \u00fanico mollar de estos cuatro meses fue probablemente el pacto PSOE-C\"s \"para un Gobierno reformista y de progreso\" rubricado en febrero.<\/p>\n<p style=\"text-align:justify;\">Por consiguiente, continuar\u00e1 la par\u00e1lisis pol\u00edtica y aumentar\u00e1 el enojo del ciudadano, tambi\u00e9n irritado por los recortes derivados de la austeridad impuesta, por el alto \u00edndice de desempleo, y por los numerosos casos de corrupci\u00f3n a todos los niveles. Se prolongar\u00e1 pues la interinidad, con los nefastos efectos que eso est\u00e1 desencadenando en la inversi\u00f3n extranjera y en la promoci\u00f3n de nuevos proyectos de infraestructura. Por no hablar del desdoro en la imagen internacional. As\u00ed, se ha suspendido una visita a Espa\u00f1a del presidente estadounidense <a href=\"http:\/\/localhost\/debateplural\/tag\/barack-obama\">Barack Obama <\/a>hasta que no hay gobierno.<\/p>\n<p style=\"text-align:justify;\">Esta situaci\u00f3n inopinada no hace m\u00e1s que fomentar una crisis institucional.<\/p>\n<p>Tras el regreso de la democracia hace 40 a\u00f1os, Espa\u00f1a jam\u00e1s ha tenido un gobierno de coalici\u00f3n. La historia m\u00e1s reciente s\u00ed contempla pactos de investidura. Por ejemplo, cuando los nacionalistas moderados catalanes jugaron un papel esencial en la gobernabilidad de Espa\u00f1a, apoyando al PP en la VI Legislatura. Fue el llamado Pacto del Majestic, rubricado en 1996 entre el Partido Popular y Converg\u00e8ncia i Uni\u00f3 (CiU), seg\u00fan el cual el partido de Jordi Pujol dio su apoyo a la investidura de Jos\u00e9 Mar\u00eda Aznar como presidente del Gobierno a cambio de ofrecer m\u00e1s competencias a Catalu\u00f1a y el apoyo del PP a CiU en Catalu\u00f1a.<\/p>\n<p style=\"text-align:justify;\">La alianza PSOE-C\"s fue torpedeada tanto desde Podemos como desde el PP, lo que confirmar\u00eda que estos \u00faltimos dos grupos tienen una importante cuota de culpa en la repetici\u00f3n de los comicios.<\/p>\n<p style=\"text-align:justify;\">Urge acometer la regeneraci\u00f3n del pa\u00eds, incluyendo una importante reforma constitucional que ataje los problemas territoriales y recupere la confianza de los ciudadanos en las instituciones. Pero para eso es preciso apartar los intereses cortoplacistas y hacer sacrificios. Se ha perdido un precioso tiempo en la lucha contra el paro, que sigue siendo el segundo m\u00e1s alto de la <a href=\"http:\/\/localhost\/debateplural\/tag\/europa\">Europa <\/a>comunitaria, detr\u00e1s de Grecia. Como apunta el diario El Pa\u00eds, Espa\u00f1a est\u00e1 viviendo \"simplemente de las rentas de una salida de la crisis econ\u00f3mica que, apenas iniciada, ya deja entrever el peligro de la contracci\u00f3n del crecimiento\".<\/p>\n<p style=\"text-align:justify;\">No hay que caer en la melancol\u00eda propia de Don Quijote ni en la resignaci\u00f3n tan caracter\u00edstica de 1898 cuando Espa\u00f1a perdi\u00f3 sus \u00faltimas colonias (<a href=\"http:\/\/localhost\/debateplural\/tag\/cuba\">Cuba <\/a>y Filipinas) y se extingui\u00f3 como imperio. Hay que actuar.<\/p>\n<p style=\"text-align:justify;\">Los principales diarios espa\u00f1oles, independientemente de su ideolog\u00eda, est\u00e1n repletos de columnas de opini\u00f3n y de an\u00e1lisis que sostienen que Espa\u00f1a est\u00e1 agotada, sin br\u00fajula, no olvida el guerracivilismo y recupera el esperpento. Sobran ep\u00edtetos y faltan soluciones. Por ejemplo, c\u00f3mo reducir el abultado d\u00e9ficit p\u00fablico sin tocar las partidas de Sanidad, Educaci\u00f3n o Servicios Sociales.<\/p>\n<p style=\"text-align:justify;\">No es ning\u00fan alivio que pa\u00edses vecinos como B\u00e9lgica o Portugal hayan tenido problemas de interinidad gubernamental o que esta situaci\u00f3n de inestabilidad no sea ins\u00f3lita en el Viejo Continente. Como dice el refr\u00e1n, mal de muchos, consuelo de tontos.<\/p>\n<p style=\"text-align:justify;\">Repetir en verano las elecciones supondr\u00e1 un gasto de 130 millones de euros que se repartir\u00e1n entre la administraci\u00f3n p\u00fablica, correos, telecomunicaciones y log\u00edstica. Y esa cifra no incluye el dinero que los partidos reciben del Estado. Todo mont\u00f3n de dinero se podr\u00eda canalizar a tareas mucho m\u00e1s productivas<\/p>\n<p style=\"text-align:justify;\">Los escenarios futuros no son nada optimistas y anuncian un nuevo fracaso. La gran coalici\u00f3n a la alemana \u2013entre el PP y el PSOE\u2013 parece descartada, y los pactos por la izquierda se enfrentar\u00e1n, otra vez, a las barreras de los egos de sus l\u00edderes y a las derivadas que hablan de independentismo. Mucho tienen que cambiar las actitudes.<\/p>\n<p style=\"text-align:justify;\">Sirva como colof\u00f3n otra cita brillante del conocido primer ministro brit\u00e1nico: \"Lo que este pa\u00eds [Espa\u00f1a] necesita son m\u00e1s pol\u00edticos desempleados\".<\/p>\n<\/div>\n<p>&nbsp;<\/p>\n","protected":false},"excerpt":{"rendered":"<p>Debateplural.com, comparte con los lectores el interesante art\u00ecculo de Francisco Herranz, titulado \"Los pol\u00edticos espa\u00f1oles no tienen remedio\". publicado en el portal Sputniknews.com, en fecha 27 de abril de 2016. Dec\u00eda Winston Churchill que \"el pol\u00edtico se convierte en estadista cuando comienza a pensar en las pr\u00f3ximas generaciones y no en las pr\u00f3ximas elecciones\".<\/p>\n","protected":false},"author":1,"featured_media":6750,"comment_status":"open","ping_status":"open","sticky":false,"template":"","format":"standard","meta":{"footnotes":""},"categories":[14,12],"tags":[19,20,53,67,36],"class_list":["post-5125","post","type-post","status-publish","format-standard","has-post-thumbnail","hentry","category-internacionales","category-politica-3","tag-barack-obama","tag-cuba","tag-espana","tag-europa","tag-gobierno"],"_links":{"self":[{"href":"https:\/\/debateplural.net\/site\/wp-json\/wp\/v2\/posts\/5125"}],"collection":[{"href":"https:\/\/debateplural.net\/site\/wp-json\/wp\/v2\/posts"}],"about":[{"href":"https:\/\/debateplural.net\/site\/wp-json\/wp\/v2\/types\/post"}],"author":[{"embeddable":true,"href":"https:\/\/debateplural.net\/site\/wp-json\/wp\/v2\/users\/1"}],"replies":[{"embeddable":true,"href":"https:\/\/debateplural.net\/site\/wp-json\/wp\/v2\/comments?post=5125"}],"version-history":[{"count":1,"href":"https:\/\/debateplural.net\/site\/wp-json\/wp\/v2\/posts\/5125\/revisions"}],"predecessor-version":[{"id":6751,"href":"https:\/\/debateplural.net\/site\/wp-json\/wp\/v2\/posts\/5125\/revisions\/6751"}],"wp:featuredmedia":[{"embeddable":true,"href":"https:\/\/debateplural.net\/site\/wp-json\/wp\/v2\/media\/6750"}],"wp:attachment":[{"href":"https:\/\/debateplural.net\/site\/wp-json\/wp\/v2\/media?parent=5125"}],"wp:term":[{"taxonomy":"category","embeddable":true,"href":"https:\/\/debateplural.net\/site\/wp-json\/wp\/v2\/categories?post=5125"},{"taxonomy":"post_tag","embeddable":true,"href":"https:\/\/debateplural.net\/site\/wp-json\/wp\/v2\/tags?post=5125"}],"curies":[{"name":"wp","href":"https:\/\/api.w.org\/{rel}","templated":true}]}}