{"id":51309,"date":"2022-09-15T13:07:13","date_gmt":"2022-09-15T17:07:13","guid":{"rendered":"https:\/\/debateplural.com\/inicio\/?p=51309"},"modified":"2022-09-15T13:07:13","modified_gmt":"2022-09-15T17:07:13","slug":"las-implicaciones-sociales-y-ambientales-de-la-hiperconectividad-que-se-avecina","status":"publish","type":"post","link":"https:\/\/debateplural.net\/site\/2022\/09\/15\/las-implicaciones-sociales-y-ambientales-de-la-hiperconectividad-que-se-avecina\/","title":{"rendered":"Las implicaciones sociales y ambientales de la hiperconectividad que se avecina"},"content":{"rendered":"<p>Cristina Cano Bastidas, Hug March Corbella (The conversation, 15-9-22)<\/p>\n<p>&nbsp;<\/p>\n<p>En los \u00faltimos dos a\u00f1os se ha trabajado intensamente en desplegar las redes 5G (o redes de 5\u00aa generaci\u00f3n) en varios pa\u00edses del mundo. De momento se han implementado versiones limitadas de esta tecnolog\u00eda de red m\u00f3vil, pero se espera que pronto alcance todo su potencial. Y aunque los operadores de telefon\u00eda m\u00f3vil todav\u00eda est\u00e1n despleg\u00e1ndola, ya se empieza a plantear c\u00f3mo deber\u00edan ser las redes 6G. Esta nueva generaci\u00f3n podr\u00eda estar operativa en 10 a\u00f1os, relevando a\u00a0<a href=\"https:\/\/theconversation.com\/que-implica-la-llegada-del-5g-162880\">5G<\/a>, de la misma forma que han ido haciendo las generaciones predecesoras.<\/p>\n<p><strong>La visi\u00f3n tecno-optimista<\/strong><\/p>\n<p>Tanto 5G como 6G suponen un salto tecnol\u00f3gico orientado a aumentar la hiperconectividad mundial, no solo de las personas, sino tambi\u00e9n de los objetos que nos rodean.<\/p>\n<p>Estas redes permitir\u00e1n avances tecnol\u00f3gicos para que tengamos una experiencia m\u00e1s profunda de nuestra vida\u00a0<em>online<\/em>: que podamos, por ejemplo, transmitir el tacto, o representaciones de nuestro cuerpo mediante holograf\u00edas o incluso los impulsos de nuestro cerebro. Y har\u00e1n posible que pr\u00e1cticamente todo nuestro alrededor est\u00e9 interconectado.<\/p>\n<p>El objetivo: hacer m\u00e1s eficientes nuestras industrias, la agricultura, la producci\u00f3n de energ\u00eda, la log\u00edstica o el transporte, facilitar la vida en los hogares, as\u00ed como abrir nuevos modelos de negocio.<\/p>\n<p>En los imaginarios m\u00e1s tecno-optimistas se habla del efecto positivo que tendr\u00e1 la hiperconectividad, contando con la digitalizaci\u00f3n y la inteligencia artificial, en la b\u00fasqueda de soluciones (tecnol\u00f3gicas) a las m\u00faltiples crisis ambientales que vivimos a trav\u00e9s, sobre todo, de un uso m\u00e1s eficiente de los recursos.<\/p>\n<p><strong>El coste medioambiental de la hiperconectividad<\/strong><\/p>\n<p>Pero esta visi\u00f3n tecno-optimista\u00a0<a href=\"https:\/\/arxiv.org\/abs\/2207.02533\">est\u00e1 pasando algo por alto<\/a>.<\/p>\n<p>Cuando pensamos en la hiperconectividad y el crecimiento exponencial de transmisi\u00f3n y procesado de datos que promueve esta visi\u00f3n, es dif\u00edcil ver el impacto material que supone.<\/p>\n<p>Por un lado, el impacto en distintas escalas geogr\u00e1ficas (alejadas de los puntos donde se implementan estas tecnolog\u00edas y se benefician de ellas) y por otro lado en distintas temporalidades (por ejemplo, las generaciones futuras).<\/p>\n<p>La cuesti\u00f3n energ\u00e9tica y de emisiones es central en este aspecto. La creciente implementaci\u00f3n de nuevas tecnolog\u00edas va de la mano de un\u00a0<a href=\"https:\/\/theconversation.com\/la-huella-de-carbono-de-nuestra-vida-digital-176853\">incremento en el consumo total de energ\u00eda<\/a>.<\/p>\n<p><strong>En un contexto de emergencia clim\u00e1tica y crisis energ\u00e9tica<\/strong><\/p>\n<p>Es urgente tener en cuenta el consumo energ\u00e9tico que supone mantener la infraestructura necesaria de redes de telecomunicaciones y centros de datos operativa y dando servicio a un consumo cada vez m\u00e1s exacerbado. Esto es si cabe m\u00e1s importante en un contexto de emergencia clim\u00e1tica, cuando estamos inmersos en un convulso mercado energ\u00e9tico y con una geopol\u00edtica de la energ\u00eda cada vez m\u00e1s conflictiva.<\/p>\n<p>Desde el sector tecnol\u00f3gico, la confianza est\u00e1 puesta en que nuevas t\u00e9cnicas de eficiencia energ\u00e9tica consigan reducir el consumo aunque la demanda de datos aumente. A\u00fan est\u00e1 por ver si estas t\u00e9cnicas\u00a0<a href=\"https:\/\/www.sciencedirect.com\/science\/article\/pii\/S1364032121012958\">ser\u00e1n capaces de compensar el incremento de demanda que se espera<\/a>.<\/p>\n<p>Pero el impacto no se reduce a una cuesti\u00f3n puramente energ\u00e9tica o de emisiones directas de gases de efecto invernadero.<\/p>\n<p><strong>M\u00e1s antenas, m\u00e1s m\u00f3viles, m\u00e1s interfaces suponen m\u00e1s demanda de tierras raras y minerales y m\u00e1s desechos<\/strong><\/p>\n<p>Cada vez se van a necesitar m\u00e1s estaciones base, m\u00e1s antenas y m\u00e1s equipos de procesado de datos. Adem\u00e1s, las aplicaciones que gu\u00edan el desarrollo de estas tecnolog\u00edas promueven la adquisici\u00f3n de nuevos dispositivos de usuario, como tel\u00e9fonos m\u00f3viles compatibles con las nuevas generaciones de red, gafas de realidad virtual, interfaces cerebro-m\u00e1quina y extensiones h\u00e1pticas, entre otras.<\/p>\n<p>Fabricar todas estas nuevas\u00a0<em>infraestructuras<\/em>\u00a0implica mayor presi\u00f3n en la extracci\u00f3n de materiales, incluyendo tierras raras y otros minerales, m\u00e1s producci\u00f3n, m\u00e1s transporte y un mayor n\u00famero de desechos para los que es complicado el reciclaje. Adem\u00e1s de las consecuencias geopol\u00edticas, conflictos locales y reparto desigual de la riqueza y los costes que esto conlleva.<\/p>\n<p><strong>El necesario debate democr\u00e1tico<\/strong><\/p>\n<p>Ante la fr\u00e1gil situaci\u00f3n socioecol\u00f3gica global, a punto de sobrepasar o habiendo sobrepasado ya algunos de los l\u00edmites planetarios, necesitamos replantearnos cr\u00edticamente la necesidad del crecimiento ilimitado en el consumo de datos.<\/p>\n<p>\u00bfPodemos pensar, como sociedad, alternativas a la demanda de m\u00e1s conexi\u00f3n (digital) y velocidad (de datos)? Quiz\u00e1 podamos empezar por acabar con la brecha digital, sin crear nuevas exigencias que impliquen cada vez un mayor consumo y m\u00e1s velocidad.<\/p>\n<p>Evidentemente, esto requiere un debate democr\u00e1tico que no venga dominado por las imposiciones del mercado. A su vez, frente a los discursos m\u00e1s tecno-optimistas, se hace necesario evaluar el impacto de las propias soluciones tecnol\u00f3gicas enfocadas a mitigar las crisis medioambientales, teniendo en cuenta el incremento de demanda de datos y la necesidad de equipamiento y nuevas infraestructuras digitales que requiere su implementaci\u00f3n.<\/p>\n<p>Necesitamos empezar a considerar el equipamiento y las infraestructuras digitales como\u00a0<a href=\"https:\/\/www.computerweekly.com\/opinion\/IT-Sustainability-Think-Tank-Aligning-procurement-with-the-principles-of-the-circular-economy\">un bien escaso,<\/a>\u00a0con importantes implicaciones materiales y energ\u00e9ticas.<\/p>\n<p>Para aliviar la creciente presi\u00f3n en la extracci\u00f3n, producci\u00f3n, distribuci\u00f3n de los materiales y equipos, as\u00ed como en la gesti\u00f3n del desecho tecnol\u00f3gico, hay que reducir la obsolescencia programada, aumentar la modularidad y la extensibilidad del\u00a0<em>hardware<\/em>, as\u00ed como el dise\u00f1o compatible a futuro.<\/p>\n<p>Estas direcciones de cambio no son \u00fanicamente tecnol\u00f3gicas, sino que implican intervenciones pol\u00edticas y sociales. Es importante democratizar los debates sobre digitalizaci\u00f3n, y concretamente sobre el 5G\/6G, para evitar que el desarrollo tecnol\u00f3gico solo venga dictado por las l\u00f3gicas del mercado.<\/p>\n<p>Es tarea de la sociedad civil, la academia y la ciudadan\u00eda en general imaginar otros futuros posibles que no pasen por el imperativo del crecimiento ilimitado del consumo digital.<\/p>\n","protected":false},"excerpt":{"rendered":"<p>Cristina Cano Bastidas, Hug March Corbella (The conversation, 15-9-22) &nbsp; En los \u00faltimos dos a\u00f1os se ha trabajado intensamente en desplegar las redes 5G (o redes de 5\u00aa generaci\u00f3n) en varios pa\u00edses del mundo. De momento se han implementado versiones limitadas de esta tecnolog\u00eda de red m\u00f3vil, pero se espera que pronto alcance todo su [&hellip;]<\/p>\n","protected":false},"author":1,"featured_media":51310,"comment_status":"open","ping_status":"open","sticky":false,"template":"","format":"standard","meta":{"footnotes":""},"categories":[14,17],"tags":[],"class_list":["post-51309","post","type-post","status-publish","format-standard","has-post-thumbnail","hentry","category-internacionales","category-sociedad"],"_links":{"self":[{"href":"https:\/\/debateplural.net\/site\/wp-json\/wp\/v2\/posts\/51309"}],"collection":[{"href":"https:\/\/debateplural.net\/site\/wp-json\/wp\/v2\/posts"}],"about":[{"href":"https:\/\/debateplural.net\/site\/wp-json\/wp\/v2\/types\/post"}],"author":[{"embeddable":true,"href":"https:\/\/debateplural.net\/site\/wp-json\/wp\/v2\/users\/1"}],"replies":[{"embeddable":true,"href":"https:\/\/debateplural.net\/site\/wp-json\/wp\/v2\/comments?post=51309"}],"version-history":[{"count":1,"href":"https:\/\/debateplural.net\/site\/wp-json\/wp\/v2\/posts\/51309\/revisions"}],"predecessor-version":[{"id":51311,"href":"https:\/\/debateplural.net\/site\/wp-json\/wp\/v2\/posts\/51309\/revisions\/51311"}],"wp:featuredmedia":[{"embeddable":true,"href":"https:\/\/debateplural.net\/site\/wp-json\/wp\/v2\/media\/51310"}],"wp:attachment":[{"href":"https:\/\/debateplural.net\/site\/wp-json\/wp\/v2\/media?parent=51309"}],"wp:term":[{"taxonomy":"category","embeddable":true,"href":"https:\/\/debateplural.net\/site\/wp-json\/wp\/v2\/categories?post=51309"},{"taxonomy":"post_tag","embeddable":true,"href":"https:\/\/debateplural.net\/site\/wp-json\/wp\/v2\/tags?post=51309"}],"curies":[{"name":"wp","href":"https:\/\/api.w.org\/{rel}","templated":true}]}}