{"id":51444,"date":"2022-09-29T14:13:27","date_gmt":"2022-09-29T18:13:27","guid":{"rendered":"https:\/\/debateplural.com\/inicio\/?p=51444"},"modified":"2022-09-29T14:13:27","modified_gmt":"2022-09-29T18:13:27","slug":"como-la-dictadura-de-la-belleza-y-la-juventud-irrumpio-tambien-en-la-politica","status":"publish","type":"post","link":"https:\/\/debateplural.net\/site\/2022\/09\/29\/como-la-dictadura-de-la-belleza-y-la-juventud-irrumpio-tambien-en-la-politica\/","title":{"rendered":"C\u00f3mo la dictadura de la belleza y la juventud irrumpi\u00f3 tambi\u00e9n en la pol\u00edtica"},"content":{"rendered":"<p>Luis Gonzalo Segura (Russia Today, 29-9-22)<\/p>\n<p>&nbsp;<\/p>\n<p>\u00bfEres una persona con una excelsa formaci\u00f3n acad\u00e9mica, una experiencia profesional sobresaliente, una trayectoria pol\u00edtica extensa, una gran capacidad para comunicar, una dilatada experiencia en la gesti\u00f3n y quieres dedicarte a la pol\u00edtica o aspiras a ascender? \u00bfEres un trabajador que lleva d\u00e9cadas luchando por los derechos de los dem\u00e1s, creando colectivos, trabajando por el bien com\u00fan y piensas que tienes mucho que aportar en la pol\u00edtica? \u00bfO tal vez eres un experto, analista o t\u00e9cnico cuyo conocimiento sobre una materia concreta puede resultar de vital importancia para la ciudadan\u00eda y crees que la pol\u00edtica es tu sitio? Pues antes de embarcarte en un proyecto pol\u00edtico o seguir navegando en los peligrosos mares y oc\u00e9anos pol\u00edticos\u2026 \u00a1M\u00edrate al espejo!<\/p>\n<p>\u00bfEres guapo\/a, joven y estiloso\/a? \u00a1Enhorabuena! Ya puedes ser pol\u00edtico, aunque no hac\u00edan falta tantas alforjas ni tantos esfuerzos, con lo que ves en el espejo era m\u00e1s que suficiente. Has hecho el 'pringao' si llevas a\u00f1os mejorando tu formaci\u00f3n, esforz\u00e1ndote por aumentar tus conocimientos y adquiriendo gran experiencia. No lo necesitabas, te bastaba con un rostro sim\u00e9trico, una figura esbelta o musculada y un atractivo irresistible. S\u00ed, lo s\u00e9,\u00a0<strong>la pol\u00edtica se parece cada d\u00eda m\u00e1s a un bar o una discoteca<\/strong>.<\/p>\n<p>Y ahora voy contigo, que eres como yo y tambi\u00e9n tienes derecho, aunque no lo parezca. No terminas de ser guapo o est\u00e1s muy lejos de serlo, tienes algunos kilos de m\u00e1s (estoy de acuerdo, el aperitivo y los dulces est\u00e1n de muerte), el\u00a0<em>gym<\/em>\u00a0no es lo tuyo (pero \u00a1qu\u00e9 pe\u00f1azo eso de pesa arriba y pesa abajo!), no tienes un asesor de imagen (\u00bfpara qu\u00e9?) y tu vestuario es un armario como el de cualquier hijo de vecino en lugar de una habitaci\u00f3n-vestidor (\u00a1y a saber d\u00f3nde compras la ropa, alma de c\u00e1ntaro!): Lo siento, pero si no puedes arreglarlo (bistur\u00ed, gym, estilista, ropa a mansalva para cualquier instante y b\u00f3tox hasta en tus partes nobles), desp\u00eddete. Pero literal: abandona la pol\u00edtica o el sue\u00f1o de ejercerla, amigo\/a. No tienes casi ninguna oportunidad.<\/p>\n<h3>La dictadura del \u00e9xito ha llegado a la pol\u00edtica\u2026 y es irrefrenable<\/h3>\n<p><strong>El \u00e9xito es como un gigantesco tsunami que nadie puede detener<\/strong>. Lo arrasa todo. F\u00f3rmulas que son copiadas casi incluso antes de ser creadas. No digamos unos instantes despu\u00e9s.<\/p>\n<p>Si un programa deportivo apuesta por un desequilibrado que se dedica a vomitar odio, arrastrarse por los suelos y golpearse la cabeza contra las paredes cada vez que su equipo de f\u00fatbol pierde o exhibe un incontrolable \u00e9xtasis si su equipo gana, ser\u00e1 copiado al instante en caso de funcionar. Arrasar\u00e1 con todo y con todos. Si un programa rosa apuesta por una persona con adicciones cuyo \u00fanico m\u00e9rito en su vida ha sido tener un hijo con un matador de toros al que le arrojaban bragas en las plazas, ser\u00e1 copiado al instante en caso de funcionar. Si un programa pol\u00edtico apuesta por personajes que insultan, interrumpen y difunden bulos sin pudor, ser\u00e1 copiado al instante en caso de funcionar.\u00a0<strong>Es el mercado<\/strong>.<\/p>\n<p>Efectivamente, el capitalismo lo copia todo y, gracias a la globalizaci\u00f3n, basta con que la f\u00f3rmula, por da\u00f1ina o disparatada que sea, funcione en alg\u00fan lugar del planeta para que esta se expanda y termine por ser aplicada en casi todos los rincones. Es cierto que siempre hay excepciones y no todas las f\u00f3rmulas funcionan en todos los sitios. Pero casi.<\/p>\n<p>Piensen en las radiof\u00f3rmulas. Las canciones duran casi lo mismo y comparten tal cantidad de acordes que separar el plagio de la inspiraci\u00f3n es casi imposible hasta para los jueces. Y los ensayos, las novelas, las series, las pel\u00edculas\u2026 siguen el mismo patr\u00f3n, de tal manera que,\u00a0<strong>si una f\u00f3rmula funciona<\/strong>, de inmediato debemos prepararnos para una\u00a0<strong>avalancha de 'copias originales' que nos sepultar\u00e1<\/strong>.<\/p>\n<h3>Bienvenidos a la pol\u00edtica de Barbie y Ken<\/h3>\n<p>No s\u00e9 qui\u00e9n fue la primera o el primero, pero \u00a1Oh, Dios m\u00edo!, tuvo \u00e9xito. Y al instante fue copiado, al igual que, hoy en d\u00eda, la belleza se ha uniformado hasta tal punto que hay cert\u00e1menes de belleza en el que parece que las competidoras son clones.\u00a0<strong>S\u00ed, la pol\u00edtica se est\u00e1 llenando de clones<\/strong>. Clones de Barbie y Ken. Clones de guapos, j\u00f3venes y estilosos candidatos que colman las listas electorales. Y, claro est\u00e1, cada vez son m\u00e1s poderosos. Lo que tiene unas consecuencias desastrosas para los 'no guapos' que aspiraban a hacer carrera pol\u00edtica: secundarios, gestores o asesores. No dan la talla para m\u00e1s.<\/p>\n<p><strong>El \u00faltimo caso es el de Giorgia Meloni<\/strong>: guapa, estilosa y joven (45 a\u00f1os). Pero \u00bfcu\u00e1l es su nivel? Ella misma lo estableci\u00f3 cuando pidi\u00f3 el voto de los italianos el pasado 25 de septiembre con un v\u00eddeo en el que sujetaba dos melones \u2014s\u00ed, lo s\u00e9,\u00a0<strong>es un caso muy semejante al de Isabel D\u00edaz Ayuso<\/strong>, presidenta de la Comunidad de Madrid\u2014. As\u00ed pues, nos encontramos con dos ultraderechistas de maneras y formas escandalosas, con escasa formaci\u00f3n y experiencia en la gesti\u00f3n, pero muy atractivas. Recuerden que D\u00edaz Ayuso no ha dejado de acaparar titulares por sus extravagantes declaraciones antes y despu\u00e9s de imponerse en las elecciones a la Comunidad de Madrid a pol\u00edticos con formaci\u00f3n y capacidades muy superiores (\u00c1ngel Gabilondo, Pablo Iglesias, Edmundo Val, Roc\u00edo Monasterio o M\u00f3nica Garc\u00eda). Pero no son los \u00fanicos ejemplos del triunfo de la belleza en la pol\u00edtica.<\/p>\n<p><strong>Pedro S\u00e1nchez<\/strong>, al que no pocos detractores le apodan como 'Ken', quiz\u00e1s no sea tan extravagante como las dos anteriores pol\u00edticas \u2014aunque su recipiente no parece m\u00e1s colmado\u2014, pero si observamos su proceso de elecci\u00f3n, en el que compiti\u00f3 con Jos\u00e9 Antonio P\u00e9rez Tapias y Eduardo Madina, queda en evidencia que era el candidato que habr\u00eda quedado en peor posici\u00f3n en el caso de un concurso de m\u00e9ritos. Gan\u00f3. Un caso similar se produjo en el Partido Popular, en el que\u00a0<strong>Pablo Casado<\/strong>\u00a0se impuso a dos candidatas con una formaci\u00f3n y un curr\u00edculum muy superior (Mar\u00eda Dolores de Cospedal y Soraya S\u00e1enz de Santamar\u00eda). Era el yerno que cualquiera querr\u00eda tener y, tampoco se puede negar, se aprovech\u00f3 de la guerra abierta entre sus dos competidoras. Pero gan\u00f3. Adem\u00e1s, Pedro S\u00e1nchez y Pablo Casado fueron despu\u00e9s salpicados con esc\u00e1ndalos en su formaci\u00f3n acad\u00e9mica.<\/p>\n<h3>\u00bfUna tendencia mundial positiva?<\/h3>\n<p>Fuera de Espa\u00f1a, la tendencia es tambi\u00e9n evidente:\u00a0<strong>Justin Trudeau, Emmanuel Macron, Sanna Marin, Jacinta Arden, Mette Frederiksen, Alexander de Croo<\/strong>\u2026 Guapo\/as, j\u00f3venes y estilosos, aunque no siempre vac\u00edos, pero que, sin su aspecto f\u00edsico, quiz\u00e1s no estar\u00edan donde est\u00e1n. La gente ya no quiere leer programas pol\u00edticos, quiere ver caras guapas y atractivas. Por supuesto, no es un fen\u00f3meno nuevo, pues ya en el pasado hubo regidores que destacaron por su presencia, pero hubo un tiempo en el que presentar aspecto de rat\u00f3n de biblioteca o poseer una dilatada experiencia pol\u00edtica nacional e internacional junto a un aspecto serio ofrec\u00eda una credibilidad que ha quedado sepultada por el maquillaje, las pesas, el b\u00f3tox y la abrumadora presencia f\u00edsica. Mario Draghi lo podr\u00e1 comprobar en persona cuando realice la transici\u00f3n con quien parece m\u00e1s una estrella\u00a0<em>pop<\/em>\u00a0que una regidora nacional: Giorgia Meloni.<\/p>\n<p>Como todo fen\u00f3meno nuevo, en pleno auge,\u00a0<strong>todav\u00eda no se ha hecho con todo el mercado, a\u00fan quedan reductos<\/strong>\u00a0\u2014ah\u00ed est\u00e1n los presidentes de Estados Unidos, Reino Unido, Portugal\u2026\u2014,\u00a0<strong>pero la amenaza es seria<\/strong>. Y visible. Sobre todo, en las formaciones pol\u00edticas m\u00e1s nuevas donde las trabas burocr\u00e1ticas son menores. Por ejemplo, en Espa\u00f1a, cuando se crearon los nuevos partidos, hace casi una d\u00e9cada, apostaron de forma mayoritaria, m\u00e1s all\u00e1 de alguna excepci\u00f3n, por juventud o belleza: Albert Rivera, In\u00e9s Arrimadas, Bego\u00f1a Villac\u00eds, Toni Cant\u00f3, Miguel Vila, Irene Montero, Ione Belarra, Yolanda D\u00edaz, Alberto Garz\u00f3n, Macarena Olona, Patricia Reyes\u2026<\/p>\n<p>Pero \u00bfes una tendencia positiva? Por desgracia, creo que es preocupante y reveladora: el contenido cada d\u00eda tiene menos importancia. Pero, por otro lado, \u00a1qu\u00e9 pu\u00f1etas!, el capitalismo es el capitalismo y el sistema es el sistema, sea quien sea el guapo o la guapa que lo gestione. As\u00ed que, si vamos a destrozar el planeta, expoliar y esclavizar pueblos, masacrar ni\u00f1os y refugiados en los pa\u00edses enemigos o en las fronteras, aumentar la pobreza y la desigualdad y, cualquier d\u00eda, provocar una tercera guerra mundial, mejor que lo que perpetren los guapos. Bastante tenemos los feos ya, \u00bfno?<\/p>\n","protected":false},"excerpt":{"rendered":"<p>Luis Gonzalo Segura (Russia Today, 29-9-22) &nbsp; \u00bfEres una persona con una excelsa formaci\u00f3n acad\u00e9mica, una experiencia profesional sobresaliente, una trayectoria pol\u00edtica extensa, una gran capacidad para comunicar, una dilatada experiencia en la gesti\u00f3n y quieres dedicarte a la pol\u00edtica o aspiras a ascender? \u00bfEres un trabajador que lleva d\u00e9cadas luchando por los derechos de [&hellip;]<\/p>\n","protected":false},"author":1,"featured_media":51445,"comment_status":"open","ping_status":"open","sticky":false,"template":"","format":"standard","meta":{"footnotes":""},"categories":[14,12],"tags":[],"class_list":["post-51444","post","type-post","status-publish","format-standard","has-post-thumbnail","hentry","category-internacionales","category-politica-3"],"_links":{"self":[{"href":"https:\/\/debateplural.net\/site\/wp-json\/wp\/v2\/posts\/51444"}],"collection":[{"href":"https:\/\/debateplural.net\/site\/wp-json\/wp\/v2\/posts"}],"about":[{"href":"https:\/\/debateplural.net\/site\/wp-json\/wp\/v2\/types\/post"}],"author":[{"embeddable":true,"href":"https:\/\/debateplural.net\/site\/wp-json\/wp\/v2\/users\/1"}],"replies":[{"embeddable":true,"href":"https:\/\/debateplural.net\/site\/wp-json\/wp\/v2\/comments?post=51444"}],"version-history":[{"count":1,"href":"https:\/\/debateplural.net\/site\/wp-json\/wp\/v2\/posts\/51444\/revisions"}],"predecessor-version":[{"id":51446,"href":"https:\/\/debateplural.net\/site\/wp-json\/wp\/v2\/posts\/51444\/revisions\/51446"}],"wp:featuredmedia":[{"embeddable":true,"href":"https:\/\/debateplural.net\/site\/wp-json\/wp\/v2\/media\/51445"}],"wp:attachment":[{"href":"https:\/\/debateplural.net\/site\/wp-json\/wp\/v2\/media?parent=51444"}],"wp:term":[{"taxonomy":"category","embeddable":true,"href":"https:\/\/debateplural.net\/site\/wp-json\/wp\/v2\/categories?post=51444"},{"taxonomy":"post_tag","embeddable":true,"href":"https:\/\/debateplural.net\/site\/wp-json\/wp\/v2\/tags?post=51444"}],"curies":[{"name":"wp","href":"https:\/\/api.w.org\/{rel}","templated":true}]}}