{"id":51506,"date":"2022-10-05T13:00:14","date_gmt":"2022-10-05T17:00:14","guid":{"rendered":"https:\/\/debateplural.com\/inicio\/?p=51506"},"modified":"2022-10-05T13:00:14","modified_gmt":"2022-10-05T17:00:14","slug":"giro-en-el-pt-y-auge-del-bolsonarismo-sobre-las-elecciones-en-brasil","status":"publish","type":"post","link":"https:\/\/debateplural.net\/site\/2022\/10\/05\/giro-en-el-pt-y-auge-del-bolsonarismo-sobre-las-elecciones-en-brasil\/","title":{"rendered":"Giro en el PT y auge del bolsonarismo: sobre las elecciones en Brasil"},"content":{"rendered":"<p>Misi\u00f3n Verdad (3-10-22)<\/p>\n<p>&nbsp;<\/p>\n<p>Contrario a lo que pregonaban las principales encuestas en Brasil, las elecciones generales dieron resultados que ponen en cuestionamiento la forma en que se hace pol\u00edtica desde la izquierda en el vasto pa\u00eds sudamericano. Lula da Silva y el Partido de los Trabajadores (PT) no pudieron lograr la anhelada victoria presidencial en primera vuelta (con 48,4% de los votos), lo que se traduce en una pr\u00f3xima batalla electoral que se dar\u00e1 el 30 de octubre por la presidencia y puestos clave en todo el pa\u00eds.<\/p>\n<p>Por su lado, Jair Bolsonaro y el Partido Liberal (PL) lograron 43,2% de los votos en el sufragio presidencial, una distancia de apenas cinco puntos respecto a Lula. El PL mostr\u00f3 su fuerza en el sufragio al Congreso, alcanzando las mayores bancadas con 14 de 81 puestos en el Senado, y en la C\u00e1mara de Diputados, con 99 de 513. Un hipot\u00e9tico futuro gobierno de Lula podr\u00eda estar en dificultades con la mayor\u00eda de la representaci\u00f3n parlamentaria de tendencia conservadora. No en balde Bolsonaro\u00a0<a href=\"https:\/\/twitter.com\/jairbolsonaro\/status\/1576802087693824000?ref_src=twsrc%5Etfw%7Ctwcamp%5Etweetembed%7Ctwterm%5E1576802087693824000%7Ctwgr%5E0cc486245c5a99152e59d1277c769e4350a2e0d8%7Ctwcon%5Es1_&amp;ref_url=https%3A%2F%2Felpais.com%2Finternacional%2F2022-10-03%2Fresultados-de-las-elecciones-en-brasil-en-vivo-y-en-directo.html\" target=\"_blank\" rel=\"noopener\">expres\u00f3<\/a>\u00a0que \"esa era nuestra mayor prioridad en este primer momento\".<\/p>\n<p>De tal manera que la estrategia desde el bolsonarismo parec\u00eda estar atada a las fuerzas legislativas (en un pa\u00eds signado por el\u00a0<em>lawfare<\/em>\u00a0en la \u00faltima d\u00e9cada) en primer t\u00e9rmino, lograr la mayor concentraci\u00f3n de votos en la vuelta presidencial de cara a una segunda y definitiva ronda y dominar el escenario pol\u00edtico con una narrativa conservadora que representa una buena parte de los anhelos sociales en Brasil.<\/p>\n<p>Viendo el mapa de los resultados, est\u00e1 claro que el actual presidente domina lo que en sociolog\u00eda se denomina el \"Brasil profundo\" del centro-sur, una macrorregi\u00f3n que ahora parece ser el antagonista del inmenso noreste, dominado en las votaciones por Lula y el PT. Es decir, que no hay una homologaci\u00f3n en la identidad pol\u00edtica del \"interior\" brasile\u00f1o, hist\u00f3ricamente despreciado desde las grandes ciudades, como ha ocurrido en otras contiendas electorales.<\/p>\n<p>Esto no quiere decir que Lula no sea el favorito para ganar la segunda, m\u00e1s bien da cuenta de que la polarizaci\u00f3n ha crecido con los a\u00f1os y de que las estrategias pol\u00edticas y electorales del PT no han dado los resultados esperados. Se pone de manifiesto el tipo de campa\u00f1a hecho por la izquierda lulista, un reflejo de lo que el partido hoy es en su composici\u00f3n org\u00e1nica y su programa.<\/p>\n<h4><strong>M\u00cdNIMO EXAMEN DEL PT<\/strong><\/h4>\n<p>Ya sea desde el punto de vista comunicacional, estrat\u00e9gico o meramente en la propuesta, los errores de identificaci\u00f3n pol\u00edtica con el electorado desde el PT pasaron factura en la primera vuelta y en las elecciones legislativas y para las gobernaciones. Como un ejemplo claro, la profusi\u00f3n de artistas como eje de la campa\u00f1a electoral por encima de las expectativas y representaciones del pueblo trabajador y la gente com\u00fan es un term\u00f3metro del desenvolvimiento pol\u00edtico del lulismo, una distinci\u00f3n que le pas\u00f3 factura, como el mismo da Silva lo admite: \"Visitar\u00e9 m\u00e1s regiones. Y mi consejo es: a partir de ma\u00f1ana habr\u00e1 menos conversaci\u00f3n entre nosotros y m\u00e1s conversaci\u00f3n con los votantes\".<\/p>\n<p>M\u00e1s bien, la campa\u00f1a de Lula carec\u00eda de fibra emocional y fue, de acuerdo con el soci\u00f3logo Rud\u00e1 Ricci, \"<a href=\"https:\/\/twitter.com\/rudaricci\/status\/1576863970858000384?s=20&amp;t=eZmvuV3VTSQkVPFniNluPQ\" target=\"_blank\" rel=\"noopener\">extremadamente racional y profesional<\/a>\". En ese sentido, replic\u00f3 mucho de lo que se hab\u00eda practicado en las elecciones de 2018 con Fernando Haddad en la contenci\u00f3n, quien fue adelantado por siete puntos en esta elecci\u00f3n para la gobernaci\u00f3n de S\u00e3o Paulo por el candidato del PL, Tarc\u00edsio Gomes Freitas, en un estado caracterizado por ser el m\u00e1s rico del pa\u00eds.<\/p>\n<p>La repetici\u00f3n de personalidades pol\u00edticas que no aglutinan el voto de las mayor\u00edas empobrecidas en Brasil, como el de Haddad, fue un error de c\u00e1lculo que el PT cometi\u00f3 y con el que tendr\u00e1n que insistir para la segunda vuelta en aquellas regiones donde a\u00fan tiene chance de ganarle la partido al bolsonarismo.<\/p>\n<p>Pero, adem\u00e1s, est\u00e1 el hecho fundamental de que las organizaciones populares, los movimientos sociales, las ONG y redes de izquierda, afines a Lula y a representantes progresistas, perdieron su poder de formulaci\u00f3n y movilizaci\u00f3n tradicional en otras d\u00e9cadas. Los partidos y organizaciones izquierdistas han perdido progresivamente sus canales de comunicaci\u00f3n con su base social. Esto se refleja en lo comentado de la campa\u00f1a, que da muestra de un quiebre si se quiere existencial en el PT.<\/p>\n<h4><strong>Y DEL BOLSONARISMO<\/strong><\/h4>\n<p>De pronto, se ratific\u00f3 el movimiento pol\u00edtico liderado por Bolsonaro en una estela de votos y representaciones pol\u00edticas en diferentes instancias de poder. Una extrema derecha que tiene al a\u00fan actual presidente como l\u00edder, pero que ya se ven\u00eda consolidando m\u00e1s all\u00e1 de \u00e9ste al menos en pr\u00e1cticas sociales como el evangelismo, en franco auge desde hace d\u00e9cadas en Brasil, y cierta cultura pol\u00edtica conservadora.<\/p>\n<p>Debido al enfriamiento de las relaciones entre partidos izquierdistas y lucha por los derechos fundamentales en el pa\u00eds sudamericano, se antepone el \u00e9xito individual y la protecci\u00f3n de ciertas comunidades e identidades sociales en el espectro pol\u00edtico: all\u00ed es donde el bolsonarismo pretende hacer mella, sea para nuclear hacia s\u00ed dichas voluntades o para implosionarlas con objetivos partidarios.<\/p>\n<p>Un factor clave en el apoyo al PL ha sido el\u00a0<a href=\"https:\/\/www.infobae.com\/america\/america-latina\/2022\/09\/22\/la-economia-brasilena-crece-y-baja-la-inflacion-pero-hay-emergencia-alimentaria-y-el-hambre-alcanza-cada-vez-a-mas-gente\/\" target=\"_blank\" rel=\"noopener\">crecimiento econ\u00f3mico reportado<\/a>, a pesar del hambre generalizado, en este a\u00f1o 2022, tras una gesti\u00f3n desastrosa de la pandemia del covid por parte de la presente administraci\u00f3n. La inflaci\u00f3n ha bajado en comparaci\u00f3n con los \u00faltimos dos a\u00f1os, as\u00ed como el desempleo. Brasil sigue siendo el mayor productor de carne del mundo y el cuarto de cereales.<\/p>\n<p>El v\u00e9rtice internacional tambi\u00e9n ha favorecido al cuadro actual de Brasil bajo la presidencia de Bolsonaro en recientes tiempos. Su postura frente a los cambios tect\u00f3nicos en el orden geopol\u00edtico ha sido favorable para el multipolarismo que se promueve desde los BRICS y otras instancias lideradas por China y Rusia, en franco antagonismo con el decaimiento imperial de la unipolaridad estadounidense.<\/p>\n<p>En todo caso, el PL trabaja en base al fuerte movimiento conservador que existe en Brasil y demuestra que tiene mayor poder de movilizaci\u00f3n y proyecci\u00f3n pol\u00edtica que hace a\u00f1os, cuando Bolsonaro tom\u00f3 las riendas del Palacio de Planalto.<\/p>\n<p>Adem\u00e1s, promueve el escenario de la pol\u00edtica como una arena de gladiadores en el que el candidato de la reelecci\u00f3n se enfrenta a Lula de manera personal, y eso es ganancia para una derecha que no quiere ver cristalizada una vuelta del PT en el poder, buscando la desmovilizaci\u00f3n de sus bases program\u00e1ticas y d\u00e1ndole vuelo a su propia tendencia pol\u00edtica. No en balde, Bolsonaro transfiri\u00f3 el voto de su expartido Partido Social Liberal al PL bajo esa estrategia. Es una cultura pol\u00edtica en ascenso, y todav\u00eda estamos tratando de entender las implicaciones de esto de cara al futuro.<\/p>\n<p>Es probable que Lula reciba el apoyo de la tercera clasificada en la primera ronda electoral, Simone Tebet, que obtuvo 4% de los votos, y que se lleve la mayor\u00eda de los votos de Ciro Gomes, que obtuvo 3%. Lula no tendr\u00e1 m\u00e1s remedio que acercarse al centro ahora para conformar mayores alianzas y darle un r\u00e1pido giro a la identidad pol\u00edtica si no quiere llevarse un rev\u00e9s que ser\u00eda dif\u00edcil de asimilar para la izquierda y el progresismo no solo en Brasil, sino tambi\u00e9n en la regi\u00f3n sudamericana.<\/p>\n<p>Para esto, hay que profundizar en el an\u00e1lisis social de la pol\u00edtica brasile\u00f1a y retomar una postura de clase nacional que est\u00e1 bien alejada de las \u00faltimas tendencias progresistas promovidas por el establishment dem\u00f3crata estadounidense y la comunidad europea. Ya hemos visto los coletazos de ello en Chile y Argentina.<\/p>\n","protected":false},"excerpt":{"rendered":"<p>Misi\u00f3n Verdad (3-10-22) &nbsp; Contrario a lo que pregonaban las principales encuestas en Brasil, las elecciones generales dieron resultados que ponen en cuestionamiento la forma en que se hace pol\u00edtica desde la izquierda en el vasto pa\u00eds sudamericano. Lula da Silva y el Partido de los Trabajadores (PT) no pudieron lograr la anhelada victoria presidencial [&hellip;]<\/p>\n","protected":false},"author":1,"featured_media":46630,"comment_status":"open","ping_status":"open","sticky":false,"template":"","format":"standard","meta":{"footnotes":""},"categories":[14,12],"tags":[],"class_list":["post-51506","post","type-post","status-publish","format-standard","has-post-thumbnail","hentry","category-internacionales","category-politica-3"],"_links":{"self":[{"href":"https:\/\/debateplural.net\/site\/wp-json\/wp\/v2\/posts\/51506"}],"collection":[{"href":"https:\/\/debateplural.net\/site\/wp-json\/wp\/v2\/posts"}],"about":[{"href":"https:\/\/debateplural.net\/site\/wp-json\/wp\/v2\/types\/post"}],"author":[{"embeddable":true,"href":"https:\/\/debateplural.net\/site\/wp-json\/wp\/v2\/users\/1"}],"replies":[{"embeddable":true,"href":"https:\/\/debateplural.net\/site\/wp-json\/wp\/v2\/comments?post=51506"}],"version-history":[{"count":1,"href":"https:\/\/debateplural.net\/site\/wp-json\/wp\/v2\/posts\/51506\/revisions"}],"predecessor-version":[{"id":51507,"href":"https:\/\/debateplural.net\/site\/wp-json\/wp\/v2\/posts\/51506\/revisions\/51507"}],"wp:featuredmedia":[{"embeddable":true,"href":"https:\/\/debateplural.net\/site\/wp-json\/wp\/v2\/media\/46630"}],"wp:attachment":[{"href":"https:\/\/debateplural.net\/site\/wp-json\/wp\/v2\/media?parent=51506"}],"wp:term":[{"taxonomy":"category","embeddable":true,"href":"https:\/\/debateplural.net\/site\/wp-json\/wp\/v2\/categories?post=51506"},{"taxonomy":"post_tag","embeddable":true,"href":"https:\/\/debateplural.net\/site\/wp-json\/wp\/v2\/tags?post=51506"}],"curies":[{"name":"wp","href":"https:\/\/api.w.org\/{rel}","templated":true}]}}