{"id":51586,"date":"2022-10-12T14:21:51","date_gmt":"2022-10-12T18:21:51","guid":{"rendered":"https:\/\/debateplural.com\/inicio\/?p=51586"},"modified":"2022-10-12T14:21:51","modified_gmt":"2022-10-12T18:21:51","slug":"12-de-octubre-despues-del-multiculturalismo-que","status":"publish","type":"post","link":"https:\/\/debateplural.net\/site\/2022\/10\/12\/12-de-octubre-despues-del-multiculturalismo-que\/","title":{"rendered":"12 de octubre. Despu\u00e9s del multiculturalismo, \u00bfqu\u00e9?"},"content":{"rendered":"<p>Itzamn\u00e1 Ollantay (teleSur, 12-10-22)<\/p>\n<p>&nbsp;<\/p>\n<p>El 12 de octubre del 2022 nos encuentra no s\u00f3lo en el duelo\/resignaci\u00f3n por la \u201cmuerte f\u00e1ctica del multiculturalismo\u201d asestada por los estados neoliberales, sino tambi\u00e9n la recolonizaci\u00f3n humillante que sufren los pueblos de Europa por parte del decadente Imperio norteamericano. Esta realidad, ahora, se constituye en un imperativo \u00e9tico\/existencial para apostar lo cierto por lo incierto.<\/p>\n<div class=\"qnewworld\"><\/div>\n<p>Hace tres d\u00e9cadas atr\u00e1s, el multiculturalismo (como parte de la filosof\u00eda racista liberal) se irradia pr\u00e1cticamente en buena parte del Continente de Abya Yala con la finalidad \u201cdespolitizar\u201d, \u201cinmovilizar\u201d a los pueblos insubordinados que incluso se hab\u00edan alzado en armas durante la segunda mitad del pasado siglo.<\/p>\n<p>En el caso concreto de Guatemala, con la euforia de los Acuerdos de Paz firmados entre las guerrillas y el Estado\/Ej\u00e9rcito (1996) se impuso en el imaginario de los pueblos originarios, en especial a trav\u00e9s de acad\u00e9micos\/consultores ind\u00edgenas, la idea de: \u201cMediante reformas culturales, y ventanillas para pueblos ind\u00edgenas en las instituciones, podemos resolver las hist\u00f3ricas deudas irresueltas con el Estado racista\u201d.<\/p>\n<p>Casi nadie quiso darse cuenta que aquellas llamadas \u201cpol\u00edticas de la diferencia\u201d o \u201cdesigualdad positiva\u201d (multiculturalismo), que soplaban desde los fil\u00f3sofos liberales de Canad\u00e1 y EE.UU., ten\u00edan como finalidad \u201ctranquilizar\u201d, \u201cdistraer\u201d con el floclorismo a los pueblos, en beneficio de los intereses de los agentes del sistema neoliberal que avanzaban hacia los territorios ind\u00edgenas. Y as\u00ed fue.<\/p>\n<p>Ahora, tres d\u00e9cadas despu\u00e9s de la vigencia del multiculturalismo y de la violenta vigencia del neoliberalismo, los estados coloniales, como es el caso de Guatemala, EE.UU., Canad\u00e1\u2026, cierran las ventanillas para ind\u00edgenas y \u201cminor\u00edas \u00e9tnicas\u201d, cierran los programas multiculturalistas, dejan sin fondos, sin bonos, y sin oficinas a ind\u00edgenas acad\u00e9micos bien portados\u2026<\/p>\n<p>Se acab\u00f3 la era del multiculturalismo. Pero queda instalado el sistema neoliberal dispuesto a restaurar incluso un conservadurismo pol\u00edtico econ\u00f3mico violento y ecofascista.<\/p>\n<p><strong>\u00bfQu\u00e9 camino nos queda a los pueblos?<\/strong><\/p>\n<p>Despertar y abandonar el culturalismo apol\u00edtico que los consorcios de ONG instauraron en nuestra psique colectiva y avanzar hacia la organizaci\u00f3n sociopol\u00edtica, m\u00e1s all\u00e1 de los manuales de la izquierda colonial y de la modernidad racista.<\/p>\n<p>El multiculturalismo no volver\u00e1 m\u00e1s. La crisis econ\u00f3mica global no permitir\u00e1 que las oligarqu\u00edas mundiales, en especial euronorteamericanas, gasten dinero en obras de caridad multiculturalista. Ahora, las turbas neofascistas y ecofascistas del colonialismo interno e internacional avanzar\u00e1n por todo y por todas partes. Comienza el tiempo de la incertidumbre recargada.<\/p>\n<p>En estas circunstancias geopol\u00edticas, los pueblos debemos ya no s\u00f3lo pensar en defender el territorio, el agua o los bosques. Debemos dise\u00f1ar y pensar en organizar estados plurinacionales con soberan\u00edas integrales para dinamizar el Buen Vivir en nuestros territorios. Debemos de pensar en una Continente plurinacional. Una Abya Yala Soberana Plurinacional.<\/p>\n<p>Para posibilitar la construcci\u00f3n de los estados plurinacionales debemos construir\/crear nuestras propias organizaciones pol\u00edticas (instrumentos pol\u00edticos), y con estos instrumentos disputar el poder a los ricos, as\u00ed como ya lo hacen en Bolivia y en Guatemala.<\/p>\n<p>Los pueblos, sin articulaci\u00f3n con otros pueblos, no llegaremos lejos. Urge una articulaci\u00f3n regional, continental, de pueblos y movimientos sociopol\u00edticos capaz de hacerle frente en simult\u00e1neo, desde las calles y desde las urnas, al imperialismo, al neoliberalismo y al ecofascismo. Urge fortalecer el espacio de articulaci\u00f3n de una Abya Yala Soberana.<\/p>\n<p>Otro desaf\u00edo constante es el camino m\u00edstico y pedag\u00f3gico hacia adentro que debemos emprender las y los originarios para finalmente matar al miedo y al colonizador que nos habita y nos ata al deseo de la competencia individual, al consumismo y deseo de acumulaci\u00f3n. Si no hacemos esta metano\u00eda, entonces, incluso con la plurinacionalidad habremos reproducido un pa\u00eds y un mundo tan igual o peor en desigualdades coloniales que el que buscamos cambiar.<\/p>\n","protected":false},"excerpt":{"rendered":"<p>Itzamn\u00e1 Ollantay (teleSur, 12-10-22) &nbsp; El 12 de octubre del 2022 nos encuentra no s\u00f3lo en el duelo\/resignaci\u00f3n por la \u201cmuerte f\u00e1ctica del multiculturalismo\u201d asestada por los estados neoliberales, sino tambi\u00e9n la recolonizaci\u00f3n humillante que sufren los pueblos de Europa por parte del decadente Imperio norteamericano. Esta realidad, ahora, se constituye en un imperativo \u00e9tico\/existencial [&hellip;]<\/p>\n","protected":false},"author":1,"featured_media":51587,"comment_status":"open","ping_status":"open","sticky":false,"template":"","format":"standard","meta":{"footnotes":""},"categories":[14,12],"tags":[],"class_list":["post-51586","post","type-post","status-publish","format-standard","has-post-thumbnail","hentry","category-internacionales","category-politica-3"],"_links":{"self":[{"href":"https:\/\/debateplural.net\/site\/wp-json\/wp\/v2\/posts\/51586"}],"collection":[{"href":"https:\/\/debateplural.net\/site\/wp-json\/wp\/v2\/posts"}],"about":[{"href":"https:\/\/debateplural.net\/site\/wp-json\/wp\/v2\/types\/post"}],"author":[{"embeddable":true,"href":"https:\/\/debateplural.net\/site\/wp-json\/wp\/v2\/users\/1"}],"replies":[{"embeddable":true,"href":"https:\/\/debateplural.net\/site\/wp-json\/wp\/v2\/comments?post=51586"}],"version-history":[{"count":1,"href":"https:\/\/debateplural.net\/site\/wp-json\/wp\/v2\/posts\/51586\/revisions"}],"predecessor-version":[{"id":51588,"href":"https:\/\/debateplural.net\/site\/wp-json\/wp\/v2\/posts\/51586\/revisions\/51588"}],"wp:featuredmedia":[{"embeddable":true,"href":"https:\/\/debateplural.net\/site\/wp-json\/wp\/v2\/media\/51587"}],"wp:attachment":[{"href":"https:\/\/debateplural.net\/site\/wp-json\/wp\/v2\/media?parent=51586"}],"wp:term":[{"taxonomy":"category","embeddable":true,"href":"https:\/\/debateplural.net\/site\/wp-json\/wp\/v2\/categories?post=51586"},{"taxonomy":"post_tag","embeddable":true,"href":"https:\/\/debateplural.net\/site\/wp-json\/wp\/v2\/tags?post=51586"}],"curies":[{"name":"wp","href":"https:\/\/api.w.org\/{rel}","templated":true}]}}