{"id":51589,"date":"2022-10-12T14:37:38","date_gmt":"2022-10-12T18:37:38","guid":{"rendered":"https:\/\/debateplural.com\/inicio\/?p=51589"},"modified":"2022-10-12T14:37:38","modified_gmt":"2022-10-12T18:37:38","slug":"tamara-falco-o-como-una-ultraderechista-espanola-se-convirtio-en-una-estrella-mediatica","status":"publish","type":"post","link":"https:\/\/debateplural.net\/site\/2022\/10\/12\/tamara-falco-o-como-una-ultraderechista-espanola-se-convirtio-en-una-estrella-mediatica\/","title":{"rendered":"Tamara Falc\u00f3 o c\u00f3mo una ultraderechista espa\u00f1ola se convirti\u00f3 en una estrella medi\u00e1tica"},"content":{"rendered":"<p>Luis Gonzalo Segura (Russia Today, 11-10-22)<\/p>\n<p>&nbsp;<\/p>\n<p>Controlar la mente,\u00a0<em>hackear<\/em>\u00a0literalmente los cerebros, fue un proyecto de los servicios de inteligencia norteamericanos que recibi\u00f3 el nombre de 'MK-Ultra'. Eran los a\u00f1os 1950 y, aunque la propaganda y la desinformaci\u00f3n hab\u00edan alcanzado unas cotas inimaginables unas d\u00e9cadas antes, hab\u00eda una parte de la humanidad que se resist\u00eda. Y no solo porque existiera un mundo bipolar en el mapamundi, sino porque la confrontaci\u00f3n ideol\u00f3gica acontec\u00eda en cada esquina, en cada f\u00e1brica, en cada bar. Todav\u00eda no hab\u00eda ca\u00eddo el Tel\u00f3n de Acero ni hab\u00edan llegado los grandes gigantes tecnol\u00f3gicos (Facebook, Google, Amazon, Apple y Microsoft) que convertir\u00edan las enso\u00f1aciones de la CIA en una t\u00e9trica realidad sin que la CIA estuviera detr\u00e1s: ahora el Gobierno son ellos. Basta con que sustituyan 'MK-Ultra' por 'Cambridge Analytica' y habr\u00e1n abierto una puerta que va mucho m\u00e1s all\u00e1 de influir en el voto de los incautos ciudadanos.\u00a0<strong>El Gran Hermano Capitalista lo escucha casi todo, lo sabe casi todo.<\/strong>\u00a0E incluso es capaz de predecirlo.<\/p>\n<p>Quiz\u00e1s por ello, desde hace un tiempo pasamos por alto el demencial\u00a0<em>hackeo<\/em>\u00a0masivo de cerebros que acontece en los medios de comunicaci\u00f3n tradicionales como la televisi\u00f3n. Y sin que haya un solo canal, sino con cientos de miles de canales de televisi\u00f3n en todo el mundo enfocados a un p\u00fablico reducido para que este no perciba que est\u00e1 siendo enga\u00f1ado de forma masiva. Canales y programas a la carta en los que se esconde una realidad incontestable. Una prueba de este lavado masivo de cerebros en las televisiones y medios espa\u00f1oles tiene nombre y apellidos ilustres: Tamara Falc\u00f3.<\/p>\n<h3>La televisi\u00f3n, ente de desinformaci\u00f3n masivo<\/h3>\n<p>Encender el televisor es una acci\u00f3n cotidiana en Espa\u00f1a \u2014y en muchas partes del planeta\u2014, donde el 77 % de las personas ve la televisi\u00f3n todos o casi todos los d\u00edas a trav\u00e9s de un televisor. Si a\u00f1adimos otro tipo de aparatos, como m\u00f3viles, tablets u ordenadores, la cifra se acercar\u00e1 a la totalidad. Y no es una excepci\u00f3n, pues hay pa\u00edses en los que el porcentaje es todav\u00eda mayor. Para la mayor\u00eda de las personas que habitan Occidente \u2014y gran parte del planeta\u2014 ser\u00eda casi impensable no sentarse en el sof\u00e1 y encender la televisi\u00f3n despu\u00e9s de un agotador d\u00eda de trabajo, limpiar el hogar con la televisi\u00f3n de fondo, comer o cenar visionando el noticiero diario o ese programa favorito que parece m\u00e1s imprescindible que el almuerzo o ver el evento deportivo que desata las pasiones y ocupa las mentes.\u00a0<strong>Hay gente para casi todo, menos para apagar la televisi\u00f3n<\/strong>.<\/p>\n<p>Y, aunque Espa\u00f1a es el segundo pa\u00eds de Europa con m\u00e1s cadenas de televisi\u00f3n, con 1.180, solo por detr\u00e1s de Reino Unido, que cuenta con 1.220, lo cierto es que la mayor\u00eda de los espa\u00f1oles ven los canales de televisi\u00f3n que pertenecen al duopolio que controla los medios de comunicaci\u00f3n espa\u00f1oles:\u00a0<strong>Mediaset y Atresmedia<\/strong>. Tal es el control que ambos grupos ofertan un canal m\u00e1s progresista y otro m\u00e1s conservador, aunque en el caso de Mediaset el matiz ideol\u00f3gico queda bastante m\u00e1s diluido en un contexto circense que en el caso de Atresmedia. Pero da igual: si no fueran ellos, ser\u00edan otros.<\/p>\n<h3>La estrella medi\u00e1tica es la ultraderecha<\/h3>\n<p>En ambos casos, como en la mayor\u00eda de los medios de comunicaci\u00f3n espa\u00f1oles, la indiscutible estrella medi\u00e1tica es la ultraderecha. No es que ellos marquen la agenda pol\u00edtica, es que ellos son la agenda pol\u00edtica. Que los ultraderechistas se manifiestan en las calles contra el confinamiento, ah\u00ed van las c\u00e1maras de televisi\u00f3n a cubrir el evento e informar de este evento con una exhaustividad que ya quisieran para s\u00ed las manifestaciones por la Memoria Democr\u00e1tica o la restauraci\u00f3n de la Monarqu\u00eda. Y eso que, cr\u00e9anme porque lo he vivido en persona, en m\u00e1s de una ocasi\u00f3n las manifestaciones de los ultras las conforman cuatro y un amigo. Pero son ellos los que marcan la agenda medi\u00e1tica, las estrellas. Como Tamara Falc\u00f3.<\/p>\n<p>La marquesa de Gri\u00f1\u00f3n es una de tantas ultraderechistas que\u00a0<strong>ocupan espacios privilegiados en la sociedad madrile\u00f1a<\/strong>\u00a0\u2014s\u00ed, Tamara Falc\u00f3 es marquesa, \u00a1qu\u00e9 cosas!\u2014. As\u00ed que, si se casa, sale en los medios de comunicaci\u00f3n; si la enga\u00f1an, sale en los medios de comunicaci\u00f3n; y si dispensa una charla hom\u00f3foba, sale en los medios de comunicaci\u00f3n.\u00a0<strong>Es un\u00a0<em>pack<\/em>\u00a0ultraderechista de lo m\u00e1s completo: guapa, dulce, elegante, refinada, conservadora, antiabortista, ultracat\u00f3lica y hom\u00f3foba<\/strong>. La mayor\u00eda, hombres o mujeres, seg\u00fan conveniencia, se quedan con lo primero o lo segundo, pero reciben el lote completo.<\/p>\n<p>Habr\u00e1 quien afirme, con parte de raz\u00f3n, que si sale en televisi\u00f3n es porque interesa o es una persona que tiene un don especial y resulta simp\u00e1tica a la audiencia. Pero lo cierto es que si sale en televisi\u00f3n es porque es ultraderechista. No es que se trate de ella, hubiera valido cualquiera, pero el requisito es que fuera de la casa.<\/p>\n<p>Porque, preg\u00fantese, \u00bfsaldr\u00eda en los medios y resultar\u00eda tan simp\u00e1tica Tamara Falc\u00f3 si, en lugar de considerar a los homosexuales como desviados o exhibiera las ideas ultraderechistas que exhibe, afirmase en p\u00fablico que Juan Carlos es un delincuente al que habr\u00eda que meter en prisi\u00f3n, Espa\u00f1a es un pa\u00eds de ra\u00edces franquistas que merece unos 'Juicios de Nuremberg' o periodistas como Ferreras o Ana Rosa Quintana son indecentes sicarios medi\u00e1ticos de las cloacas del Establishment espa\u00f1ol? Es evidente que no. Ser\u00eda condenada al ostracismo como le ocurri\u00f3 a Willy Toledo.<\/p>\n<p>La estructura ultraderechista espa\u00f1ola<br \/>\nEn Espa\u00f1a hay una t\u00e9trica alineaci\u00f3n entre todos los poderes del Estado con la ultraderecha porque, hasta cuando parece que se oponen a la ultraderecha, realmente forman parte de ella. Espa\u00f1a es un edificio con una estructura ultraderechista cuya fachada ha sido pintada de un colorido democracia plena. Un par de ejemplos, acaecidos en los \u00faltimos d\u00edas, lo dejan en evidencia.<\/p>\n<p>En primer lugar, los gritos machistas y neonazis de los chicos del\u00a0<a href=\"https:\/\/actualidad-rt.com\/actualidad\/443896-acoso-machista-colegio-mayor-madrid\" target=\"_blank\" rel=\"noopener noreferrer\">Colegio Mayor de El\u00edas Ah\u00faja<\/a>\u00a0a las chicas del Colegio Mayor Santa M\u00f3nica. Los chicos gritaron a las chicas\u00a0<strong>salvajadas machistas absolutamente intolerables e insoportables<\/strong>\u00a0como \"Putas, salid de vuestra madriguera como conejas, sois unas putas ninf\u00f3manas, os prometo que vais a follar todas en la capea\". Sin embargo, tuvo que ser la embajadora alemana en Espa\u00f1a la que alert\u00f3 de que el incidente excede, con mucho, el acoso machista, por muy repugnante que fuera: \"Es deleznable con las mujeres y los saludos hitlerianos y c\u00e1nticos nacionalsocialistas proferidos atentan contra la memoria de millones de v\u00edctimas de un r\u00e9gimen atroz\".<\/p>\n<p>En la mayor\u00eda de los medios espa\u00f1oles esta cuesti\u00f3n se trat\u00f3 como menor, si es que se trat\u00f3 \u2014ejemplo: \"El machismo y la ret\u00f3rica del cazador\", de Milagros P\u00e9rez Oliva, en\u00a0<em>El Pa\u00eds<\/em>\u2014. Sin menoscabar el repugnante acto machista, \u00bfc\u00f3mo pueden haber quedado oscurecidas las expresiones nazis y los saludos hitlerianos? Seguramente porque Espa\u00f1a est\u00e1 demasiado acostumbrada a la trivializaci\u00f3n de estos, porque personas como Tamara Falc\u00f3 desfilan por los fotogramas televisivos hasta el cerebro de los incautos televidentes.<\/p>\n<p>Un ejemplo de ello lo encontramos en\u00a0<em>La Sexta<\/em>, quiz\u00e1s el canal de televisi\u00f3n m\u00e1s progresista del espectro medi\u00e1tico espa\u00f1ol. Este canal da voz al\u00a0<strong>general Rafael D\u00e1vila como analista<\/strong>. Este general retirado es hijo y nieto de generales franquistas. Pero, aunque la genealog\u00eda es probable que tenga mucho que ver con sus acciones, no se le juzga por ello. El general D\u00e1vila escribi\u00f3 una carta abierta en\u00a0<em>ABC<\/em>\u00a0a Manuela Carmena en el a\u00f1o 2015 de repulsa por el cambio de la calle de su abuelo y a\u00f1os despu\u00e9s, en 2021, public\u00f3 un libro sobre la Guerra Civil en el Norte de Espa\u00f1a. En el mismo asevera que la destrucci\u00f3n de Gernika e Ir\u00fan no fue provocada por los bombardeos nazis y fascistas, sino por \"los rojos\". Una atrocidad que en Alemania ser\u00eda delictiva, pero que en Espa\u00f1a te proporciona un pasaporte para las cadenas de televisi\u00f3n, incluida la de \"los rojos\",\u00a0<em>La Sexta<\/em>\u00a0(tambi\u00e9n apareci\u00f3 en\u00a0<em>Antena 3<\/em>\u00a0o los diarios\u00a0<em>El Mundo, El Confidencial\u00a0<\/em>y<em>\u00a020 Minutos<\/em>).<\/p>\n<p>Entre la carta abierta y el libro, no tuvo otra ocurrencia que promocionar la asociaci\u00f3n legionaria del neonazi Joachim Fiebelkorn, lo que ya relatamos aqu\u00ed en el pasado. Un neonazi que fue compa\u00f1ero de fatigas del nazi Klaus Barbi, conocido como 'el Carnicero de Lyon'. Cada vez que Rafael D\u00e1vila aparece en televisi\u00f3n consigue legitimarse y consolidarse como experto, lo que, obviamente, le permite vender m\u00e1s libros. Libros que difunden sus ideas negacionistas sobre los cr\u00edmenes nazis, fascistas y franquistas y que llegan hasta la mente de los progresistas que ven La Sexta pensando que es lo m\u00e1s progresista que hay en Espa\u00f1a sin percatarse que pertenecen al mismo due\u00f1o que la cadena m\u00e1s conservadora del pa\u00eds de las cuatro m\u00e1s importantes, Antena 3.<\/p>\n<p>De la misma manera, cada vez que Tamara Falc\u00f3 aparece en televisi\u00f3n consigue legitimidad y promoci\u00f3n. Promoci\u00f3n para difundir sus ideas ultraderechistas. Y ello es posible porque las \u00e9lites espa\u00f1olas, en sus entra\u00f1as y sus ra\u00edces, siguen siendo ultraderechistas. Siguen siendo esos j\u00f3venes cuyas canciones y rituales fomentan la cultura de la violaci\u00f3n y las ideas m\u00e1s reaccionarias, aunque ya mayores y de formas m\u00e1s moderadas, como el ex pol\u00edtico del Partido Popular Pablo Casado, el excoronel guardia civil P\u00e9rez de los Cobos o Javier Tebas, actual presidente de la Liga de F\u00fatbol Profesional. Y, por supuesto, porque los ultraderechistas son las estrellas medi\u00e1ticas de la televisi\u00f3n espa\u00f1ola.<\/p>\n<p>En Espa\u00f1a \u2014como en el resto de Occidente\u2014 no hay militares tramando c\u00f3mo controlar la mente que est\u00e9n entrenando c\u00f3mo atravesar una pared o c\u00f3mo matar a una cabra con su mirada. Las \u00e9lites descubrieron que no era necesario llegar a tanto. \u00bfPara qu\u00e9 matar a las cabras con una mirada si puedes convertir a la humanidad en un reba\u00f1o con un mando a distancia?<\/p>\n","protected":false},"excerpt":{"rendered":"<p>Luis Gonzalo Segura (Russia Today, 11-10-22) &nbsp; Controlar la mente,\u00a0hackear\u00a0literalmente los cerebros, fue un proyecto de los servicios de inteligencia norteamericanos que recibi\u00f3 el nombre de 'MK-Ultra'. Eran los a\u00f1os 1950 y, aunque la propaganda y la desinformaci\u00f3n hab\u00edan alcanzado unas cotas inimaginables unas d\u00e9cadas antes, hab\u00eda una parte de la humanidad que se resist\u00eda. [&hellip;]<\/p>\n","protected":false},"author":1,"featured_media":51590,"comment_status":"open","ping_status":"open","sticky":false,"template":"","format":"standard","meta":{"footnotes":""},"categories":[14,12],"tags":[],"class_list":["post-51589","post","type-post","status-publish","format-standard","has-post-thumbnail","hentry","category-internacionales","category-politica-3"],"_links":{"self":[{"href":"https:\/\/debateplural.net\/site\/wp-json\/wp\/v2\/posts\/51589"}],"collection":[{"href":"https:\/\/debateplural.net\/site\/wp-json\/wp\/v2\/posts"}],"about":[{"href":"https:\/\/debateplural.net\/site\/wp-json\/wp\/v2\/types\/post"}],"author":[{"embeddable":true,"href":"https:\/\/debateplural.net\/site\/wp-json\/wp\/v2\/users\/1"}],"replies":[{"embeddable":true,"href":"https:\/\/debateplural.net\/site\/wp-json\/wp\/v2\/comments?post=51589"}],"version-history":[{"count":1,"href":"https:\/\/debateplural.net\/site\/wp-json\/wp\/v2\/posts\/51589\/revisions"}],"predecessor-version":[{"id":51591,"href":"https:\/\/debateplural.net\/site\/wp-json\/wp\/v2\/posts\/51589\/revisions\/51591"}],"wp:featuredmedia":[{"embeddable":true,"href":"https:\/\/debateplural.net\/site\/wp-json\/wp\/v2\/media\/51590"}],"wp:attachment":[{"href":"https:\/\/debateplural.net\/site\/wp-json\/wp\/v2\/media?parent=51589"}],"wp:term":[{"taxonomy":"category","embeddable":true,"href":"https:\/\/debateplural.net\/site\/wp-json\/wp\/v2\/categories?post=51589"},{"taxonomy":"post_tag","embeddable":true,"href":"https:\/\/debateplural.net\/site\/wp-json\/wp\/v2\/tags?post=51589"}],"curies":[{"name":"wp","href":"https:\/\/api.w.org\/{rel}","templated":true}]}}