{"id":5161,"date":"2016-05-02T12:34:53","date_gmt":"2016-05-02T16:34:53","guid":{"rendered":"http:\/\/debateplural.com\/?p=5161"},"modified":"2016-06-23T13:44:43","modified_gmt":"2016-06-23T13:44:43","slug":"reclutando-yihadistas-en-el-paraiso-el-estado-islamico-busca-combatientes-en-islas-del-caribe","status":"publish","type":"post","link":"https:\/\/debateplural.net\/site\/2016\/05\/02\/reclutando-yihadistas-en-el-paraiso-el-estado-islamico-busca-combatientes-en-islas-del-caribe\/","title":{"rendered":"Reclutando yihadistas en 'el para\u00edso': El Estado Isl\u00e1mico busca combatientes en islas del Caribe"},"content":{"rendered":"<div id=\"attachment_5114\" style=\"width: 715px\" class=\"wp-caption aligncenter\"><img loading=\"lazy\" decoding=\"async\" aria-describedby=\"caption-attachment-5114\" class=\"size-full wp-image-5114\" src=\"http:\/\/tripletecnologia.com\/website\/debateplural\/wp-content\/uploads\/2016\/05\/un-miembro-del-estado-islc3a1mico-con-una-bandera-de-la-organizacic3b3n-terrorista-en-la-localidad-siria-de-raqa-el-29-de-junio-de-2014-1.jpg\" alt=\"Un miembro del Estado Isl\u00e1mico con una bandera de la organizaci\u00f3n terrorista en la localidad siria de Raqa el 29 de junio de 2014\" width=\"705\" height=\"397\" \/><p id=\"caption-attachment-5114\" class=\"wp-caption-text\">Un miembro del Estado Isl\u00e1mico con una bandera de la organizaci\u00f3n terrorista en la localidad siria de Raqa el 29 de junio de 2014<\/p><\/div>\n<p style=\"text-align:justify;\">Se cree que al menos un centenar de personas de Trinidad y Tobago ya se habr\u00edan alistado en las filas del grupo terrorista para combatir en Siria.<!--more--><\/p>\n<p style=\"text-align:justify;\">La organizaci\u00f3n terrorista\u00a0<a href=\"http:\/\/localhost\/debateplural\/tag\/estado-islamico\">Estado Isl\u00e1mico<\/a>\u00a0estar\u00eda enviando a algunos de sus combatientes a populares centros vacacionales como las islas Maldivas, Mauricio y la caribe\u00f1a Trinidad y Tobago, con el objetivo de reclutar j\u00f3venes para que combatan en Siria, informa Daily Express.<\/p>\n<p style=\"text-align:justify;\">Arthur Snell, del Alto Comisionado Brit\u00e1nico de Trinidad y Tobago, afirma que al menos un centenar de personas de esta rep\u00fablica caribe\u00f1a se han unido a las filas de los terroristas en <a href=\"http:\/\/localhost\/debateplural\/tag\/oriente-medio\">Oriente Medio<\/a>.<\/p>\n<p style=\"text-align:justify;\">Muchas de las v\u00edctimas de la propaganda yihadista son j\u00f3venes de \"familias desestructuradas, expuestos a la violencia de las bandas y con escasas oportunidades educativas\", explic\u00f3.<\/p>\n<p style=\"text-align:justify;\">Por su parte, el general de Marina estadounidense, John Kelly, ha admitido que las fuerzas del orden trinitenses son incapaces de pararle los pies a los yihadistas.<\/p>\n<p style=\"text-align:justify;\">\"Incluso una de estas manzanas podridas puede provocar un tremendo da\u00f1o en el Caribe, puesto que all\u00ed no se tienen cuerpos como el FBI ni leyes como las que tenemos en <a href=\"http:\/\/localhost\/debateplural\/tag\/estados-unidos\">Estados Unidos<\/a>\", advirti\u00f3 el militar.<\/p>\n<p style=\"text-align:justify;\">El pasado noviembre apareci\u00f3 de Internet un v\u00eddeo del Estado Isl\u00e1mico, en el que se llamaba a la insurgencia a los habitantes de Trinidad y Tobago para formar un califato yihadista en esta isla paradis\u00edaca, recoge Daily Express.<\/p>\n","protected":false},"excerpt":{"rendered":"<p>Se cree que al menos un centenar de personas de Trinidad y Tobago ya se habr\u00edan alistado en las filas del grupo terrorista para combatir en Siria.<\/p>\n","protected":false},"author":1,"featured_media":6728,"comment_status":"open","ping_status":"open","sticky":false,"template":"","format":"standard","meta":{"footnotes":""},"categories":[14,12],"tags":[54,8,70,41],"class_list":["post-5161","post","type-post","status-publish","format-standard","has-post-thumbnail","hentry","category-internacionales","category-politica-3","tag-estado-islamico","tag-estados-unidos","tag-oriente-medio","tag-siria"],"_links":{"self":[{"href":"https:\/\/debateplural.net\/site\/wp-json\/wp\/v2\/posts\/5161"}],"collection":[{"href":"https:\/\/debateplural.net\/site\/wp-json\/wp\/v2\/posts"}],"about":[{"href":"https:\/\/debateplural.net\/site\/wp-json\/wp\/v2\/types\/post"}],"author":[{"embeddable":true,"href":"https:\/\/debateplural.net\/site\/wp-json\/wp\/v2\/users\/1"}],"replies":[{"embeddable":true,"href":"https:\/\/debateplural.net\/site\/wp-json\/wp\/v2\/comments?post=5161"}],"version-history":[{"count":1,"href":"https:\/\/debateplural.net\/site\/wp-json\/wp\/v2\/posts\/5161\/revisions"}],"predecessor-version":[{"id":6729,"href":"https:\/\/debateplural.net\/site\/wp-json\/wp\/v2\/posts\/5161\/revisions\/6729"}],"wp:featuredmedia":[{"embeddable":true,"href":"https:\/\/debateplural.net\/site\/wp-json\/wp\/v2\/media\/6728"}],"wp:attachment":[{"href":"https:\/\/debateplural.net\/site\/wp-json\/wp\/v2\/media?parent=5161"}],"wp:term":[{"taxonomy":"category","embeddable":true,"href":"https:\/\/debateplural.net\/site\/wp-json\/wp\/v2\/categories?post=5161"},{"taxonomy":"post_tag","embeddable":true,"href":"https:\/\/debateplural.net\/site\/wp-json\/wp\/v2\/tags?post=5161"}],"curies":[{"name":"wp","href":"https:\/\/api.w.org\/{rel}","templated":true}]}}