{"id":51764,"date":"2022-10-28T12:04:31","date_gmt":"2022-10-28T16:04:31","guid":{"rendered":"https:\/\/debateplural.com\/inicio\/?p=51764"},"modified":"2022-10-28T12:04:31","modified_gmt":"2022-10-28T16:04:31","slug":"la-cop27-y-el-proposito-de-pasar-de-las-promesas-incumplidas-a-las-acciones","status":"publish","type":"post","link":"https:\/\/debateplural.net\/site\/2022\/10\/28\/la-cop27-y-el-proposito-de-pasar-de-las-promesas-incumplidas-a-las-acciones\/","title":{"rendered":"La COP27 y el prop\u00f3sito de pasar de las promesas incumplidas a las acciones"},"content":{"rendered":"<p>Hisham Sallam (IPS, 28-10-22)<\/p>\n<p>&nbsp;<\/p>\n<p>La cuenta atr\u00e1s para la\u00a0<a href=\"https:\/\/unfccc.int\/es\/cop27?gclid=Cj0KCQjw48OaBhDWARIsAMd966C11xh7PqWGXgwADSOrcRMRSYZ55OshjbsWR1MNd_Bc6X5bcE-pUScaAr0FEALw_wcB\">27 Conferencia de las Partes<\/a>\u00a0(COP27) sobre cambio clim\u00e1tico, que tendr\u00e1 lugar en Egipto, del 6 al 18 de noviembre, ha comenzado y la pregunta es si esta cumbre anual dar\u00e1 comienzo a una nueva era en el cumplimiento de los compromisos con el Sur global para que sus pa\u00edses puedan adaptarse y mitigar los impactos de la crisis.<\/p>\n<p>La cumbre congregar\u00e1 entre el 6 al 18 de noviembre en la ciudad balnearia de Sharm el Sheij a l\u00edderes mundiales, altos funcionarios de la Organizaci\u00f3n de las Naciones Unidas (ONU), negociadores de los gobiernos y miles de activistas medioambientales de todo el mundo.<\/p>\n<p>Unos 90 jefes de Estado y de gobierno de las 197 pa\u00edses y otras partes de la\u00a0<a href=\"https:\/\/unfccc.int\/es\">Convenci\u00f3n Marco de las Naciones Unidas sobre Cambio Clim\u00e1tico<\/a>\u00a0(CMNUCC) confirmaron su comparecencia en la cumbre, que debe tomar nuevas medidas para limitar el impacto de la actividad humana en el clima, seg\u00fan el representante especial de la presidencia egipcia para la COP27.<\/p>\n<p>Amr Abdel Aziz, director de Mitigaci\u00f3n del Ministerio de Medio Ambiente de Egipto, se\u00f1al\u00f3 que el tema central de la COP27 es la aplicaci\u00f3n de las medidas ya comprometidas y que siguen pendientes de cumplimiento.<\/p>\n<p>\u201cEsperamos demostrar c\u00f3mo es eso en t\u00e9rminos de mitigaci\u00f3n y adaptaci\u00f3n. Si la cumbre puede abordar el tema de la aplicaci\u00f3n en todos sus debates, ser\u00e1 una se\u00f1al de su \u00e9xito\u00bb, dijo Abdel Aziz en di\u00e1logo con IPS.<\/p>\n<p>El objetivo principal de la COP27 es lograr resultados positivos en cuanto a la reducci\u00f3n de emisiones; en el orden del d\u00eda figura tambi\u00e9n un debate sobre la financiaci\u00f3n de las p\u00e9rdidas y los da\u00f1os.<\/p>\n<p>\u201cTambi\u00e9n tenemos la intenci\u00f3n de avanzar en la agenda para duplicar la financiaci\u00f3n de la adaptaci\u00f3n al clima para 2025 y llegar a un acuerdo sobre la promesa financiera de 100 000 millones de d\u00f3lares (anuales) incumplida por los pa\u00edses desarrollados\u00bb para las naciones del Sur en desarrollo, dijo Abdel Aziz.<\/p>\n<p>El objetivo general de los anfitriones es lograr un equilibrio entre los intereses de todas las partes.<\/p>\n<p>El programa de mitigaci\u00f3n, por ejemplo, est\u00e1 impulsado principalmente por los pa\u00edses del Norte industrial y los peque\u00f1os estados insulares en desarrollo (Peid), que ya est\u00e1n experimentando graves impactos del cambio clim\u00e1tico.<\/p>\n<p>Por otro lado, los mercados emergentes son los principales responsables de los ajustes, las p\u00e9rdidas y los da\u00f1os.<\/p>\n<p>\u201cNuestro objetivo es lograr un resultado equilibrado que cumpla todas estas metas y objetivos\u201d, continu\u00f3 el coordinador egipcio de la COP27.<\/p>\n<p>Cit\u00f3 como ejemplo de los esfuerzos para afrontar la crisis clim\u00e1tica al pa\u00eds anfitri\u00f3n, donde, explic\u00f3 Abdel Aziz,\u00a0 \u00abquer\u00edamos cubrir la mayor parte posible de las emisiones totales\u201d. Por ello, a\u00f1adi\u00f3, \u201cnos centramos en tres sectores: energ\u00eda, petr\u00f3leo y gas, y transporte. Tambi\u00e9n hemos elegido las industrias con m\u00e1s posibilidades de reducir las emisiones\u00bb.<\/p>\n<p>El funcionario egipcio \u00a0se mostr\u00f3 optimista sobre el cumplimiento de los objetivos, especialmente en el sector del transporte, que podr\u00eda incluso ser superados, \u00a0ya que se han producido avances significativos, incluso en el \u00e1mbito de la \u00abelectrificaci\u00f3n del transporte y otras formas de movilidad sostenible\u00bb.<\/p>\n<p>Las principales prioridades de la cumbre son alcanzar los objetivos del Acuerdo de Par\u00eds y avanzar en la lucha contra el cambio clim\u00e1tico, para que se cumpla el objetivo de las investigaciones cient\u00edficas de limitar el calentamiento global a 1,5\u00b0 C para 2030. Para ello es necesario reducir las emisiones de gases de efecto invernadero a la mitad para entonces.<\/p>\n<p>\u201cPara que esto ocurra, debe haber financiaci\u00f3n para el clima\u00bb, dijo a IPS el director del programa de la 17 Conferencia Anual de la Juventud (COY17), Hossam Imam.<\/p>\n<p>La COY17 es organizada por el grupo oficial de j\u00f3venes dentro de la CMNUCC, conocido como \u00a0\u201c<a href=\"http:\/\/www.youngo.uno\/about\/\">Participaci\u00f3n de los j\u00f3venes en la acci\u00f3n mundial<\/a>\u201d (Youngo, en ingl\u00e9s). El encuentro de este a\u00f1o tendr\u00e1 lugar como una de las actividades paralelas de las sesiones oficiales de la COP27 en Sharm el Sheij.<\/p>\n<p>En esa cita 1500 j\u00f3venes de 140 pa\u00edses redactar\u00e1n la declaraci\u00f3n de los j\u00f3venes, que ser\u00e1 entregada a la presidencia de la Cumbre del Clima y debatida por los delegados gubernamentales.<\/p>\n<p>\u201cEl impacto del cambio clim\u00e1tico sobre los pueblos ind\u00edgenas y los habitantes de las ciudades costeras que se enfrentan a las inundaciones es uno de los temas m\u00e1s urgentes que se abordar\u00e1n en la COY17\u201d, dijo Imam.<\/p>\n<p>El activista medioambiental Ahmed Fathy dijo a IPS que el obst\u00e1culo m\u00e1s importante para que los pa\u00edses en desarrollo alcancen sus objetivos clim\u00e1ticos es la \u00abfalta de financiaci\u00f3n adecuada de los pa\u00edses desarrollados\u00bb.<\/p>\n<p>Y, a pesar de a\u00f1os de incumplimiento de los compromisos adquiridos, \u00a0remarc\u00f3 que \u201cla financiaci\u00f3n de la adaptaci\u00f3n sigue siendo una prioridad absoluta para los pa\u00edses en desarrollo. Sin ella, los pa\u00edses en desarrollo no pueden combatir y mitigar los efectos del cambio clim\u00e1tico\u201d.<\/p>\n<p>El valle y el delta del Nilo, donde reside cerca de 95 % de la poblaci\u00f3n egipcia, solo representan \u00a04 % de la superficie natural del pa\u00eds. Se prev\u00e9 que el cambio clim\u00e1tico ejerza presi\u00f3n sobre estas zonas, especialmente el propio curso fluvial, y la regi\u00f3n podr\u00eda sufrir sequ\u00edas m\u00e1s frecuentes.<\/p>\n<p>\u201cEgipto es tambi\u00e9n uno de los pocos pa\u00edses que luchan contra la escasez cr\u00f3nica de agua\u00bb, a\u00f1adi\u00f3 Fathy.<\/p>\n<p>Este fundador de la organizaci\u00f3n \u201cLa Juventud Ama a Egipto analiz\u00f3 que \u201cel mundo se enfrenta a varios problemas econ\u00f3micos adem\u00e1s de la crisis energ\u00e9tica\u201d, pero pese a eso \u201cesperamos que la conferencia produzca propuestas viables\u00bb.<\/p>\n<p>\u201cEsperamos que la cumbre produzca una carta viable y que sea una COP de acciones en lugar de una COP de promesas\u201d, concluy\u00f3 el tambi\u00e9n miembro de Youngo y uno de los organizadores de la COY17.<\/p>\n","protected":false},"excerpt":{"rendered":"<p>Hisham Sallam (IPS, 28-10-22) &nbsp; La cuenta atr\u00e1s para la\u00a027 Conferencia de las Partes\u00a0(COP27) sobre cambio clim\u00e1tico, que tendr\u00e1 lugar en Egipto, del 6 al 18 de noviembre, ha comenzado y la pregunta es si esta cumbre anual dar\u00e1 comienzo a una nueva era en el cumplimiento de los compromisos con el Sur global para [&hellip;]<\/p>\n","protected":false},"author":1,"featured_media":51765,"comment_status":"open","ping_status":"open","sticky":false,"template":"","format":"standard","meta":{"footnotes":""},"categories":[13,12],"tags":[],"class_list":["post-51764","post","type-post","status-publish","format-standard","has-post-thumbnail","hentry","category-medio-ambiente","category-politica-3"],"_links":{"self":[{"href":"https:\/\/debateplural.net\/site\/wp-json\/wp\/v2\/posts\/51764"}],"collection":[{"href":"https:\/\/debateplural.net\/site\/wp-json\/wp\/v2\/posts"}],"about":[{"href":"https:\/\/debateplural.net\/site\/wp-json\/wp\/v2\/types\/post"}],"author":[{"embeddable":true,"href":"https:\/\/debateplural.net\/site\/wp-json\/wp\/v2\/users\/1"}],"replies":[{"embeddable":true,"href":"https:\/\/debateplural.net\/site\/wp-json\/wp\/v2\/comments?post=51764"}],"version-history":[{"count":1,"href":"https:\/\/debateplural.net\/site\/wp-json\/wp\/v2\/posts\/51764\/revisions"}],"predecessor-version":[{"id":51766,"href":"https:\/\/debateplural.net\/site\/wp-json\/wp\/v2\/posts\/51764\/revisions\/51766"}],"wp:featuredmedia":[{"embeddable":true,"href":"https:\/\/debateplural.net\/site\/wp-json\/wp\/v2\/media\/51765"}],"wp:attachment":[{"href":"https:\/\/debateplural.net\/site\/wp-json\/wp\/v2\/media?parent=51764"}],"wp:term":[{"taxonomy":"category","embeddable":true,"href":"https:\/\/debateplural.net\/site\/wp-json\/wp\/v2\/categories?post=51764"},{"taxonomy":"post_tag","embeddable":true,"href":"https:\/\/debateplural.net\/site\/wp-json\/wp\/v2\/tags?post=51764"}],"curies":[{"name":"wp","href":"https:\/\/api.w.org\/{rel}","templated":true}]}}