{"id":51775,"date":"2022-10-28T12:45:56","date_gmt":"2022-10-28T16:45:56","guid":{"rendered":"https:\/\/debateplural.com\/inicio\/?p=51775"},"modified":"2022-10-28T12:45:56","modified_gmt":"2022-10-28T16:45:56","slug":"guerra-propaganda-y-ceguera","status":"publish","type":"post","link":"https:\/\/debateplural.net\/site\/2022\/10\/28\/guerra-propaganda-y-ceguera\/","title":{"rendered":"Guerra, propaganda y ceguera"},"content":{"rendered":"<p>Thierry Meyssan (Red Voltaire, 25-10-22)<\/p>\n<p>&nbsp;<\/p>\n<p class=\"lettrine\">Cuando estalla una guerra, los gobiernos siempre se creen obligados a elevar la moral de la \u200epoblaci\u00f3n inund\u00e1ndola de propaganda. Lo que est\u00e1 en juego es tan importante, la vida y la \u200emuerte, que los debates se polarizan y aparecen inevitablemente las posiciones extremas. Eso es \u200eexactamente lo que estamos viviendo en Europa. Y las ideas que defienden unos y otros no tienen nada \u200eque ver con sus tendencias ideol\u00f3gicas sino con su grado de proximidad con el poder. \u200e<\/p>\n<p>En el sentido etimol\u00f3gico, la propaganda es s\u00f3lo el arte de convencer, de propagar ideas. Pero en \u200ela \u00e9poca moderna, es principalmente una forma de manipular la realidad para denigrar al \u200eadversario y glorificar a las tropas de quien hace la propaganda. \u200e<\/p>\n<p>Contrariamente a la creencia instaurada en Occidente, la propaganda no es un invento de \u200elos nazis ni de los sovi\u00e9ticos. La inventaron los brit\u00e1nicos y los estadounidenses durante la \u200ePrimera Guerra Mundial<span class=\"spip_note_ref\">\u00a0[<a id=\"nh1\" class=\"spip_note\" title=\"\u00abLas t\u00e9cnicas de la propaganda militar moderna\u00bb, por Thierry Meyssan, Red\u00a0(...)\" href=\"https:\/\/www.voltairenet.org\/article218301.html#nb1\" rel=\"appendix\">1<\/a>]<\/span>. \u200e<\/p>\n<p>Hoy en d\u00eda, la OTAN coordina su propaganda desde Riga, la capital de Letonia, donde ese bloque \u200eb\u00e9lico tiene su Centro de Comunicaci\u00f3n Estrat\u00e9gica<span class=\"spip_note_ref\">\u00a0[<a id=\"nh2\" class=\"spip_note\" title=\"\u00abLa campa\u00f1a de la OTAN contra la libertad de expresi\u00f3n\u00bb, por Thierry Meyssan,\u00a0(...)\" href=\"https:\/\/www.voltairenet.org\/article218301.html#nb2\" rel=\"appendix\">2<\/a>]<\/span>. Ese\u00a0centro identifica los\u00a0puntos sobre los que quiere actuar y organiza programas \u200einternacionales para concretar esa acci\u00f3n. \u200e<\/p>\n<p>Por ejemplo, la OTAN ha identificado a Israel como un \u201ceslab\u00f3n d\u00e9bil\u201d \u2013el ex primer ministro \u200eisrael\u00ed Benyamin Netanyahu era amigo personal del presidente ucraniano Volodimir Zelenski pero \u200esu sucesor, Naftali Bennett, reconoci\u00f3 las razones de Rusia e incluso aconsej\u00f3 a Kiev devolver \u200eCrimea y el Donbass y, sobre\u00a0todo, desnazificar Ucrania. El actual primer ministro de Israel, Yair \u200eLapid, ha resultado m\u00e1s vacilante que Bennet. Lapid no\u00a0quiere apoyar a los nacionalistas \u200eintegristas de\u00a0hoy, sucesores de los nacionalistas integristas ucranianos que masacraron \u200eal\u00a0menos un mill\u00f3n de jud\u00edos antes y durante la Segunda Guerra Mundial\u2026 pero quiere seguir \u200emanteniendo buenas relaciones con las potencias occidentales. \u200e<\/p>\n<p>As\u00ed que, para que Israel no\u00a0se aparte del camino \u201ccorrecto\u201d, la\u00a0OTAN est\u00e1 tratando de hacer creer al \u200egobierno israel\u00ed que, en\u00a0caso de victoria rusa, Israel perder\u00eda su posici\u00f3n en el Medio Oriente \u200e\u200e<span class=\"spip_note_ref\">\u00a0[<a id=\"nh3\" class=\"spip_note\" title=\"\u00abIr\u00e1n, Israel y Rusia\u00bb, Voltaire, Actualidad Internacional, n\u00b011, 21 \u200ede\u00a0(...)\" href=\"https:\/\/www.voltairenet.org\/article218301.html#nb3\" rel=\"appendix\">3<\/a>]<\/span>. \u200e<\/p>\n<p>Para\u00a0alcanzar ese objetivo, la\u00a0OTAN difunde lo m\u00e1s ampliamente posible la\u00a0mentira que trata de \u200epresentar a\u00a0Ir\u00e1n como un aliado militar de Rusia. La\u00a0prensa internacional repite constantemente \u200eque los drones rusos son iran\u00edes y pronto dir\u00e1 que tambi\u00e9n son iran\u00edes los misiles de alcance \u200eintermedio que Rusia utiliza en el campo de batalla. Rusia e\u00a0Ir\u00e1n han desmentido constantemente \u200eesas alegaciones \u2013Rusia domina perfectamente la fabricaci\u00f3n de drones y de misiles de alcance \u200eintermedio\u2013 pero los responsables pol\u00edticos occidentales, que al\u00a0parecer usan m\u00e1s la prensa que \u200eel cerebro, se\u00a0apresuran ahora a adoptar sanciones contra los fabricantes iran\u00edes de \u200earmamento. \u200e<\/p>\n<p>\u200e\u00bfResultado? El\u00a0primer ministro israel\u00ed Yair Lapid, hijo del presidente del Memorial Yad Vashem, \u200ese\u00a0ver\u00e1 pronto forzado a ponerse del\u00a0lado de los criminales cuyos abuelos participaron en el \u200egenocidio contra los jud\u00edos en la Ucrania de la Segunda Guerra Mundial. \u200e<\/p>\n<p>Los brit\u00e1nicos, por su parte, son tradicionalmente expertos en el uso a gran escala de los medios \u200ede difusi\u00f3n y en el reclutamiento de artistas que usan en su propaganda. El\u00a0MI6 brit\u00e1nico \u200ese\u00a0apoya en un grupo de 150\u00a0agencias de prensa que trabajan en el seno de PR Network<span class=\"spip_note_ref\">\u00a0[<a id=\"nh4\" class=\"spip_note\" title=\"\u00abLa red antirrusa de propaganda de guerra\u00bb, Red Voltaire, 25 de marzo \u200ede\u00a0(...)\" href=\"https:\/\/www.voltairenet.org\/article218301.html#nb4\" rel=\"appendix\">4<\/a>]<\/span>, convenciendo a esas firmas de prensa de convertirse en repetidores de sus \u200eacusaciones y esl\u00f3ganes. \u200e<\/p>\n<p>El MI6 brit\u00e1nico y su red de propaganda han convencido sucesivamente a los\u00a0europeos de que:\u200e<br class=\"autobr\" \/>\u200e1. el presidente ruso Vladimir Putin est\u00e1 muri\u00e9ndose; \u200e<br class=\"autobr\" \/>\u200e2. de que se ha vuelto loco; \u200e<br class=\"autobr\" \/>\u200e3. de que est\u00e1 acorralado por una fuerte oposici\u00f3n en\u00a0Rusia;\u200e<br class=\"autobr\" \/>\u200e4. de que est\u00e1 a\u00a0punto de ser derrocado por un golpe de\u00a0Estado. \u200e<\/p>\n<p>Esa labor de propaganda se\u00a0mantiene ahora con la publicaci\u00f3n de entrevistas cruzadas de \u200esoldados en\u00a0Ucrania. Usted leer\u00e1 \u2013u\u00a0oir\u00e1\u2013 a los soldados ucranianos decir que ellos son \u200enacionalistas y a los soldados rusos decir que sienten miedo al luchar por Rusia. \u200eUsted leer\u00e1 u oir\u00e1 que los\u00a0ucranianos no\u00a0son nazis y que los\u00a0rusos \u2013como viven bajo una \u200edictadura\u2013 son obligados a ir a la\u00a0guerra. Lo\u00a0cierto es que gran\u00a0parte de los soldados ucranianos \u200eno\u00a0son \u201cnacionalistas\u201d \u2013en el sentido de que defienden su\u00a0pa\u00eds\u2013 sino \u00ab<i>nacionalistas integristas<\/i>\u00bb \u200e\u200e\u2013en el sentido descrito por dos poetas, el franc\u00e9s Charles Maurras y el ucraniano Dimitro Dontsov \u200e\u200e<span class=\"spip_note_ref\">\u00a0[<a id=\"nh5\" class=\"spip_note\" title=\"\u00abUcrania: La ideolog\u00eda de los banderistas\u00bb, por Thierry Meyssan, \u200e\u200eRed\u00a0(...)\" href=\"https:\/\/www.voltairenet.org\/article218301.html#nb5\" rel=\"appendix\">5<\/a>]<\/span>\u00a0\u2013dos\u00a0conceptos muy diferentes.\u200e<\/p>\n<p>Hubo que esperar hasta 1925 para que el\u00a0papa P\u00edo\u00a0XI condenara el \u00ab<i>nacionalismo integral<\/i>\u00bb. Para \u200eentonces, Dimitro Dontsov ya hab\u00eda escrito\u00a0<i>\u041d\u0430\u0446\u0456\u043e\u043d\u0430\u043b\u0456\u0437\u043c<\/i>\u00a0(\u201cNacionalismo\u201d), en\u00a01921. El\u00a0franc\u00e9s \u200eMaurras y el ucraniano Dontson definen la naci\u00f3n como una tradici\u00f3n y conciben su \u200e\u200e\u201cnacionalismo\u201d en\u00a0contra de los dem\u00e1s \u2013Maurras contra los\u00a0alemanes y Dontsov contra \u200elos\u00a0rusos. Tanto Maurras como Dontsov aborrec\u00edan la Revoluci\u00f3n Francesa, los principios de \u200eLibertad, Igualdad y Fraternidad y denunciaban sin\u00a0descanso a los jud\u00edos y los francmasones. Tanto \u200eMaurras como Dontsov ve\u00edan la religi\u00f3n como algo \u201c\u00fatil\u201d para organizar la sociedad, pero los\u00a0dos \u200eparecen m\u00e1s\u00a0bien agn\u00f3sticos. Esas\u00a0posiciones llevaron a Maurras a ser un partidario de Philippe \u200ePetain \u2013el\u00a0general franc\u00e9s que dirigi\u00f3 un gobierno de colaboraci\u00f3n con los\u00a0nazis\u2013 y a Dontsov \u200ea convertirse en hitleriano. \u200e<\/p>\n<p>Con el tiempo, Dontsov se hundi\u00f3 en un delirio m\u00edstico sobre los Varegos (los vikingos suecos). \u200eEl\u00a0siguiente papa, P\u00edo\u00a0XII, anul\u00f3 la condena que su predecesor hab\u00eda emitido contra los \u200e\u200e\u00ab<i>nacionalistas integristas<\/i>\u00bb\u2026 justo antes del inicio de la Segunda Guerra Mundial. Al\u00a0final de la \u200eguerra, Maurras fue condenado en\u00a0Francia por \u00ab<i>entendimiento con el enemigo<\/i>\u00bb, despu\u00e9s de \u200ehaber sido german\u00f3fobo, pero Dontsov qued\u00f3 bajo el ala protectora de los servicios secretos \u200eanglosajones, se\u00a0exil\u00f3 en Canad\u00e1 y luego se\u00a0instal\u00f3 tranquilamente en Estados\u00a0Unidos. \u200e<\/p>\n<p>En cuanto a los soldados rusos cuyas entrevistas vemos en la televisi\u00f3n occidental, en\u00a0realidad \u200eno\u00a0nos\u00a0dicen que \u201clos\u00a0obligan\u201d a luchar sino\u00a0que no\u00a0son fan\u00e1ticos \u2013lo\u00a0cual los diferencia de los \u200enacionalistas integristas. Esos\u00a0soldados rusos consideran que la\u00a0guerra \u2013aun trat\u00e1ndose de la \u200eguerra en la\u00a0que defienden a los\u00a0suyos\u2013 es siempre un\u00a0horror. \u200e<\/p>\n<p>Los franceses, por ejemplo, no\u00a0reconocen a Rusia como una democracia porque creen que una \u200edemocracia no\u00a0puede ser \u201cautoritaria\u201d. Pero olvidan que la II\u00a0Rep\u00fablica francesa (1848-1852) fue \u200esimult\u00e1neamente una democracia y un r\u00e9gimen autoritario. \u200e<\/p>\n<p>Si nos convencen f\u00e1cilmente es porque nada\u00a0sabemos sobre la historia y la cultura ucranianas. \u200eSabemos, cuando m\u00e1s, que la Novorossiya fue gobernada por un arist\u00f3crata\u2026 \u00a1franc\u00e9s!, Armand-\u200eEmmanuel du\u00a0Plessis de\u00a0Richelieu, amigo personal del zar Alejandro\u00a0III. Aquel arist\u00f3crata franc\u00e9s \u200eprosigui\u00f3 as\u00ed la obra del pr\u00edncipe ruso Grigori Potemkin, quien quer\u00eda construir aquella regi\u00f3n \u200eseg\u00fan el modelo de Atenas y Roma, lo\u00a0cual explica por\u00a0qu\u00e9 la Novorossiya sigue siendo hoy de \u200ecultura rusa \u2013no\u00a0ucraniana\u2013 sin\u00a0haber conocido nunca el sistema de servidumbre. \u200e<\/p>\n<p>\u200eTrat\u00e1ndose de Ucrania, los europeos de Occidente prefieren ignorar las atrocidades que all\u00ed se \u200eperpetraron despu\u00e9s de la Primera Guerra Mundial y durante la Segunda Guerra Mundial \u2013se habla \u200eprincipalmente de violencias cometidas en tiempos de la URSS. Nadie menciona que el te\u00f3rico \u200eDimitro Dontsov y su disc\u00edpulo Stepan Bandera no vacilaron en masacrar a todo aquel que no se \u200eplegaba al \u00ab<i>nacionalismo integral<\/i>\u00bb, primero los\u00a0jud\u00edos, despu\u00e9s los\u00a0rusos y luego los comunistas, \u200elos\u00a0anarquistas de Nestor Majno y muchos m\u00e1s. \u200e<\/p>\n<div class=\"spip_document_240213 spip_document spip_documents spip_document_image spip_documents_right spip_document_right spip_document_avec_legende\" data-legende-len=\"481\" data-legende-lenx=\"xxxx\"><\/div>\n<p>Los \u00ab<i>nacionalistas integristas<\/i>\u00bb, convertidos en fervientes admiradores de Hitler y profundamente \u200eracistas, volvieron a escena con la disoluci\u00f3n de la URSS<span class=\"spip_note_ref\">\u00a0[<a id=\"nh6\" class=\"spip_note\" title=\"\u00abUcrania y la Segunda Guerra Mundial como \u200econflicto inconcluso\u00bb, por Thierry\u00a0(...)\" href=\"https:\/\/www.voltairenet.org\/article218301.html#nb6\" rel=\"appendix\">6<\/a>]<\/span>. El\u00a06 de mayo de\u00a01995, Leonid Kuchma, el \u200esegundo presidente de la Ucrania postsovi\u00e9tica, viaj\u00f3 a Munich y se\u00a0reuni\u00f3 \u2013en los locales de la\u00a0CIA\u2013 con Slava \u200eStetsko, la viuda del primer ministro que los\u00a0nazis impusieron en\u00a0Ucrania \u2013la se\u00f1ora acababa de \u200eser electa diputada de la Ucrania postsovi\u00e9tica pero no\u00a0hab\u00eda podido ocupar su esca\u00f1o porque \u200ehab\u00eda perdido la nacionalidad ucraniana. Un\u00a0mes despu\u00e9s de aquel encuentro, Ucrania adoptaba \u200esu actual Constituci\u00f3n, cuyo Art\u00edculo\u00a016 estipula que \u00ab<i>preservar el patrimonio gen\u00e9tico del pueblo \u200eucraniano es responsabilidad del Estado<\/i>\u00bb (sic). Posteriormente, Slava Stetsko abri\u00f3 en dos \u200eocasiones los debates del parlamento ucraniano, concluyendo las dos\u00a0veces con la frase \u00ab<i>\u00a1Gloria \u200ea\u00a0Ucrania<\/i>\u00bb, la consigna de los nacionalistas integristas. \u200e<\/p>\n<p>La Ucrania postsovi\u00e9tica construy\u00f3 pacientemente su r\u00e9gimen nazi. Despu\u00e9s de haber consagrado \u200ela defensa del \u00ab<i>patrimonio gen\u00e9tico del pueblo ucraniano<\/i>\u00bb, adopt\u00f3 otras leyes del mismo corte. \u200eEn\u00a0la primera, el\u00a0Estado concede el beneficio de los derechos humanos s\u00f3lo a los ucranianos, \u200eno\u00a0a los extranjeros. La\u00a0segunda define qui\u00e9nes son la mayor\u00eda de los ucranianos y la\u00a0tercera \u2013\u200epromulgada por el propio Zelenski\u2013 define qui\u00e9nes son considerados minor\u00edas. Astutamente, \u200eninguna de esas leyes menciona a los rusoparlantes, a quienes sin\u00a0embargo los tribunales \u200eucranianos no\u00a0reconocen \u2013por\u00a0defecto\u2013 la protecci\u00f3n de los derechos humanos. \u200e<\/p>\n<p>Desde 2014, los nacionalistas integristas emprendieron una guerra\u00a0civil contra las poblaciones \u200erusoparlantes, principalmente las\u00a0de Crimea y el Donbass. Cuando esos elementos ya hab\u00edan \u200easesinado 20\u00a0000 rusoparlantes, la Federaci\u00f3n Rusa, en aplicaci\u00f3n de su \u00ab<i>responsabilidad de \u200eproteger<\/i>\u00bb, inici\u00f3 una \u00ab<i>operaci\u00f3n militar especial<\/i>\u00bb para concretar la aplicaci\u00f3n de la resoluci\u00f3n \u200e\u200e2202 del Consejo de\u00a0Seguridad de la\u00a0ONU (los Acuerdos de\u00a0Minsk) y poner\u00a0fin al martirio de las \u200epoblaciones rusoparlantes. \u200e<\/p>\n<p>La propaganda de la OTAN nos\u00a0muestra constantemente el sufrimiento, real, de los ucranianos \u200earrastrados a la\u00a0guerra. Pero no\u00a0menciona los 8\u00a0a\u00f1os de torturas, asesinatos y masacres \u200eperpetrados antes contra las poblaciones rusoparlantes de Ucrania. La\u00a0propaganda de la\u00a0OTAN \u200ehabla a Occidente de \u200e\u00ab<i>nuestros valores comunes con la democracia ucraniana<\/i>\u00bb. \u200e<\/p>\n<p>Pero tendr\u00edamos que hacernos dos preguntas: \u00bfQu\u00e9\u00a0valores compartimos con los nacionalistas \u200eintegristas? \u00bfD\u00f3nde\u00a0est\u00e1 la democracia en\u00a0Ucrania?\u200e<\/p>\n<p>Nuestro deber no es escoger un bando sino defender la\u00a0paz y, por\u00a0consiguiente, defender los \u200eAcuerdos de Minsk y la aplicaci\u00f3n de la resoluci\u00f3n 2202 del Consejo de\u00a0Seguridad de la\u00a0ONU. \u200e<\/p>\n<p>La guerra enloquece a todos. Se\u00a0produce entonces una inversi\u00f3n de los valores. Con\u00a0eso ganan \u200elos\u00a0m\u00e1s extremistas. Ciertos ministros europeos hablan de \u00ab<i>ahogar a\u00a0Rusia<\/i>\u00bb. Quienes apoyan \u200etales declaraciones no\u00a0perciben que est\u00e1n apoyando las\u00a0ideas contra las cuales dicen combatir. \u200e<\/p>\n","protected":false},"excerpt":{"rendered":"<p>Thierry Meyssan (Red Voltaire, 25-10-22) &nbsp; Cuando estalla una guerra, los gobiernos siempre se creen obligados a elevar la moral de la \u200epoblaci\u00f3n inund\u00e1ndola de propaganda. Lo que est\u00e1 en juego es tan importante, la vida y la \u200emuerte, que los debates se polarizan y aparecen inevitablemente las posiciones extremas. Eso es \u200eexactamente lo que [&hellip;]<\/p>\n","protected":false},"author":1,"featured_media":51776,"comment_status":"open","ping_status":"open","sticky":false,"template":"","format":"standard","meta":{"footnotes":""},"categories":[14,12],"tags":[],"class_list":["post-51775","post","type-post","status-publish","format-standard","has-post-thumbnail","hentry","category-internacionales","category-politica-3"],"_links":{"self":[{"href":"https:\/\/debateplural.net\/site\/wp-json\/wp\/v2\/posts\/51775"}],"collection":[{"href":"https:\/\/debateplural.net\/site\/wp-json\/wp\/v2\/posts"}],"about":[{"href":"https:\/\/debateplural.net\/site\/wp-json\/wp\/v2\/types\/post"}],"author":[{"embeddable":true,"href":"https:\/\/debateplural.net\/site\/wp-json\/wp\/v2\/users\/1"}],"replies":[{"embeddable":true,"href":"https:\/\/debateplural.net\/site\/wp-json\/wp\/v2\/comments?post=51775"}],"version-history":[{"count":1,"href":"https:\/\/debateplural.net\/site\/wp-json\/wp\/v2\/posts\/51775\/revisions"}],"predecessor-version":[{"id":51777,"href":"https:\/\/debateplural.net\/site\/wp-json\/wp\/v2\/posts\/51775\/revisions\/51777"}],"wp:featuredmedia":[{"embeddable":true,"href":"https:\/\/debateplural.net\/site\/wp-json\/wp\/v2\/media\/51776"}],"wp:attachment":[{"href":"https:\/\/debateplural.net\/site\/wp-json\/wp\/v2\/media?parent=51775"}],"wp:term":[{"taxonomy":"category","embeddable":true,"href":"https:\/\/debateplural.net\/site\/wp-json\/wp\/v2\/categories?post=51775"},{"taxonomy":"post_tag","embeddable":true,"href":"https:\/\/debateplural.net\/site\/wp-json\/wp\/v2\/tags?post=51775"}],"curies":[{"name":"wp","href":"https:\/\/api.w.org\/{rel}","templated":true}]}}