{"id":5191,"date":"2016-05-04T11:10:25","date_gmt":"2016-05-04T15:10:25","guid":{"rendered":"http:\/\/debateplural.com\/?p=5191"},"modified":"2016-06-23T13:44:08","modified_gmt":"2016-06-23T13:44:08","slug":"juicio-contra-dilma-rousseff-estrategia-de-la-derecha-para-gobernar","status":"publish","type":"post","link":"https:\/\/debateplural.net\/site\/2016\/05\/04\/juicio-contra-dilma-rousseff-estrategia-de-la-derecha-para-gobernar\/","title":{"rendered":"Juicio contra Dilma Rousseff: estrategia de la derecha para gobernar"},"content":{"rendered":"<div class=\"subtitle\" style=\"text-align:justify;\">\n<div id=\"attachment_5192\" style=\"width: 610px\" class=\"wp-caption aligncenter\"><img loading=\"lazy\" decoding=\"async\" aria-describedby=\"caption-attachment-5192\" class=\"size-full wp-image-5192\" src=\"http:\/\/tripletecnologia.com\/website\/debateplural\/wp-content\/uploads\/2016\/05\/michel-temer-vicepresidente-de-brasil-5.jpg\" alt=\"Michel Temer, vicepresidente de Brasil\" width=\"600\" height=\"340\" \/><p id=\"caption-attachment-5192\" class=\"wp-caption-text\">Michel Temer, vicepresidente de Brasil<\/p><\/div>\n<\/div>\n<div class=\"subtitle\" style=\"text-align:justify;\"><\/div>\n<div class=\"subtitle\" style=\"text-align:justify;\">La comisi\u00f3n del Senado de mayor\u00eda opositora presentar\u00e1 hoy sus conclusiones, mientras Michel Temer estudia la composici\u00f3n de su eventual<a href=\"http:\/\/localhost\/debateplural\/tag\/gobierno\"> Gobierno<\/a>.<\/div>\n<p><!--more--><\/p>\n<div class=\"txt_newworld\">\n<p style=\"text-align:justify;\">El relator de la comisi\u00f3n\u00a0que decidir\u00e1 si procede\u00a0el juicio pol\u00edtico a <a href=\"http:\/\/localhost\/debateplural\/tag\/dilma-rousseff\">Dilma\u00a0Rousseff<\/a>, Antonio Anastasia,\u00a0presentar\u00e1 hoy\u00a0sus conclusiones en el Senado, donde\u00a0puede materializarse una estrategia neoliberal para que la derecha alcance el poder sin un solo voto popular.<\/p>\n<p style=\"text-align:justify;\">As\u00ed lo analiz\u00f3 la jurista\u00a0Carol Proner, especialista en Derecho internacional, quien reiter\u00f3 que\u00a0no existen argumentos s\u00f3lidos para realizar un juicio contra la mandataria brasile\u00f1a, menos por parte de senadores que est\u00e1n involucrados en casos graves de corrupci\u00f3n.<\/p>\n<p style=\"text-align:justify;\">La doctora mencion\u00f3 que legalmente\u00a0la jefa de Estado no incurri\u00f3 en delito de responsabilidad fiscal. Insisti\u00f3 en que sus detractores buscan apoyo medi\u00e1tico para hacer parecer el proceso como una medida de orden jur\u00eddica.<\/p>\n<p style=\"text-align:justify;\">\"No hay argumentos por los cr\u00edmenes que se le acusan\", dijo Proner durante una\u00a0entrevista para Agenda Abierta, programa matutino de teleSUR.<\/p>\n<p style=\"text-align:justify;\"><strong>Doble moral de un Senado de mayor\u00eda opositora\u00a0<\/strong><\/p>\n<p style=\"text-align:justify;\">La abogada se\u00f1al\u00f3 que tras el juicio pol\u00edtico, lo que se percibe es una una farsa grave, puesto que el presidente del Senado,\u00a0Renan Calheiros,\u00a0es investigado por\u00a0aceptar sobornos para conseguir la aprobaci\u00f3n de medidas provisionales en el Congreso, en beneficio del sector automovil\u00edstico.<\/p>\n<p style=\"text-align:justify;\">Asimismo, la abogada\u00a0acus\u00f3 al vicepresidente del Gobierno, Michel Temer, de mantener un\u00a0comportamiento inadecuado y de no cumplir sus funciones como segundo al mando del pa\u00eds.<\/p>\n<p style=\"text-align:justify;\">\"Desde sus primeros meses de funciones, la presidenta\u00a0Dilma Rousseff\u00a0fue blanco de un\u00a0argumento jur\u00eddico para la interrupci\u00f3n de su Gobierno (&#8230;) una excusa para el impeachment\", sostuvo la jurista.<\/p>\n<p style=\"text-align:justify;\"><strong>Proner critic\u00f3 a\u00a0Temer por ofrecer un plan de gesti\u00f3n antes de conocer si se aprueba o no el juicio pol\u00edtico contra la mandataria.<\/strong><\/p>\n<p style=\"text-align:justify;\">\"\u00c9l deber\u00eda estar tranquilo esperando que transcurra el proceso, a\u00fan no estamos en \u00a0la fase final. Pero \u00e9l ya habla como si hubiera asumido funciones, eligiendo nuevos ministerios que ofrecen un proyecto futuro totalmente contrario al plan reivindicativo de Rousseff\", dijo.<\/p>\n<p style=\"text-align:justify;\"><strong>Intentos de criminalizar al PT<\/strong><\/p>\n<p style=\"text-align:justify;\">La analista coment\u00f3 que se busca criminalizar al Partido de los Trabajadores (PT) para hacerlo\u00a0ver como si fuese\u00a0una fracci\u00f3n en la que\u00a0todos sus miembros son parte de una red de corrupci\u00f3n.<\/p>\n<p style=\"text-align:justify;\">La doctora manifest\u00f3 que el juicio pol\u00edtico y las acusaciones de corrupci\u00f3n recientes persiguen crear un escenario propicio para\u00a0que la derecha salte al poder,\u00a0sin pasar por las urnas electorales, \"porque no poseen la suficiente fuerza pol\u00edtica para hacerlo por la v\u00eda democr\u00e1tica\", exclam\u00f3.<\/p>\n<p style=\"text-align:justify;\"><strong>En contexto<\/strong><\/p>\n<p style=\"text-align:justify;\"><a href=\"http:\/\/localhost\/debateplural\/tag\/brasil\">Brasil<\/a> es escenario de un golpe blando, como lo califican analistas internacionales, a trav\u00e9s de un proceso de juicio pol\u00edtico que puede ser aprobado en un Senado de mayor\u00eda opositora.<\/p>\n<p style=\"text-align:justify;\">Sin ning\u00fan delito tangible, como lo alega la defensa de la mandataria, pretenden enjuiciar a la Presidenta que lleg\u00f3 al Gobierno\u00a0con m\u00e1s de 50 millones de votos, y que a\u00fan goza de un nivel de aceptaci\u00f3n mayoritario, sobre todo en la masa obrera.<\/p>\n<p style=\"text-align:justify;\">El vicepresidente de Brasil, Michel Temer, quien rompi\u00f3 nexos con el Gobierno dice estar \"preparado para asumir el poder e incluso se adelant\u00f3 a los hechos y present\u00f3 un supuesto Plan de Gobierno.<\/p>\n<p style=\"text-align:justify;\">Esta semana es decisiva para Brasil, porque lo que est\u00e1 en juego no s\u00f3lo es separar a Rousseff\u00a0de su cargo, sino el destino de una naci\u00f3n, su democracia, sus derechos laborales, sus logros sociales y hasta la misma integraci\u00f3n latinoamericana.<\/p>\n<\/div>\n","protected":false},"excerpt":{"rendered":"<p>La comisi\u00f3n del Senado de mayor\u00eda opositora presentar\u00e1 hoy sus conclusiones, mientras Michel Temer estudia la composici\u00f3n de su eventual Gobierno.<\/p>\n","protected":false},"author":1,"featured_media":6708,"comment_status":"open","ping_status":"open","sticky":false,"template":"","format":"standard","meta":{"footnotes":""},"categories":[14,12],"tags":[22,32,36],"class_list":["post-5191","post","type-post","status-publish","format-standard","has-post-thumbnail","hentry","category-internacionales","category-politica-3","tag-brasil","tag-dilma-rousseff","tag-gobierno"],"_links":{"self":[{"href":"https:\/\/debateplural.net\/site\/wp-json\/wp\/v2\/posts\/5191"}],"collection":[{"href":"https:\/\/debateplural.net\/site\/wp-json\/wp\/v2\/posts"}],"about":[{"href":"https:\/\/debateplural.net\/site\/wp-json\/wp\/v2\/types\/post"}],"author":[{"embeddable":true,"href":"https:\/\/debateplural.net\/site\/wp-json\/wp\/v2\/users\/1"}],"replies":[{"embeddable":true,"href":"https:\/\/debateplural.net\/site\/wp-json\/wp\/v2\/comments?post=5191"}],"version-history":[{"count":1,"href":"https:\/\/debateplural.net\/site\/wp-json\/wp\/v2\/posts\/5191\/revisions"}],"predecessor-version":[{"id":6709,"href":"https:\/\/debateplural.net\/site\/wp-json\/wp\/v2\/posts\/5191\/revisions\/6709"}],"wp:featuredmedia":[{"embeddable":true,"href":"https:\/\/debateplural.net\/site\/wp-json\/wp\/v2\/media\/6708"}],"wp:attachment":[{"href":"https:\/\/debateplural.net\/site\/wp-json\/wp\/v2\/media?parent=5191"}],"wp:term":[{"taxonomy":"category","embeddable":true,"href":"https:\/\/debateplural.net\/site\/wp-json\/wp\/v2\/categories?post=5191"},{"taxonomy":"post_tag","embeddable":true,"href":"https:\/\/debateplural.net\/site\/wp-json\/wp\/v2\/tags?post=5191"}],"curies":[{"name":"wp","href":"https:\/\/api.w.org\/{rel}","templated":true}]}}