{"id":51999,"date":"2022-11-18T13:08:52","date_gmt":"2022-11-18T17:08:52","guid":{"rendered":"https:\/\/debateplural.com\/inicio\/?p=51999"},"modified":"2022-11-18T13:08:52","modified_gmt":"2022-11-18T17:08:52","slug":"documentales-cubanos-sobre-afrodescendencia-en-el-caribe-2","status":"publish","type":"post","link":"https:\/\/debateplural.net\/site\/2022\/11\/18\/documentales-cubanos-sobre-afrodescendencia-en-el-caribe-2\/","title":{"rendered":"Documentales cubanos sobre afrodescendencia en el caribe"},"content":{"rendered":"<div id=\"ArticleAuthorDiv\" class=\"article-body-author\">Jessica Leonor\/Carolina Pichardo (Listin, 2-4-17)<\/div>\n<div id=\"ArticleSourceDiv\" class=\"article-body-author\"><b>\u00a0<\/b><\/div>\n<div id=\"ArticleBody\">\n<p>El uso de las artes para expresar la cultura es un sello de muchos artistas quienes se encargan de dedicar su vida a crear trabajos sociales. Una de estas es Gloria Rolando, investigadora cubana que transmite sus vivencias y ra\u00edces a trav\u00e9s de sus cortometrajes.<\/p>\n<p>Esta guionista y productora lleva m\u00e1s de tres d\u00e9cadas realizando documentales sobre la afrodescendencia en el Caribe. Sus filmes destacan la importancia de su cultura en la sociedad cubana, enfoc\u00e1ndose en la santer\u00eda, la migraci\u00f3n y el papel de las mujeres negras en Cuba.<\/p>\n<p>Gloria, quien va a cumplir 64 a\u00f1os, sent\u00eda desde joven una fascinaci\u00f3n por el cine y la m\u00fasica. A pesar de que en Cuba no se estudiaba cine, s\u00ed pudo desarrollarse en la m\u00fasica. Expres\u00f3: \u201cme fascin\u00f3 el mundo del cine, y hacerlo en la l\u00ednea de conocer nuestra identidad\u201d.<\/p>\n<p>En una entrevista para LIST\u00cdN DIARIO, la defensora de la afrodescendencia coment\u00f3 que nuestro pa\u00eds y Cuba comparten temas en com\u00fan desde la \u00e9poca colonial y por esto su inter\u00e9s por Rep\u00fablica Dominicana.<\/p>\n<p>\u201cReembarque\u201d es uno de sus documentales dedicado a las voces de prestigiosos historiadores que se unen a las memorias de haitianos y sus descendientes en Cuba en el siglo XX. Seg\u00fan la guionista esta historia tiene mucho en com\u00fan con Rep\u00fablica Dominicana, ya que nuestro pa\u00eds comparte una historia controversial, de amor y de odio, con Hait\u00ed.<\/p>\n<p>La productora resalt\u00f3 que el hecho de crear documentales de afrodescendientes es un compromiso y un arduo trabajo de investigaci\u00f3n y estudio, porque a trav\u00e9s de los mismos se descubre el origen de cada qui\u00e9n. \u201cLas obras que estoy haciendo las hago con la finalidad de visibilizar esas historias comunes que compartimos, porque somos hermanos todos emanados por ese mar com\u00fan\u201d.<\/p>\n<p>Su \u00faltimo audiovisual fue realizado en 2016 y se llama \u201cDi\u00e1logo con mi abuela\u201d, en el cual resalta el valor de la historia social de Cuba y la uni\u00f3n de las familias negras. En este se mezcla el documental y la ficci\u00f3n.<\/p>\n<p>Frente a la problem\u00e1tica mundial de la discriminaci\u00f3n racial, la cineasta expres\u00f3 el apego a su cultura e inst\u00f3 a los j\u00f3venes a aceptarse y predicar su raza con dignidad. \u201cLos j\u00f3venes deben de despertar y decir \u2018s\u00ed, soy negra, soy mestiza, soy mulata, \u00bfy qu\u00e9?\u201d, expres\u00f3 la cineasta.<\/p>\n<p>La investigadora califica la vida de la mujer negra como la m\u00e1s\u00a0 invisible de la afrodescendencia, siendo estas quienes forman y sostienen las familias con sus manos. A ra\u00edz de esto nace su pr\u00f3ximo documental, que tiene como idea principal trabajar alrededor de un grupo de monjas negras (las Hermanas Oblacas de la Providencia) en Cuba a inicios del siglo XX. Este audiovisual est\u00e1 registrado con el nombre \u201cHermanas de coraz\u00f3n\u201d. Est\u00e1 asociado con la educaci\u00f3n de las mujeres, c\u00f3mo lucharon, qu\u00e9 hicieron y c\u00f3mo pudieron adelantar el camino de sus hijos.<\/p>\n<p>Al hablar de los estereotipos que existen sobre la mujer negra, describi\u00f3 el de una mu\u00f1eca con labios rojos, grandes proporciones, pa\u00f1uelo de bolitas y un tabaco. \u201cEste tipo de mu\u00f1ecas fueron comprados para la producci\u00f3n de \u201cDi\u00e1logo con mi abuela\u201d y en la filmaci\u00f3n rompimos esas mu\u00f1ecas, simbolizando con esto que hay que destruir ese estereotipo de mujer, porque no es justo que sea representada de esa forma\u201d, explic\u00f3 Gloria.<\/p>\n<p>La cineasta cubana Gloria Rolando estuvo presentando en el pa\u00eds sus documentales sobre\u00a0 Afrodescendencia en el Caribe bajo la producci\u00f3n de la cineasta Alanna Lockward, de Art Labour Archives.<\/p>\n<p>\u201cEsto describe a la mujer negra como que no tiene ninguna otra forma de ser. Es muy lamentable que seamos vistas como un estereotipo. Este es el veneno que nos ha implantado esta sociedad, y al final te dicen \u2018l\u00e1stima que sea de color\u201d, manifest\u00f3 la cineasta.<\/p>\n<\/div>\n","protected":false},"excerpt":{"rendered":"<p>Jessica Leonor\/Carolina Pichardo (Listin, 2-4-17) \u00a0 El uso de las artes para expresar la cultura es un sello de muchos artistas quienes se encargan de dedicar su vida a crear trabajos sociales. Una de estas es Gloria Rolando, investigadora cubana que transmite sus vivencias y ra\u00edces a trav\u00e9s de sus cortometrajes. Esta guionista y productora [&hellip;]<\/p>\n","protected":false},"author":1,"featured_media":15438,"comment_status":"open","ping_status":"open","sticky":false,"template":"","format":"standard","meta":{"footnotes":""},"categories":[39,18],"tags":[],"class_list":["post-51999","post","type-post","status-publish","format-standard","has-post-thumbnail","hentry","category-cine","category-cultura"],"_links":{"self":[{"href":"https:\/\/debateplural.net\/site\/wp-json\/wp\/v2\/posts\/51999"}],"collection":[{"href":"https:\/\/debateplural.net\/site\/wp-json\/wp\/v2\/posts"}],"about":[{"href":"https:\/\/debateplural.net\/site\/wp-json\/wp\/v2\/types\/post"}],"author":[{"embeddable":true,"href":"https:\/\/debateplural.net\/site\/wp-json\/wp\/v2\/users\/1"}],"replies":[{"embeddable":true,"href":"https:\/\/debateplural.net\/site\/wp-json\/wp\/v2\/comments?post=51999"}],"version-history":[{"count":1,"href":"https:\/\/debateplural.net\/site\/wp-json\/wp\/v2\/posts\/51999\/revisions"}],"predecessor-version":[{"id":52000,"href":"https:\/\/debateplural.net\/site\/wp-json\/wp\/v2\/posts\/51999\/revisions\/52000"}],"wp:featuredmedia":[{"embeddable":true,"href":"https:\/\/debateplural.net\/site\/wp-json\/wp\/v2\/media\/15438"}],"wp:attachment":[{"href":"https:\/\/debateplural.net\/site\/wp-json\/wp\/v2\/media?parent=51999"}],"wp:term":[{"taxonomy":"category","embeddable":true,"href":"https:\/\/debateplural.net\/site\/wp-json\/wp\/v2\/categories?post=51999"},{"taxonomy":"post_tag","embeddable":true,"href":"https:\/\/debateplural.net\/site\/wp-json\/wp\/v2\/tags?post=51999"}],"curies":[{"name":"wp","href":"https:\/\/api.w.org\/{rel}","templated":true}]}}