{"id":5206,"date":"2016-05-04T12:34:13","date_gmt":"2016-05-04T16:34:13","guid":{"rendered":"http:\/\/debateplural.com\/?p=5206"},"modified":"2016-06-23T13:43:53","modified_gmt":"2016-06-23T13:43:53","slug":"la-otan-aprueba-la-apertura-de-sedes-de-jordania-catar-y-kuwait-en-bruselas","status":"publish","type":"post","link":"https:\/\/debateplural.net\/site\/2016\/05\/04\/la-otan-aprueba-la-apertura-de-sedes-de-jordania-catar-y-kuwait-en-bruselas\/","title":{"rendered":"La OTAN aprueba la apertura de sedes de Jordania, Catar y Kuwait en Bruselas"},"content":{"rendered":"<div id=\"attachment_5207\" style=\"width: 715px\" class=\"wp-caption aligncenter\"><img loading=\"lazy\" decoding=\"async\" aria-describedby=\"caption-attachment-5207\" class=\"size-full wp-image-5207\" src=\"http:\/\/tripletecnologia.com\/website\/debateplural\/wp-content\/uploads\/2016\/05\/sede-de-la-otan-en-bruselas-5.jpg\" alt=\"Sede de la OTAN en Bruselas\" width=\"705\" height=\"381\" \/><p id=\"caption-attachment-5207\" class=\"wp-caption-text\">Sede de la OTAN en Bruselas<\/p><\/div>\n<p class=\"b-article__lead\" style=\"text-align:justify;\">Jordania, Catar y Kuwait recibieron el mi\u00e9rcoles el visto bueno de la OTAN para abrir representaci\u00f3n permanente en la sede de la Alianza en Bruselas.<!--more--><\/p>\n<div class=\"b-article__text\">\n<p style=\"text-align:justify;\">\"El Consejo del Atl\u00e1ntico Norte acord\u00f3 aceptar la solicitud de acreditar una embajada de Jordania en B\u00e9lgica como misi\u00f3n ante la OTAN\", dice un comunicado en la p\u00e1gina web de la Alianza y agrega que el embajador de Jordania en B\u00e9lgica encabezar\u00e1 tambi\u00e9n la misi\u00f3n ante la OTAN.<\/p>\n<p style=\"text-align:justify;\">A\u00f1ade que tambi\u00e9n aprob\u00f3 acreditar las misiones diplom\u00e1ticas de Catar y Kuwait ante la OTAN en Bruselas y nombrar a los embajadores de Bahr\u00e9in e Israel como representantes permanentes de sus pa\u00edses ante la Alianza.<\/p>\n<p style=\"text-align:justify;\">Tambi\u00e9n se dio a conocer que la OTAN acept\u00f3 establecer una misi\u00f3n de<a href=\"http:\/\/localhost\/debateplural\/tag\/israel\"> Israel <\/a>ante la Alianza en la capital belga.<\/p>\n<p style=\"text-align:justify;\">Jordania e Israel, junto con Argelia, Egipto, Marruecos, T\u00fanez y Mauritania, forman parte del programa Di\u00e1logo Mediterr\u00e1neo de la <a href=\"http:\/\/localhost\/debateplural\/tag\/otan\">OTAN<\/a>, que persigue establecer comprensi\u00f3n mutua y fortalecer la seguridad regional. La Alianza propuso a todos los participantes del programa abrir misiones permanentes en la sede del bloque.<\/p>\n<p style=\"text-align:justify;\">Bahr\u00e9in, Catar y Kuwait participan en la iniciativa de cooperaci\u00f3n de Estambul, establecida en 2004 para fortalecer la cooperaci\u00f3n con la regi\u00f3n de <a href=\"http:\/\/localhost\/debateplural\/tag\/oriente-medio\">Oriente Medio<\/a>.<\/p>\n<\/div>\n<p>&nbsp;<\/p>\n","protected":false},"excerpt":{"rendered":"<p>Jordania, Catar y Kuwait recibieron el mi\u00e9rcoles el visto bueno de la OTAN para abrir representaci\u00f3n permanente en la sede de la Alianza en Bruselas.<\/p>\n","protected":false},"author":1,"featured_media":6698,"comment_status":"open","ping_status":"open","sticky":false,"template":"","format":"standard","meta":{"footnotes":""},"categories":[14,12],"tags":[68,70,38],"class_list":["post-5206","post","type-post","status-publish","format-standard","has-post-thumbnail","hentry","category-internacionales","category-politica-3","tag-israel","tag-oriente-medio","tag-otan"],"_links":{"self":[{"href":"https:\/\/debateplural.net\/site\/wp-json\/wp\/v2\/posts\/5206"}],"collection":[{"href":"https:\/\/debateplural.net\/site\/wp-json\/wp\/v2\/posts"}],"about":[{"href":"https:\/\/debateplural.net\/site\/wp-json\/wp\/v2\/types\/post"}],"author":[{"embeddable":true,"href":"https:\/\/debateplural.net\/site\/wp-json\/wp\/v2\/users\/1"}],"replies":[{"embeddable":true,"href":"https:\/\/debateplural.net\/site\/wp-json\/wp\/v2\/comments?post=5206"}],"version-history":[{"count":1,"href":"https:\/\/debateplural.net\/site\/wp-json\/wp\/v2\/posts\/5206\/revisions"}],"predecessor-version":[{"id":6699,"href":"https:\/\/debateplural.net\/site\/wp-json\/wp\/v2\/posts\/5206\/revisions\/6699"}],"wp:featuredmedia":[{"embeddable":true,"href":"https:\/\/debateplural.net\/site\/wp-json\/wp\/v2\/media\/6698"}],"wp:attachment":[{"href":"https:\/\/debateplural.net\/site\/wp-json\/wp\/v2\/media?parent=5206"}],"wp:term":[{"taxonomy":"category","embeddable":true,"href":"https:\/\/debateplural.net\/site\/wp-json\/wp\/v2\/categories?post=5206"},{"taxonomy":"post_tag","embeddable":true,"href":"https:\/\/debateplural.net\/site\/wp-json\/wp\/v2\/tags?post=5206"}],"curies":[{"name":"wp","href":"https:\/\/api.w.org\/{rel}","templated":true}]}}