{"id":52154,"date":"2022-12-01T12:08:36","date_gmt":"2022-12-01T16:08:36","guid":{"rendered":"https:\/\/debateplural.com\/inicio\/?p=52154"},"modified":"2022-12-01T12:17:22","modified_gmt":"2022-12-01T16:17:22","slug":"rol-protagonico-del-comandante-pablo-ali-y-el-batallon-de-los-pardos-y-morenos-libres-en-la-proclamacion-del-estado-independiente-de-haiti-espanol-de-jose-nunez-de-caceres-el-1-de-diciembre-de-1821","status":"publish","type":"post","link":"https:\/\/debateplural.net\/site\/2022\/12\/01\/rol-protagonico-del-comandante-pablo-ali-y-el-batallon-de-los-pardos-y-morenos-libres-en-la-proclamacion-del-estado-independiente-de-haiti-espanol-de-jose-nunez-de-caceres-el-1-de-diciembre-de-1821\/","title":{"rendered":"Rol protag\u00f3nico del Comandante Pablo Al\u00ed y el Batall\u00f3n de los Pardos y Morenos Libres"},"content":{"rendered":"<p><strong>Por Juan de la Cruz<\/strong><\/p>\n<p><strong>\u00a0<\/strong><\/p>\n<p>El nombre del comandante Pablo Al\u00ed aparece por primera vez en el escenario pol\u00edtico p\u00fablico entre los miles de esclavos que se sublevaron contra sus amos por la cruel explotaci\u00f3n de que eran v\u00edctimas, la noche del 22 de agosto de 1791 en los ingenios y en las haciendas del Departamento Norte de Saint Domingue, cuando ten\u00eda aproximadamente 37 a\u00f1os. Este dato parece ser fiable, si partimos de la informaci\u00f3n oficial que suministra el entonces c\u00f3nsul franc\u00e9s en Santo Domingo, Eustache Juchereau de Saint-Denys, en carta enviada al Ministro de Relaciones Exteriores de Francia, historiador Fran\u00e7ois Guizot, el 5 de febrero de 1844 -nueve d\u00edas antes de que el militar negro liberto falleciera el 14 de febrero de ese a\u00f1o-, al referirse a \u00e9l como \u201c<em>comandante en jefe deI distrito, el general negro Pablo Ali, anciano casi nonagenario<\/em>\u201d<a href=\"#_ftn1\" name=\"_ftnref1\"><sup>[1]<\/sup><\/a>.<\/p>\n<p>Las negociaciones entre Espa\u00f1a y los rebeldes fueron exitosas, logrando que alrededor 10 mil negros se incorporaran al ej\u00e9rcito del bando espa\u00f1ol, pero en el marco de una amplia autonom\u00eda y conservando sus estructuras de mando y organizaci\u00f3n. A partir de entonces se llamar\u00edan Tropas Auxiliares Negras o Tropas Auxiliares del Rey Carlos IV, que pasaron a liderar Jean Fran\u00e7ois Papillon y George Biassou, los cuales fueron bautizados por los espa\u00f1oles como Juan Francisco y Jorge Biassou. Otro l\u00edder, Jacinto \u2014Hyacinthe\u2014, que era tomado en cuenta por el rey Carlos IV como uno de los principales cabecillas de las Tropas Auxiliares Negras, muri\u00f3 tr\u00e1gicamente en agosto de 1793, tal como se\u00f1al\u00f3 el gobernador de Santo Domingo, general Joaqu\u00edn Garc\u00eda Moreno en comunicaci\u00f3n enviada al soberano.<\/p>\n<p>El 30 de mayo de 1793 estall\u00f3 la guerra entre las colonias de Saint Domingue y Santo Domingo, pasando el comandante Pablo Al\u00ed a combatir como subalterno o lugarteniente del general George Biassou, del lado de Espa\u00f1a. Con esta alianza, los espa\u00f1oles pasaron a ocupar los territorios de la colonia francesa que desde 1791 estaban en manos de los negros rebeldes. Para julio de 1793 se notificaba la toma de Dondon en la que Juan Francisco y Toussaint Louverture tuvieron un papel relevante, y en agosto los espa\u00f1oles y las Tropas Auxiliadores Negras ocupaban una parte importante de la rica regi\u00f3n del norte de Saint Domingue, entre los que destacaban los territorios de Vailli\u00e9re, Trou, Fort-Dauphin, Grande-Rivi\u00e9re, Ouanaminthe, Mermelade, Ennery, Plaisance, Gona\u00efves y Lomb\u00e9.<\/p>\n<p>El n\u00famero de soldados reportados que estaban bajo las \u00f3rdenes del l\u00edder negro George Biassou era de 6 mil 100 hombres a mediados de 1793<a href=\"#_ftn2\" name=\"_ftnref2\"><sup>[2]<\/sup><\/a>, mientras que el ej\u00e9rcito de Juan Francisco Papillon ascend\u00eda a 6 mil 647 hombres, de los cuales 6,522 eran esclavos rebeldes que hab\u00edan huido de la esclavitud de sus amos, 67 mulatos libres y 58 negros libres<a href=\"#_ftn3\" name=\"_ftnref3\"><sup>[3]<\/sup><\/a>. En el a\u00f1o 1794 la recapitulaci\u00f3n de las fuerzas de Juan Francisco arrojaba la suma de 6,097 personas, repartidas en diversas compa\u00f1\u00edas en numerosos sitios, como Fort Douphine con dos brigadas y 878 personas, Sant Susanne con 1,317 hombres, Grand Riviere con 2,004 elementos, y Limonade con 934 personas, entre otras fuerzas<a href=\"#_ftn4\" name=\"_ftnref4\"><sup>[4]<\/sup><\/a>.<\/p>\n<p>En otro sentido, es importante destacar que las medallas con el real busto del rey Carlos IV que se hab\u00eda previsto entregar a los jefes rebeldes como elementos de ayuda en su adhesi\u00f3n a la causa espa\u00f1ola, fueron recibidas por el gobernador de Santo Domingo a mediados de febrero de 1794. El env\u00edo se compon\u00eda de sendas medallas de oro para Juan Francisco, Biassou y Jacinto, y otras doce de plata para los segundos m\u00e1s sobresalientes. Como Toussaint Louverture y Pablo Al\u00ed. Ante la s\u00fabita muerte de Jacinto, la medalla de oro que le ser\u00eda entregada a \u00e9ste pas\u00f3 a manos de Toussaint Louverture<a href=\"#_ftn5\" name=\"_ftnref5\"><sup>[5]<\/sup><\/a>. A pesar de la cantidad se\u00f1alada, en la comunicaci\u00f3n del env\u00edo que se hizo desde Aranjuez el 22 de enero de 1794, se apuntaba que las medallas eran 4 de oro y ocho de plata<a href=\"#_ftn6\" name=\"_ftnref6\"><sup>[6]<\/sup><\/a>.<\/p>\n<p>En un principio, la suerte de la guerra favoreci\u00f3 a las armas espa\u00f1olas. Gracias a la valiosa colaboraci\u00f3n de las Tropas Auxiliares Negras, entre los que muy pronto se distingui\u00f3 Toussaint Louverture por su arrojo y capacidad militar, el gobernador Garc\u00eda y Moreno pudo vanagloriarse de haber conquistado doce poblaciones francesas.<\/p>\n<p>Para entonces Garc\u00eda y Moreno afirmaba que las fuerzas efectivas espa\u00f1olas se compon\u00edan de 3,976 hombres de tropa del ej\u00e9rcito, 640 de milicia de infanter\u00eda, 238 de dragones y 829 urbanos, dando un total de 5,683 hombres dispuestos a las armas<a href=\"#_ftn7\" name=\"_ftnref7\"><sup>[7]<\/sup><\/a>, en tanto que las Tropas Auxiliares Negras eran de alrededor de 12 mil efectivos, si se suman los que hab\u00edan reportado individualmente Juan Francisco y Jorge Biassou, resultando una cifra mucho mayor la de los aliados de color que la de la corona espa\u00f1ola.<\/p>\n<p><strong>El General Toussaint Louverture se pasa al lado de Francia <\/strong><\/p>\n<p>El n\u00famero de fuerzas de las Tropas Auxiliares Negras se resinti\u00f3 cuando el general Toussaint Louverture se pas\u00f3 al bando contrario, sobre todo en la tropa del general Jorge Biassou junto a la cual combat\u00eda, lo que ocasion\u00f3 que se redujeran a casi la mitad los auxiliares que les segu\u00edan. Esta situaci\u00f3n puso en evidencia que una gran parte de los negros esclavos buscaban su libertad, sin importar qu\u00e9 naci\u00f3n se la prometiese. Es muy poco probable que los negros rebeldes lucharan por la restituci\u00f3n de la Monarqu\u00eda en Francia, tal como dec\u00edan Biassou y Juan Francisco en sus comunicaciones iniciales, sino m\u00e1s bien para evitar su regreso a la esclavitud o servidumbre contra la cual se alzaron. En cambio, aquellos l\u00edderes solo peleaban pensando en el futuro goce de sus privilegios personales y del reducido grupo de allegados que le acompa\u00f1aban.<\/p>\n<p>La salida de Toussaint de las tropas espa\u00f1olas en mayo de 1794, quien se pas\u00f3 con miles de hombres al lado republicano franc\u00e9s, cambi\u00f3 la marcha de la contienda. Meses despu\u00e9s, el caudillo negro, adem\u00e1s de recuperar para Francia las poblaciones de Vailli\u00e9re, Trou, Fort-Dauphin, Grande-Rivi\u00e9re, Ouanaminthe, Mermelade, Ennery, Plaisance, Gona\u00efves y Lomb\u00e9, penetr\u00f3 en territorio espa\u00f1ol y se apoder\u00f3 de las comunidades de San Rafael de Angostura, San Miguel de la Atalaya, Neiba y B\u00e1nica.<\/p>\n<p>El d\u00eda 7 de julio de 1794 tuvo lugar en Bayaj\u00e1 la pen\u00faltima participaci\u00f3n de Juan Francisco en la contienda b\u00e9lica, siendo la m\u00e1s criticada de las realizadas por las Tropas Auxiliares Negras. Esta acci\u00f3n se caracteriz\u00f3 por la matanza de cientos de franceses refugiados y la posesi\u00f3n del poblado; hecho que seg\u00fan el gobernador Garc\u00eda y Moreno agrav\u00f3 la situaci\u00f3n interna de las tropas de color<a href=\"#_ftn8\" name=\"_ftnref8\"><sup>[8]<\/sup><\/a>.<\/p>\n<p>Por otro lado, dos d\u00edas antes de recibirse en Santo Domingo el Tratado de Paz con Francia, en 1795, Juan Francisco notificaba que hab\u00eda tomado el pueblo de Dond\u00f3n, algunos campos inmediatos y que se preparaba para atacar Mermelada. Esta fue al parecer la \u00faltima contienda b\u00e9lica que libraron las Tropas Auxiliares Negras en la isla<a href=\"#_ftn9\" name=\"_ftnref9\"><sup>[9]<\/sup><\/a>.<\/p>\n<p><strong>El Tratado de Basilea de 1795 y la salida de Jean Fran\u00e7ois y Biassou de Santo Domingo<\/strong><\/p>\n<p>El 18 de octubre de 1795 se recibi\u00f3 en Santo Domingo la infausta noticia de que Espa\u00f1a hab\u00eda cedido a Francia la parte oriental de la isla en virtud de lo estipulado en el Tratado de Basilea, con el cual concluy\u00f3 la guerra. Entre otras disposiciones, el tratado expresaba que todas las familias y particulares que quisieran abandonar la colonia con sus pertenencias dispondr\u00edan del plazo de un a\u00f1o para hacerlo.<\/p>\n<p>El gobierno franc\u00e9s hab\u00eda dispuesto que el traspaso de la colonia espa\u00f1ola se efectuase por etapas, comenzando por los pueblos y cantones que las Tropas Auxiliares Negras conservaban en su poder en la parte occidental. De acuerdo con el tratado, los jefes de los negros auxiliares deb\u00edan salir de la isla. Con respecto al grueso de la tropa, la pretensi\u00f3n del general Laveaux, gobernador de Saint Domingue, era que permanecieren en la isla y as\u00ed se lo hizo saber a Garc\u00eda, pero este le respondi\u00f3 que no pod\u00eda faltar a la promesa de favorecerle, pese a lo cual no ten\u00eda inconveniente en permitir que cada quien tomase el camino que m\u00e1s le conviniese.<\/p>\n<p>La salida de Jean Fran\u00e7ois y Biassou confront\u00f3 serias dificultades. Los dos insist\u00edan en abandonar la isla y amenazaban con impedir el traspaso de la colonia si no se embarcaban lo m\u00e1s pronto posible. En sus urgencias a Garc\u00eda, le indicaban que prefer\u00edan ser esclavos de los espa\u00f1oles que libres con los franceses. Tras varios fallidos intentos de llevarlos a Cuba, Jean Fran\u00e7ois y su sequito fueron enviados a la ciudad espa\u00f1ola de C\u00e1diz y Biassou y el suyo a la Florida. Otros negros auxiliares partieron para Campeche, Trinidad y Guatemala.<\/p>\n<p>De su t\u00e9cnica militar en la guerra franco-hispana en Santo Domingo, el gobernador Garc\u00eda apuntaba que la gente de Biassou y Juan Francisco \u201c<em>solo sirven para golpes de mano, sorpresa, saqueos y lo que es la guerra ofensiva devastando todo con incendio<\/em>\u201d<a href=\"#_ftn10\" name=\"_ftnref10\"><sup>[10]<\/sup><\/a>. Agregaba que el armamento de los rebeldes para sus batallas inclu\u00eda palos para los que no contasen con sables o rifles, lo que, seg\u00fan \u00e9l, daba una idea de \u201c<em>la brutalidad propia de esos malvados<\/em>\u201d<a href=\"#_ftn11\" name=\"_ftnref11\"><sup>[11]<\/sup><\/a>.<\/p>\n<p>Todas estas opiniones reflejaban la actitud de menosprecio por parte de las autoridades espa\u00f1olas hacia sus aliados, postura que se recrudecer\u00eda en los tiempos venideros tras la firma del Tratado de Basilea. El 14 de octubre se recibi\u00f3 en la isla la notificaci\u00f3n de la paz con resultados funestos para Espa\u00f1a, ya que deb\u00eda ceder a los franceses la parte hispana de la Isla<a href=\"#_ftn12\" name=\"_ftnref12\"><sup>[12]<\/sup><\/a>. En las disposiciones del gobierno franc\u00e9s se exig\u00eda que Juan Francisco, al igual que los \u201c<em>oficiales a su mando<\/em>\u201d, abandonasen la isla por su condici\u00f3n de militares<a href=\"#_ftn13\" name=\"_ftnref13\"><sup>[13]<\/sup><\/a>. Sobre este asunto existen las posturas equivocadas de que Garc\u00eda los evacu\u00f3 para evitar su masacre a manos de los franceses y la de que las Tropas Auxiliares fueron quienes solicitaron su salida de la isla.<\/p>\n<p>Despu\u00e9s de que Garc\u00eda recibiese el 14 de octubre la noticia de paz escribi\u00f3 al rey preguntando qu\u00e9 deb\u00eda hacer con los Auxiliares cuando se evacuase la isla. El soberano le contest\u00f3 que \u201c<em>tratase a los Negros como pertenecientes a la Francia<\/em>\u201d, o sea dejarlos en ese territorio, pero el 21 de octubre Garc\u00eda avisaba, sin recibo previo de lo estipulado por el rey, que de acuerdo con mandatos anteriores hab\u00eda ofrecido la real protecci\u00f3n a los aliados y escrito al Capit\u00e1n general de Cuba, Luis de las Casas, para que dispusiese su establecimiento en la Isla de Pinos<a href=\"#_ftn14\" name=\"_ftnref14\"><sup>[14]<\/sup><\/a>.<\/p>\n<p>Ante la medida tomada, al monarca le pareci\u00f3 bien ofrecer a los Auxiliares su protecci\u00f3n y dejar al criterio de Garc\u00eda el destino y n\u00famero de individuos que creyese conveniente trasladar a La Habana, Puerto Rico o Isla de Trinidad. El soberano a\u00fan no enviaba esas \u00f3rdenes a Ultramar cuando recibi\u00f3 una carta de Las Casas en la que le expon\u00eda los graves inconvenientes si esos negros se establec\u00edan en Cuba o en la Isla de Pinos, y que en caso de que llegasen a La Habana mandar\u00eda a Juan Francisco a Espa\u00f1a y a su tropa la dividir\u00eda y remitir\u00eda a diversas partes de Am\u00e9rica. El rey no aprob\u00f3 la medida de su gobernador y tambi\u00e9n desaprob\u00f3 la anterior resoluci\u00f3n de Garc\u00eda \u2014a la cual ya le hab\u00eda dado el visto bueno\u2014, por lo que entonces mand\u00f3 se les dijese que todos los negros se quedasen en Santo Domingo \u201c<em>bajo la protecci\u00f3n de la Potencia a quien sirvieran y que mientras tomaban partido para mantenerse gozar\u00edan una pensi\u00f3n moderada de Su Majestad<\/em>\u201d<a href=\"#_ftn15\" name=\"_ftnref15\"><sup>[15]<\/sup><\/a>.<\/p>\n<p>Pero la cercan\u00eda entre las islas caribe\u00f1as ayud\u00f3 a Garc\u00eda en sus prop\u00f3sitos, y cuando a\u00fan se extend\u00edan las \u00f3rdenes en la Corte para los gobernadores de La Habana y Santo Domingo, el rey recibi\u00f3 otra carta del primero en las que le participaba con fecha de 1 de enero de 1796 la llegada del caudillo Juan Francisco con sus jefes y tropa de negros a ese puerto<a href=\"#_ftn16\" name=\"_ftnref16\"><sup>[16]<\/sup><\/a>.<\/p>\n<p>Los hechos ponen de manifiesto con meridiana claridad que la Corona nunca tuvo la intenci\u00f3n de dar cobijo a los integrantes de las Tropas Auxiliares ni considerarlos s\u00fabditos suyos, a pesar de que en la Real Orden del 22 de febrero de 1793 dijese lo contrario. Asimismo, en las indicaciones del soberano de que a los aliados se les \u201c<em>tratase como franceses<\/em>\u201d dejaba expl\u00edcito su rechazo a cobijarlos en territorios espa\u00f1oles, de acuerdo a lo estipulado en la Reservada del 27 de mayo de 1790 donde se ordenaba no permitir la entrada \u2014en ese caso a Cuba\u2014, de esclavos comprados o pr\u00f3fugos provenientes de las colonias francesas, ni de otra cualquiera persona de color que pudiese influir en los vasallos del rey. El nombre de \u201cnegros franceses\u201d, que se convertir\u00eda en una designaci\u00f3n algo m\u00e1s com\u00fan con posterioridad, aunque se les hab\u00eda ya llamado \u201cregimiento franc\u00e9s\u201d, \u201cnegros franceses\u201d o \u201cregimiento auxiliar franc\u00e9s\u201d, tuvo, al igual que \u00e9stas, un car\u00e1cter de exclusi\u00f3n de las propias fuerzas militares espa\u00f1olas, cuya actitud debi\u00f3 estar basada en lo dispuesto al respecto en 1790.<\/p>\n<p>Es importante destacar que cuando Francia pidi\u00f3 la salida de Juan Francisco y de los oficiales de su tropa, se hac\u00eda referencia a todas las Tropas Auxiliares que controlaban la parte del norte de la colonia francesa; a Biassou, localizado en el sur, al parecer no se le incluy\u00f3. Sin embargo, tambi\u00e9n fue de los emigrados -su tropa no le acompa\u00f1\u00f3, sino \u00fanicamente algunos familiares- en correspondencia con la petici\u00f3n francesa.<\/p>\n<p>Si bien en el exilio Biassou trat\u00f3 de emplearse en las armas o de formar un ej\u00e9rcito, no parece que pretendiese quedar en el grupo que Juan Francisco deseaba mantener unido. Este \u00faltimo y sus segundones esperaban que se les diesen tierras para trabajar y a cambio el rey pudiese contar con un ej\u00e9rcito en la reserva siempre dispuesto a tomar las armas y operar donde conviniera. Ante esa idea, el marqu\u00e9s de Casa Calvo se apresur\u00f3 a decirle al l\u00edder negro que el soberano ya ten\u00eda su propio ej\u00e9rcito y \u201c<em>que se serv\u00eda de auxiliares cuando lo hallaba conveniente, pero que en tiempo de paz no los necesitaba, y que a ellos \u00fanicamente les tocaba obedecer y dejarse de proyectos<\/em>\u201d<a href=\"#_ftn17\" name=\"_ftnref17\"><sup>[17]<\/sup><\/a>.<\/p>\n<p>Garc\u00eda hac\u00eda ver la conveniencia de la evacuaci\u00f3n de los negros, ya que su inacci\u00f3n y la posesi\u00f3n de armas por parte de las Tropas Auxiliares pudiesen traer consecuencias en el cumplimiento del Tratado, as\u00ed como para los espa\u00f1oles que permaneciesen en la Isla, debido a que los franceses emigrados hab\u00edan reprobado la negociaci\u00f3n de paz y se val\u00edan de agentes ingleses para causar problemas<a href=\"#_ftn18\" name=\"_ftnref18\"><sup>[18]<\/sup><\/a>.<\/p>\n<p>La evacuaci\u00f3n de los Auxiliares caus\u00f3 enojos a Garc\u00eda con Las Casas, al decidir mandarlos a La Habana sin conocer la oposici\u00f3n del rey, pero con base en las promesas de 1793. Una vez terminada la contienda, el resultado era que la Corona espa\u00f1ola no hab\u00eda podido cumplir su sue\u00f1o de reconquista del territorio occidental de la isla, y el estado de la parte hispana de la misma era se\u00f1alada por Toussaint en 1800, de manera deplorable:<\/p>\n<p>\u201c<em>Encontr\u00e9 la colonia desmembrada, arrumada, saqueada por los bandoleros de Jean Fran\u00e7ois, por los espa\u00f1oles y por los ingleses, que se pelearon por sus despojos.\u00a0 Hoy est\u00e1 libre de enemigos, calmada, pacificada, y se han tomado medidas para reconstruirla por completo<\/em>\u201d.<a href=\"#_ftn19\" name=\"_ftnref19\"><sup>[19]<\/sup><\/a><\/p>\n<p>Espa\u00f1a ten\u00eda entonces un contingente numeroso de gente de color, al cual, haciendo a un lado los adjetivos deplorables utilizados entonces para llamar a los codiciados y buscados rebeldes en el pasado, no la pod\u00eda catalogar m\u00e1s que como un aliado inc\u00f3modo, con quien nunca pens\u00f3 contar m\u00e1s all\u00e1 que con su apoyo para la reconquista de los territorios que Francia manten\u00eda en su poder en la isla de Santo Domingo.<\/p>\n<p><strong>El destino del comandante Pablo Al\u00ed tras la salida de Espa\u00f1a de Santo Domingo<\/strong><\/p>\n<p>La mayor parte de los lugartenientes y soldados de Bissau se vieron obligados a quedarse en la parte oriental de Santo Domingo, entre ellos los comandantes Pablo Al\u00ed y Juan Bamb\u00ed, quienes antes de la partida de las tropas espa\u00f1olas hacia otras colonias o hacia la metr\u00f3polis hicieron esfuerzos ingentes para ser designados en posiciones dignas en la colonia o para ser embarcados hacia Florida, lugar en donde se hab\u00eda establecido su antiguo jefe militar. En comunicaci\u00f3n dirigida por el comandante Pablo Al\u00ed al Rey Carlos IV, de fecha 29 de agosto del a\u00f1o 1800, expresaba:<\/p>\n<p>\u201c<em>El suplicante ha tenido el honor de haber servido bajo vuestras augustas banderas de Espa\u00f1a desde fines de 1792 hasta septiembre de 1796, en que se concluy\u00f3 la guerra con la Rep\u00fablica Francesa; todo ese tiempo se desempe\u00f1\u00f3 con el mayor ardor, celo y eficacia en todas las comisiones en que repetidas veces fue empleado por los comandantes de la frontera, y camones, seg\u00fan resultara de lo que aquellos le certificaran previo decreto verbal del Capit\u00e1n General: Ayud\u00f3 con su compa\u00f1\u00eda a las tropas espa\u00f1olas en repetidos ataques, defensas, avances y asaltos, dados a los enemigos, dando las m\u00e1s claras y convincentes pruebas, de la lealtad y el amor con que el suplicante buscaba las mejores ocasiones para manifestar los deseos que le animaban de que las armas de SCM triunfaren con la mayor gloria en estas<\/em>\u201d.<a href=\"#_ftn20\" name=\"_ftnref20\"><sup>[20]<\/sup><\/a><\/p>\n<p>Entre las batallas en que tuvo una participaci\u00f3n destacada el comandante Pablo Al\u00ed junto a las Tropas de Negros Auxiliares y su compa\u00f1\u00eda, es necesario destacar las de Lomu, Pithon de Rosa, Pithon del Can de Prunie, Sabana Grande, Ravine Fourmi, Palo de Indio en Cr\u00e9te Sal\u00e9 y San Miguel de la Atalaya, el 2 de agosto de 1793; en Petit Cah\u00f3, B\u00e1nica, Las Caobas y los cantones de San Miguel de la Atalaya el 9 de agosto de 1793; as\u00ed como en Plaisance y \u00d1ag\u00e1 contra las tropas francesas y Toussaint Louverture, el 12 de enero de 1801. En la retirada de B\u00e1nica a Dajab\u00f3n el 20 de agosto de 1795 condujo con sus tropas 20 cajas de cartuchos (80 cada caja) y dos ca\u00f1ones del batall\u00f3n por los enredados montes de la frontera norte.<a href=\"#_ftn21\" name=\"_ftnref21\"><sup>[21]<\/sup><\/a><\/p>\n<p>El apoyo de los rebeldes negros no s\u00f3lo fue buscado por Espa\u00f1a, sino tambi\u00e9n por Francia a trav\u00e9s de sus comisarios civiles, quienes trataron de alinearlos bajo la bandera republicana. A estas naciones se les sum\u00f3 Inglaterra, que se interes\u00f3 en los esclavos alzados, exhort\u00e1ndolos a pelear en su bando hasta el \u00faltimo momento de su estancia en la Isla, ofreci\u00e9ndole el pago de sueldos similares y mayores distinciones de las que gozaban hasta entonces. Sin lugar a dudas, ning\u00fan contingente de ex esclavos jam\u00e1s hab\u00eda sido tan codiciado por esas tres potencias incentivadoras del sistema esclavista y del tr\u00e1fico de esclavos, como lo fue \u00e9ste.<\/p>\n<p>Al\u00ed rechaz\u00f3 las ofertas que le hicieron los franceses republicanos y los ingleses para que se aliase con ellos, \u201c<em>mereciendo en pruebas de su lealtad y amor a SM le condecorasen con la Orden Real del M\u00e9rito del 9 de julio de 1794<\/em>\u201d.<a href=\"#_ftn22\" name=\"_ftnref22\"><sup>[22]<\/sup><\/a><\/p>\n<p>Inglaterra, que hab\u00eda invadido la colonia francesa a instancias de los colonos realistas con el fin de conquistarla, viendo preocupada el tratado de Basilea, declar\u00f3 la guerra a Espa\u00f1a en 1797. El ej\u00e9rcito brit\u00e1nico lleg\u00f3 a penetrar en San Juan de la Maguana y Neiba, pero Toussaint Louverture lo obligo a retroceder. Luego de varias negociaciones con el l\u00edder negro, nombrado general de divisi\u00f3n, \u00e9l y su hom\u00f3logo Maitland firmaron un acuerdo secreto mediante el cual los ingleses se retiraron de la isla en abril de 1798 a cambio de ciertas concesiones comerciales.<\/p>\n<p>Antes de producirse esto, Garc\u00eda hab\u00eda descubierto un complot tramado por el cubano Juan Antonio Angulo y el italiano Domingo Asserato para entregar la colonia espa\u00f1ola a los ingleses, para lo cual intentaron seducir a Pablo Al\u00ed y a Agust\u00edn, a quienes el gobernador espa\u00f1ol consider\u00f3 como dos de los oficiales \u201c<em>que hab\u00edan tenido m\u00e1s s\u00e9quito y reputaci\u00f3n en el ej\u00e9rcito de Biassou<\/em>\u201d. Al\u00ed y Agust\u00edn se negaron a cooperar con los conspiradores, por lo que Garc\u00eda alab\u00f3 su fidelidad y los recomend\u00f3 ante el monarca.<\/p>\n<p>Al abordar los niveles de lealtad que siempre profes\u00f3 a Espa\u00f1a y al rey Carlos IV, el comandante Al\u00ed revela detalles de la propuesta que le hicieron Inglaterra y Toussaint Louverture para ganarlo para su causa y de la actitud firme de rechazo que adopt\u00f3 en ambas ocasiones:<\/p>\n<p>\u201c<em>Hecha la paz con la Francia, los ingleses que continuaron la guerra, con m\u00e1s fuerza en esta Isla, al suplicarme varias veces por cartas y emisarios, por una vi\u00e9ndole y ofreci\u00e9ndole ventajosos partidos, premios e intereses, para que por s\u00ed, y persuadiendo a los suyos, se trasladaran a sus servicios; m\u00e1s decidido a prestar sus servicios a la Real Corona, resisti\u00f3 y despreci\u00f3 tales proposiciones, que les eran muy desagradables, como tambi\u00e9n lo hizo con el Jefe Toussaint Louverture, cuando en 1796, y por parte de la Rep\u00fablica Francesa, tom\u00f3 posesi\u00f3n de varias poblaciones fronterizas: por esa causa fue separado el suplicante del servicio, ces\u00e1ndole la paga mensual de treinta pesos<\/em>\u201d.<a href=\"#_ftn23\" name=\"_ftnref23\"><sup>[23]<\/sup><\/a><\/p>\n<p>En esa comunicaci\u00f3n Al\u00ed le solicitaba al rey que le restaurara los 30 pesos que cobrara como comandante de las Tropas de Negros Auxiliares cuando estuvo defendiendo el bando espa\u00f1ol en la guerra hispanofrancesa, ya que Toussaint Louverture lo hab\u00eda cesado en el servicio y le suspendi\u00f3 el pago a partir del primero de octubre del a\u00f1o 1796, fecha en que concluy\u00f3 la guerra con Francia. Refiere, adem\u00e1s, que, desde entonces, hab\u00eda tenido que mantener a su esposa Mar\u00eda Olivo, a sus hijos, a su madre, a su suegra, a un hermano, a un cu\u00f1ado y a varios criados, muy precariamente, con el cultivo de un pedazo de tierra.<\/p>\n<p>En su petici\u00f3n al rey Carlos IV, Al\u00ed expres\u00f3 que, de no serle reintegrado su salario, se le enviase a alg\u00fan destino para continuar viviendo y trabajando en territorio espa\u00f1ol, como en La Florida, donde viv\u00eda su antiguo jefe, el general George Biassou. Al ponderar sus m\u00e9ritos, el gobernador de Santo Domingo Joaqu\u00edn Garc\u00eda le sugiri\u00f3 al rey que, si no le pod\u00eda contratar en el ramo militar en el que ha servido con muchos m\u00e9ritos, al menos, se le otorgase un trabajo como capataz de las reales obras p\u00fablicas o como preboste de los presos.<\/p>\n<p>Aunque Fray Cipriano Utrera afirma que Pablo Al\u00ed en 1801 \u201c<em>emigr\u00f3 para Puerto Rico, pero volvi\u00f3 para luchar contra las hordas haitianas<\/em>\u201d<a href=\"#_ftn24\" name=\"_ftnref24\"><sup>[24]<\/sup><\/a>, hasta el momento no se ha encontrado ninguna evidencia documental que respalde esa aseveraci\u00f3n, de que las tropas espa\u00f1olas se lo llevaran consigo y que luego \u00e9l regresara por su cuenta para combatir a los ocupantes haitianos que en 1805 encabez\u00f3 el presidente y fundador de la reci\u00e9n creada naci\u00f3n, Jean-Jacques Dessalines. Lo que s\u00ed est\u00e1 documentado es que Espa\u00f1a comenz\u00f3 la retirada de sus tropas de Santo Domingo a partir del 4 de febrero de 1801, cuando Toussaint Louverture ocup\u00f3 la parte oriental de la Isla en nombre de Francia. Al\u00ed se mantuvo en bajo perfil durante el gobierno que encabez\u00f3 el l\u00edder de la Revoluci\u00f3n Haitiana, tras haberlo enfrentado en las batallas de Plaisance y \u00d1ag\u00e1 el 12 de enero de 1801, ya que cuando los espa\u00f1oles se embarcaron y lo dejaron a su suerte.<\/p>\n<p><strong>El perfil camale\u00f3nico del comandante Pablo Al\u00ed<\/strong><\/p>\n<p>Al producirse el retiro de Espa\u00f1a de la colonia, Al\u00ed ofreci\u00f3 sus servicios al mejor postor para poder sobrevivir en el contexto de la cambiante realidad pol\u00edtica, social y militar de la parte oriental de Santo Domingo, ya que este territorio cambi\u00f3 de due\u00f1o en m\u00faltiples ocasiones.<\/p>\n<p>El gran pol\u00edgrafo espa\u00f1ol, Marcelino Men\u00e9ndez y Pelayo, en su texto Historia de la Poes\u00eda Hispanoamericana, al referirse al Santo Domingo del siglo XVIII e inicios del siglo XIX, retrata perfectamente ese per\u00edodo cuando lo caracteriza del siguiente modo:<\/p>\n<p>\u201cLas vicisitudes pol\u00edticas y cambios de dominio porque atraves\u00f3 la isla durante el siglo XVIII, y especialmente en el per\u00edodo de la revoluci\u00f3n negra de Hait\u00ed, dieron lugar a varias improvisaciones de circunstancias, entre ellas la siguiente quintilla del presb\u00edtero D. Juan V\u00e1zquez, cura de Santiago de los Caballeros:<\/p>\n<p>&nbsp;<\/p>\n<p>Ayer espa\u00f1ol nac\u00ed,<\/p>\n<p>A la tarde fui franc\u00e9s,<\/p>\n<p>A la noche et\u00edope fui,<\/p>\n<p>Hoy dicen que soy ingl\u00e9s;<\/p>\n<p>No s\u00e9 qu\u00e9 ser\u00e1 de m\u00ed\u201d<a href=\"#_ftn25\" name=\"_ftnref25\"><sup>[25]<\/sup><\/a>.<\/p>\n<p>Esto versos reflejan las veleidades y el camaleonismo pol\u00edtico de que era necesario disfrazarse o revestirse para poder sobrevivir a las adversidades y a los peligros constantes que asechaban en una colonia que parec\u00eda un volc\u00e1n en permanente erupci\u00f3n, cuyas lavas pod\u00edan tomar a cualquiera de sorpresa y envolverlo en su lengua de fuego abrasadora y voraz, la cual cambiaba de amo como si se tratara de cambiarse de vestidura. Esto es lo que puede permite comprender m\u00e1s claramente la actitud mim\u00e9tica que se vio compelido a asumir el comandante Pablo Al\u00ed en la colonia espa\u00f1ola como jefe del Batall\u00f3n de los Morenos Libres.<\/p>\n<p>Al\u00ed en principio luch\u00f3 por la libertad de los esclavos que eran explotados y maltratados en las plantaciones agr\u00edcolas y en los ingenieros azucareros de la colonia francesa de Saint Domingue. Luego se coloc\u00f3 del lado de los espa\u00f1oles bajo las \u00f3rdenes del jefe de las Tropas Auxiliares Negras, general George Biassou, muy a pesar de darse cuenta de que los peninsulares no estaban de acuerdo con otorgarle la libertad a sus hermanos de raza en la colonia de Santo Domingo.<\/p>\n<p>Durante la revoluci\u00f3n haitiana y en el marco de la guerra franco-hispana estuvo combatiendo junto a Toussaint Louverture del lado de Espa\u00f1a hasta el a\u00f1o 1794, fecha en que este se pasa al bando franc\u00e9s tras la Asamblea Nacional de Francia aprobar la abolici\u00f3n general de la esclavitud en todas sus colonias, al comprender que la monarqu\u00eda espa\u00f1ola no estaba dispuesta a dar ese paso trascendental. A partir de entonces estos dos antiguos lugartenientes del general Biassou estuvieron en bandos enfrentados-Toussaint Louverture del lado franc\u00e9s y Pablo Al\u00ed del lado espa\u00f1ol-, siendo este derrotado en varias batallas que se escenificaron en los pueblos fronterizos.<\/p>\n<p>El 25 de enero de 1801 el gobernador de la colonia de Santo Domingo, general Joaqu\u00edn Garc\u00eda y Moreno, se enfrent\u00f3 al ej\u00e9rcito del gobernador de la colonia de Saint Domingue, general Toussaint Louverture, en el puesto de Haina, tras atravesar Azua y Ban\u00ed, donde las exiguas fuerzas de aquel de apenas 600 hombres fueron derrotadas, mientras que Mois\u00e9s Louverture fue enviado por el norte con otra columna, venciendo la resistencia que encontr\u00f3 en Santiago, La Vega y Cotu\u00ed, para juntos tomar el 26 de enero las plazas de armas del Castillo de San Jer\u00f3nimo y de la amurallada ciudad de Santo Domingo. En esas acciones de defensa de la colonia espa\u00f1ola particip\u00f3 activamente el comandante Pablo Al\u00ed y el Batall\u00f3n de los Pardos y Morenos Libres que \u00e9l dirig\u00eda, sin lograr contener el avance arrollador de las fuerzas del general Toussaint Louverture.<\/p>\n<p>Las tropas espa\u00f1olas empezaron a salir de la colonia el 4 de febrero de 1801, mientras que el gobernador Garc\u00eda y Moreno y el \u00faltimo contingente del Ej\u00e9rcito Real salieron del puerto de Santo Domingo el 22 de febrero de 1801 con destino a Maracaibo, Venezuela.<\/p>\n<p>El abandono de que fue objeto por parte de la corona espa\u00f1ola, a pesar de la fidelidad mostrada siempre ante el rey Carlos IV, es lo que explica de alguna manera la actitud de colaboraci\u00f3n que se vio precisado a asumir el comandante Pablo Al\u00ed ante los diferentes gobiernos que asumieron el control de la parte espa\u00f1ola de la isla de Santo Domingo para poder sobrevivir en esas circunstancias extremadamente dif\u00edciles, caracterizadas por la miseria y la desesperaci\u00f3n.<\/p>\n<p>El historiador espa\u00f1ol Jos\u00e9 Luis Belmonte Postigo ofrece una explicaci\u00f3n muy convincente en torno a las posibles razones que permiten entender el por qu\u00e9 el comandante Pablo Al\u00ed jug\u00f3 un rol tan importante en la colonia oriental de Santo Domingo, tras la firma del Tratado de Basilea en 1795, como jefe del Batall\u00f3n de los Pardos y Morenos Libres, en la preservaci\u00f3n del orden pol\u00edtico y social vigente entre 1809 y 1821 y en su transformaci\u00f3n constante entre 1821 y 1844, fecha de su deceso a los casi noventa a\u00f1os de edad. As\u00ed lo expresa Belmonte Postigo:<\/p>\n<p>\u201c<em>La conflictividad vivida en la colonia desde 1795, impuls\u00f3 a las autoridades a conformar el batall\u00f3n de morenos libres, como una, o tal vez, la principal fuerza militar que pod\u00eda preservar el orden pol\u00edtico y social en la colonia, utilizando para ello a tropas negras veteranas. Con un gran ascendiente entre su tropa, la figura de Al\u00ed emergi\u00f3 como una de las m\u00e1s notables e importantes del periodo 1809-1821. El fulgurante ascenso social de Al\u00ed no era sorprendente en Santo Domingo, donde los a\u00f1os de guerra hab\u00edan conformado un imaginario de lo militar, y de los militares, distinto al de otras partes del Caribe. As\u00ed, la alta graduaci\u00f3n militar de Al\u00ed hubiera sido impensable en otras partes del marco antillano, donde el racialismo imped\u00eda el ascenso en la escala jer\u00e1rquica militar, as\u00ed como el reconocimiento social que el grado militar atribu\u00eda<\/em>\u201d.<a href=\"#_ftn26\" name=\"_ftnref26\"><sup>[26]<\/sup><\/a><\/p>\n<p>Entre los a\u00f1os de 1801 y 1802 durante el gobierno del general Toussaint Louverture, el comandante Pablo Al\u00ed se qued\u00f3 en la colonia de Santo Domingo en un perfil totalmente bajo, pasando junto a su familia y subalternos enormes penurias y calamidades, contrario a lo expresado por el historiador espa\u00f1ol Fray Cipriano Utrera de que \u201cemigr\u00f3 a Puerto Rico\u201d y luego retorn\u00f3 para combatir a Dessalines y sus tropas en 1805.<\/p>\n<p>Aunque Al\u00ed escribi\u00f3 sendas cartas al rey Carlos IV de Espa\u00f1a en 1798 y en 1800, varios meses antes de que el m\u00e1ximo l\u00edder de la Revoluci\u00f3n Haitiana ocupara la parte oriental de la isla en nombre de Francia y de que la metr\u00f3polis peninsular se retirara de Santo Domingo, solicitando que le fuera restituido el salario de 30 pesos mensuales que cobraba anteriormente, que se le pusiera a trabajar como preboste en una c\u00e1rcel o que se le enviara a Florida junto a su antiguo jefe Biassou, con el aval y la motivaci\u00f3n del entonces gobernador de la colonia, Joaqu\u00edn Garc\u00eda y Moreno, no fue favorecido por la corona con ninguna de sus peticiones y mucho menos con el traslado a otra colonia de Espa\u00f1a en Am\u00e9rica.<\/p>\n<p>El general franc\u00e9s Jean-Louis Ferrand premi\u00f3 al comandante Pablo Al\u00ed con la exenci\u00f3n de todos los impuestos y de las rentas que adeudaba en prenda de su conducta, celo y valor demostrados en el cerco a la ciudad de Santo Domingo efectuado por el emperador haitiano Jean Jacques Dessalines desde el 8 al 26 de marzo de 1805. De esta manera describe el sacerdote capuchino Fray Cipriano de Utrera la colaboraci\u00f3n de Pablo Al\u00ed con el gobierno del general Jean-Louis Ferrand:<\/p>\n<p>\u201c<em>Continu\u00f3 el servicio militar y con cierto privilegio que le concedi\u00f3 Ferrand el 31 de marzo de 1805, por su conducta, celo y valor durante el sitio de Dessalines con servicio de capit\u00e1n, por lo que estuvo libre de impuestos y tributos en adelante, siendo tiempo de guerra<\/em>\u201d<a href=\"#_ftn27\" name=\"_ftnref27\"><sup>[27]<\/sup><\/a>.<\/p>\n<p>Dessalines hab\u00eda entrado a la parte oriental de la colonia de Santo Domingo con el prop\u00f3sito de posesionarse de ella, tras las decisiones adoptadas por el general Ferrand de autorizar la esclavizaci\u00f3n de todos los haitianos tomados en la zona fronteriza, sin importar su edad, para ponerlos a trabajar en la colonia o para venderlos al extranjero y ante la prohibici\u00f3n de que se comercializara ganado y otros productos agropecuarios con la reci\u00e9n independizada Rep\u00fablica de Hait\u00ed.<\/p>\n<p>Posterior a este hecho, las tropas napole\u00f3nicas ocuparon a Espa\u00f1a en 1807 y en 1808 obligando al rey Fernando VII a abdicar del trono y en su lugar fue designado como rey el hermano de Napole\u00f3n Bonaparte, Jos\u00e9 Bonaparte. Esta situaci\u00f3n, unida a las medidas restrictivas del comercio con Hait\u00ed, desencaden\u00f3 en la colonia de Santo Domingo una rebeli\u00f3n contra la dominaci\u00f3n francesa y por el retorno del soberano Fernando VII, lo que en la historiograf\u00eda dominicana ha recibido el nombre de Guerra de la Reconquista.<\/p>\n<p><strong>Participaci\u00f3n de Pablo Al\u00ed y el Batall\u00f3n de los Pardos y Morenos Libres en la Guerra de la Reconquista <\/strong><\/p>\n<p>La afinidad del comandante Al\u00ed con la metr\u00f3polis Espa\u00f1a era tal que cuando son\u00f3 el clar\u00edn de la Guerra de la Reconquista que encabezaba el hatero y brigadier cotuisano Juan S\u00e1nchez Ram\u00edrez, cerr\u00f3 fila junto al Batall\u00f3n de los Pardos y Morenos Libres, destac\u00e1ndose en diferentes acciones que se realizaron en los parajes pr\u00f3ximos a la ciudad de Santo Domingo, tal como se recoge en el Diario de la Reconquista:<\/p>\n<p>\u201c<em>Los franceses hab\u00edan armado efectivamente los esclavos que ten\u00edan en la Plaza, d\u00e1ndoles la libertad, visti\u00e9ndolos bien, franque\u00e1ndoles dinero y coloc\u00e1ndolos en las tropas; tomaron despu\u00e9s el arbitrio de hacerlos salir de la Plaza con el pretexto de pr\u00f3fugos y la verdadera intenci\u00f3n de seducir a los esclavos de afuera; pero yo, que no perd\u00eda de vista la m\u00e1s peque\u00f1a de las atenciones a mi cargo, recog\u00ed de los confiscados al enemigo los m\u00e1s fuertes y a prop\u00f3sito de tomar las armas, y form\u00e9 una Compa\u00f1\u00eda al mando de los morenos Pablo All\u00ed y Juan Bamb\u00ed (antiguos agraciados por S.M.C. por sus buenos servicios en la guerra anterior con Francia, y el primero acreedor al aprecio del Gobierno por su fidelidad, valor y conocimiento), ofreci\u00e9ndoles la libertad a nombre de la Autoridad Nacional, que representa la Real Persona de nuestro Augusto Soberano Se\u00f1or Don Fernando 7\u00ba. Siempre que permaneciesen comport\u00e1ndose bien; y de esta suerte frustr\u00e9 el efecto del plan de los franceses<\/em>\u201d<a href=\"#_ftn28\" name=\"_ftnref28\"><sup>[28]<\/sup><\/a><\/p>\n<p>El texto precedente pone de manifiesto claramente que los antiguos oficiales de las Tropas Auxiliares Negras Pablo Al\u00ed y Juan Bamb\u00ed fueron reconquistados por Juan S\u00e1nchez Ram\u00edrez y designados en el mando de una Compa\u00f1\u00eda de Morenos Libres, tras hab\u00e9rselos retenido al enemigo franc\u00e9s. De inmediato se dio cuenta de su destreza en el uso de las armas, de los buenos servicios prestados anteriormente a la corona espa\u00f1ola en su lucha contra Francia, de su fidelidad al gobierno espa\u00f1ol y de su valor y conocimiento en el arte de la guerra. S\u00e1nchez Ram\u00edrez le hizo el ofrecimiento de otorgarle la libertad a nombre del depuesto rey espa\u00f1ol Fernando VII, siempre y cuando que comportasen bien, frustrando de esa manera la labor de inteligencia que se propon\u00eda realizar el gobierno colonial franc\u00e9s a trav\u00e9s de la infiltraci\u00f3n de estos antiguos esclavos negros en las filas del subversivo ej\u00e9rcito pro hisp\u00e1nico de la reconquista.<\/p>\n<p>Durante el sitio de la ciudad de Santo Domingo, en el marco de la Guerra de la Reconquista, el capit\u00e1n Pablo Al\u00ed y su Batall\u00f3n de los Pardos y Morenos Libres participaron en varias batallas y acciones militares muy importantes como las del 11 de febrero de 1809, la del 21 de febrero en Manganagua, as\u00ed como las del 1 y 11 de marzo, siendo en esta \u00faltima que estando bajo del tiro de ca\u00f1\u00f3n, una bala le hiri\u00f3 gravemente y le desfigur\u00f3 la cara.<\/p>\n<p>Al\u00ed particip\u00f3 en la emboscada del fuerte de Pajarito (hoy Villa Duarte) el 7 de abril de 1809, logrando recuperar esa plaza, donde el enemigo tuvo una baja considerable de varios muertos y muchos heridos, mientras que la Compa\u00f1\u00eda de Morenos Libres tuvo un saldo tr\u00e1gico de 1 muerto y dos heridos. De esta manera Juan S\u00e1nchez Ram\u00edrez recoge en su Diario las incidencias de esa emboscada:<\/p>\n<p>\u201c<em>Abril 7. Sabiendo yo de antemano por las noticias de la Plaza que los franceses dispon\u00edan otra salida, distribu\u00ed mis \u00f3rdenes en todas las Divisiones, no atreviendome a determinar contra qual de ellas se dirigir\u00edan: me acerqu\u00e9 a los puestos abanzados de la del Este o izquierda; a poco tiempo se oy\u00f3 el fuego que rompi\u00f3 por la del Centro, que no consideraba yo con fuerza suficiente para resistir al enemigo que pod\u00eda atacarla: mand\u00e9 con esta consideraci\u00f3n al Comandante Carbajal que hiciese pasar por el pueblo de los Minas doscientos hombres de los suyos para reforzar el puesto atacado: corr\u00ed a las abanzadas del Este que estaban a menos de tiro de ca\u00f1\u00f3n del fuerte de Paxarito, puesto enemigo situado en la rivera oriental del r\u00edo: lo ataqu\u00e9 e hice embozcar para el efecto en su inmediaci\u00f3n al Capit\u00e1n de morenos libertos Pablo All\u00ed, quedando yo personalmente en la abanzada con la Compa\u00f1\u00eda de Italianos y algunos paisanos. A este tiempo llegaba el Teniente Coronel D. Jos\u00e9 Arata, que ven\u00eda de Puerto Rico en auxilio con alguna tropa, y al mucho fuego acudi\u00f3 con ella en el mismo parage en que yo estaba. Mi \u00e1nimo en esta operacion a ataque falso fue sorprender al enemigo para llamar la atencion de los que combat\u00edan por el Centro, y logr\u00e9 tan a medida de mi deseo, que toda aquella fuerza se retir\u00f3 en desorden con varios heridos, dexando algunos muertos; aun en el mismo fuerte de Paxarito hubo dos muertos y muchos maltratados, sin haber nosotros experimentado m\u00e1s da\u00f1o que el de un muerto y dos heridos de la Compa\u00f1\u00eda del moreno All\u00ed<\/em>\u201d<a href=\"#_ftn29\" name=\"_ftnref29\"><sup>[29]<\/sup><\/a>.<\/p>\n<p>De igual manera, Al\u00ed y sus tropas tuvieron una participaci\u00f3n de primer orden en la batalla del 5 de mayo de 1809 en Manganagua. As\u00ed la describe Juan S\u00e1nchez Ram\u00edrez:<\/p>\n<p>\u201c<em>A las seis de la ma\u00f1ana de este d\u00eda el enemigo, en n\u00famero de m\u00e1s de 600 hombres, invadi\u00f3 nuestro Cant\u00f3n del Este; su Comandante, D. Manuel Carbajal, dio sus disposiciones: se rompi\u00f3 el fuego en nuestra abanzada de Manganagua, se pusieron en defenza los patriotas e hicieron una resistencia tan vigorosa que, cargando impetuosamente contra los franceses, los derrotaron de golpe, oblig\u00e1ndoles a retirarse vergonzosamente, dexando en el campo de batalla veinte y quatro muertos, entre los cuales se encontraron tres oficiales, sin contar los muchos heridos que se llevaron; y de nuestra parte solo resultaron seis heridos y quatro muertos, entre ellos el Teniente de Urbanos, Miguel Ure\u00f1a. El Capit\u00e1n D. Mat\u00edas Guerrero y sus ayudantes D. Ram\u00f3n Ortiz y D. Diego Gonz\u00e1lez, los tres del mismo Cuerpo, y el Capit\u00e1n de morenos Pablo Al\u00ed se distinguieron completamente en esta acci\u00f3n<\/em>\u201d<a href=\"#_ftn30\" name=\"_ftnref30\"><sup>[30]<\/sup><\/a><\/p>\n<p>Como se ha podido observar, el rol desempe\u00f1ado por el comandante Pablo Al\u00ed al frente de la Compa\u00f1\u00eda o Batall\u00f3n de los Morenos Libre junto al brigadier Juan S\u00e1nchez Ram\u00edrez y el Comandante Manuel Carvajal fue determinante para lograr la rendici\u00f3n del general Joseph-David Dubarquier en la ciudad de Santo Domingo, en virtud del cerco y de las constantes acciones y batallas libradas para lograr la salida de Francia de la parte oriental de la isla, tras la derrota y posterior suicidio del general Jean-Louis Ferrand en la batalla de la Sabana de Palo Hincado de la com\u00fan del Seibo.<\/p>\n<p>El Brigadier y Capit\u00e1n General de la colonia de Santo Domingo, Juan S\u00e1nchez Ram\u00edrez, solicit\u00f3 a la Autoridad Nacional que presid\u00eda el rey Fernando VII, la libertad de los l\u00edderes del Batall\u00f3n de los Morenos Libres, Pablo Al\u00ed y Juan Bamb\u00ed, mediante oficio del 24 de julio de 1810, la cual fue concedida con calidad de asentimiento de sus antiguos amos.<\/p>\n<p>Por la Real Orden del 2 de septiembre de 1811, la Regencia del Reino presidida por el rey Fernando VII le concedi\u00f3 a Pablo Al\u00ed el grado de teniente coronel, as\u00ed como la Medalla de Oro con el busto del Rey, quien hasta entonces se desempe\u00f1aba como Comandante de las Milicias de Morenos Auxiliares de la Colonia Francesa de la Isla de Santo Domingo<a href=\"#_ftn31\" name=\"_ftnref31\"><sup>[31]<\/sup><\/a>.<\/p>\n<p>El historiador Emilio Cordero Michel en su texto \u201cProyecciones de la Revoluci\u00f3n Haitiana en la Sociedad Dominicana\u201d expresa:<\/p>\n<p>\u201c<em>Un a\u00f1o despu\u00e9s, a finales de 1812, los esclavos de dos destartaladas unidades productoras de az\u00facar, ubicadas en la margen oriental del r\u00edo Ozama, protagonizaron un levantamiento que se conoce con el nombre de Rebeli\u00f3n de Mojarra y Mendoza, los dos lugares geogr\u00e1ficos donde estaban ubicados los trapiches. En el movimiento estuvo implicado Pablo Al\u00ed, comandante del Batall\u00f3n de los Pardos y Morenos -aunque en el juicio no se pudo demostrar su culpabilidad- y su objetivo era, con el apoyo de P\u00e9tion y Christophe, abolir la esclavitud y proclamar un estado libre e independiente incorporado a Hait\u00ed. Este movimiento fue denunciado a las autoridades coloniales por uno de los complicados, y 115 esclavos fueron apresados y condenados a muerte sus dirigentes: Jos\u00e9 Leocadio, Pedro de Seda, Pedro Henr\u00edquez, Marcos Ca\u00f1af\u00edstola, Fragoso y ocho m\u00e1s. El resto fue castigado con diversas penas de prisi\u00f3n<\/em>\u201d<a href=\"#_ftn32\" name=\"_ftnref32\"><sup>[32]<\/sup><\/a>.<\/p>\n<p>Sobre la participaci\u00f3n del teniente coronel Pablo Al\u00ed y el oficial del Batall\u00f3n de los Pardos y Morenos Libres en esta rebeli\u00f3n de Mendoza y Mojara el historiador Carlos Esteban Deive difiere totalmente del punto de vista de Cordero Michel, ya que no los considera part\u00edcipes de ese movimiento, cuando afirma:<\/p>\n<p>\u201c<em>Fue acusado falsamente, junto con otro oficial de las tropas auxiliares, Juan Mamb\u00ed<a href=\"#_ftn33\" name=\"_ftnref33\"><sup><strong>[33]<\/strong><\/sup><\/a>, de encabezar una rebeli\u00f3n de negros libres y esclavos programada para estallar en la noche del 15 al 16 de agosto. En realidad, los verdaderos dirigentes de la sublevaci6n eran Jos\u00e9 Leocadio, Pedro de Seda, Pedro Henr\u00edquez y otros individuos de color. Hab\u00edan resuelto reunirse en el paraje de Mojarra, situado en la parte oriental de la colonia, e incitar a los esclavos de varias haciendas e ingenios a unirse a ellos. Los conjurados tomaron por asalto la hacienda de Mendoza la noche del d\u00eda 13, pero la peonada rehus\u00f3 secundarlos. Un tal Francisco Abud los delat\u00f3 al alcalde ped\u00e1neo de Los Llanos, hoy Guerra, mientras un esclavo del ingenio de San Jos\u00e9 hizo lo mismo ante el mayordomo Francisco de Pe\u00f1a. El pretexto esgrimido por los sediciosos para justificar los levantamientos fue que el gobierno espa\u00f1ol no hab\u00eda cumplido con el supuesto decreto de las Cortes Generales, instaladas el 24 de septiembre de 1810, mediante el cual se abolir\u00eda la esclavitud, hecho que tendr\u00eda efecto cuando el brigadier Gil Narciso, nombrado gobernador de Santo Domingo en sustituci\u00f3n del interino Manuel Caballero, llegara al pa\u00eds con tropas.\u00a0 Narciso ostentaba ese grado en el ej\u00e9rcito de Jean Fran\u00e7ois, con quien hab\u00eda salido para C\u00e1diz en 1796. Apresados, los principales cabecillas fueron condenados a la pena de muerte. En el juicio no s\u00f3lo se demostr\u00f3 la inocencia de Al\u00ed y Mamb\u00ed, sino que el teniente de gobernador e intendente pol\u00edtico, Jos\u00e9 N\u00fa\u00f1ez de C\u00e1ceres, los felicit\u00f3 por su lealtad a las autoridades. Al\u00ed le hab\u00eda entregado unos papeles comprometedores que le escribieran, prueba irrefutable de la lealtad de los acusados. Cuando se produjo la revuelta de Mojarra, la colonia de Santo Domingo hac\u00eda ya cuatro a\u00f1os que hab\u00eda vuelto a poder de Espa\u00f1a<\/em>\u201d<a href=\"#_ftn34\" name=\"_ftnref34\"><sup>[34]<\/sup><\/a>.<\/p>\n<p>Es poco probable que el reci\u00e9n reintegrado y ascendido al rango de teniente coronel y distinguido con la Medalla de Oro con el busto del Rey Fernando VII, por disposici\u00f3n de la Regencia del Reino que presid\u00eda el soberano espa\u00f1ol, Pablo Al\u00ed y el oficial Juan Bamb\u00ed, del Batall\u00f3n o Compa\u00f1\u00eda de los Morenos Libres, se hayan involucrado en una acci\u00f3n de ese tipo, teniendo ellos bien claras las consecuencias que eso tendr\u00eda para su carrera militar y sus vidas privadas.<\/p>\n<p>El 24 de diciembre de 1814 los oficiales del Batall\u00f3n de los Morenos Libres enviaron una carta de felicitaci\u00f3n al rey Fernando VII por su retorno al trono de la corte espa\u00f1ola, mediante oficio firmado por su comandante Pablo Al\u00ed, Juan Bamb\u00ed, Francisco Agapito, Juan Santill\u00e1n, Jos\u00e9 Francisco Gast\u00f3n, Isidro Pull\u00f3n, Silvestre Luis Chico, Jos\u00e9 Manuel Polanco, Francisco Blanco, Luis Soto, Jos\u00e9 Casimiro, F\u00e9lix Solano, Ruiarmar y Jos\u00e9 Coronier<a href=\"#_ftn35\" name=\"_ftnref35\"><sup>[35]<\/sup><\/a>.<\/p>\n<p>En su condici\u00f3n de Jefe de la Plaza de Armas de San Juan de la Maguana, el Teniente Coronel Pablo Al\u00ed recibi\u00f3 una comunicaci\u00f3n de parte del Teniente Coronel, Ysnardi, edec\u00e1n del presidente de Hait\u00ed, general Jean Pierre Boyer, en la que le preven\u00eda en torno a la ocupaci\u00f3n de la parte oriental de la isla de Santo Domingo para unificarla en un solo gobierno regido por la Rep\u00fablica de Hait\u00ed y se le solicitaba su sometimiento pac\u00edfico para evitar que el ej\u00e9rcito haitiano caiga sobre el territorio de habla hispana, con lo cual le evitar\u00edan la pena de perturbar a los habitantes y a sus familias. A continuaci\u00f3n, se transcribe in extenso la comunicaci\u00f3n entregada por el teniente coronel Ysnardi al teniente coronel Al\u00ed:<\/p>\n<p>\u201c<em>En San Juan a 9 de noviembre del 1820. \u2013El teniente coronel Ysnardi, edec\u00e1n del presidente de Hait\u00ed al coronel Al\u00ed.<\/em><\/p>\n<p><em>Ciudadano coronel. \u2013Tengo el honor de prevenir a V. la resoluci\u00f3n y disposici\u00f3n del gobierno de la rep\u00fablica de Hait\u00ed, esta es ya una cosa hecha: el eg\u00e9rcito pide que toda la isla de Hait\u00ed se someta a un solo gobierno que es el de la rep\u00fablica de Hait\u00ed y a m\u00ed se me ha escogido p.a participaros las condiciones a fin de que no sea preciso q.e un eg\u00e9rcito de la rep\u00fablica caiga sobre vuestro territorio. \u2013El gefe del gobierno no querr\u00eda tener esta pena ni la de perturbar a los habitantes y sus familias. Por lo que a V. toca, ya se sabe que es V. haytiano, y q.e ha comenzado su carrera militar en la rep\u00fablica: si os someteis ir\u00e1 tranquilo: los gefes mandar\u00e1n su pueblo y a nadie se incomodar\u00e1 excepto a los que quieran resistirse: en toda la isla se formar\u00e1 un cuerpo de guardias nacionales que ser\u00e1n armados por el gobierno para la defensa del pa\u00eds, de las familias y sus propiedades, los que trabajaren por la felicidad del pa\u00eds ser\u00e1n recompensados por el gefe del gobierno: ruego a V. que comunique\u00a0 estas cosas con el ciudadano Cadichon Enaul, su hermano y el ciudadano Chevalier, como igualm.te con los demas haytianos de vuestra confianza: os encargo q.e escribais al presidente de Hait\u00ed y yo quedo aguardando la respuesta: las Matas, S. Juan y Neiba est\u00e1n ya sometidos al gobierno de la rep\u00fablica y los puertos de la parte espa\u00f1ola quedan abiertos; el tr\u00e1fico de ganado est\u00e1 esento de todos dros; y luego que se haga la sumisi\u00f3n cada deppto. Y com\u00fan enviar\u00e1 su diputaci\u00f3n al gefe del gobierno para que se os hagan conocer las condiciones y la garant\u00eda del pueblo. \u2013Tengo el honor Se\u00f1or coronel de saludar a V. con respeto.<\/em><\/p>\n<p><em>\u2013Ysnardi. \u2013Es copia (fdo.) Kindel\u00e1n<\/em>.\u201d<a href=\"#_ftn36\" name=\"_ftnref36\"><sup>[36]<\/sup><\/a><\/p>\n<p>Consciente de la amenaza que pend\u00eda como una espada de Damocles sobre la parte oriental de la Isla de Santo Domingo y como \u00e9l hab\u00eda sufrido en carne propia lo ocurrido con la ocupaci\u00f3n de Toussaint Louverture, el teniente coronel Pablo Al\u00ed decidi\u00f3 prepararse para lo que ven\u00eda. El 2 de enero de 1821 el Teniente Coronel solicit\u00f3 la carta de ciudadan\u00eda de ciudadan\u00eda espa\u00f1ola, mediante un oficio en el que daba cuenta de sus 26 a\u00f1os de servicios a Espa\u00f1a, desde que sirvi\u00f3 como capit\u00e1n de la tropa de los negros auxiliares que dirig\u00eda Biassou contra la Rep\u00fablica Francesa, al participar en m\u00faltiples acciones contra los galos y frente a las tropas de Toussaint Louverture, al lado del brigadier Juan S\u00e1nchez Ram\u00edrez en la Guerra de la Reconquista en su condici\u00f3n de Jefe del Batall\u00f3n de los Pardos y Morenos Libres, as\u00ed como tambi\u00e9n en su rol de comandante de la Plaza de Armas de San Juan de la Maguana.<\/p>\n<p><strong>Participaci\u00f3n decisiva del comandante Pablo Al\u00ed y el Batall\u00f3n de los Pardos y Morenos Libres en el Proyecto Independentista de Jos\u00e9 N\u00fa\u00f1ez de C\u00e1ceres<\/strong><\/p>\n<p>El 27 de julio de 1821 las Cortes Espa\u00f1olas le concedieron la ciudadan\u00eda espa\u00f1ola al jefe del Batall\u00f3n de los Morenos Libres, Pablo Al\u00ed, y a otros oficiales de su batall\u00f3n que la hab\u00edan solicitado, decisi\u00f3n que no lleg\u00f3 a sus manos por componenda entre el Auditor de Guerra, Jos\u00e9 N\u00fa\u00f1ez de C\u00e1ceres, y el Fiscal de Hacienda P\u00fablica, Jos\u00e9 Joaqu\u00edn del Monte, para involucrarle en el proyecto independentista que se ven\u00eda fraguando, al prometerle que los integrantes de su Batall\u00f3n y los esclavos negros en general pasar\u00edan a ser hombres libres y ostentar\u00edan posiciones militares relevantes.<\/p>\n<p>El historiador eclesi\u00e1stico Carlos Nouel, autor de la singular obra Historia Eclesi\u00e1stica de la Arquidi\u00f3cesis de Santo Domingo. Primada de Am\u00e9rica, analiza las causas que hicieron posible tanto la independencia encabezada por N\u00fa\u00f1ez de C\u00e1ceres como la posterior ocupaci\u00f3n de la parte oriental de la isla de Santo Domingo por parte de Hait\u00ed en todos sus detalles, donde resalta que desde finales de 1819 el gobierno de Jean Pierre Boyer hab\u00eda enviado diferentes emisarios y misiones oficiosas de ablandamiento en todas las zonas fronterizas de la L\u00ednea Noroeste, del Oeste y del Sur, e incluso en el centro y el nordeste, lo que se profundiz\u00f3 con la unificaci\u00f3n de la Rep\u00fablica de Hait\u00ed a partir del suicidio del emperador Henri Christopher el 8 de octubre de 1820, pues vio la ocasi\u00f3n propicia para convertir en realidad la acariciada idea de la indivisibilidad del territorio y de la unidad pol\u00edtica de la isla.<\/p>\n<p>Boyer cosech\u00f3 r\u00e1pidamente los frutos de la siembra, al lograr m\u00faltiples pronunciamientos de adhesi\u00f3n a la Rep\u00fablica de Hait\u00ed mediante el izamiento de la bandera haitiana en sustituci\u00f3n del pabell\u00f3n espa\u00f1ol en los pueblos de Dajab\u00f3n, Montecristi, Santiago, Puerto Plata, Saman\u00e1, Neiba, El\u00edas Pi\u00f1a, Las Matas de Farf\u00e1n y Azua, desde el 8 de enero de 1821 hasta el 10 de febrero de 1822.<\/p>\n<p>Jos\u00e9 N\u00fa\u00f1ez de C\u00e1ceres adelant\u00f3 su movimiento conspirativo para el 30 de noviembre de 1821, al temer que la acci\u00f3n del 15 de ese mes en Montecristi y Dajab\u00f3n, en que izaron la bandera haitiana, se convirtiera en una cascada incontenible que envolviera a todos los pueblos de Santo Domingo oriental y ahogara para siempre su proyecto de una patria libre y soberana. En la parte militar del movimiento, el teniente coronel Pablo Al\u00ed jug\u00f3 un rol determinante, al tomar la Fuerza o Fortaleza Ozama con sus tropas de infanter\u00eda, mejor conocido por Batall\u00f3n de los Morenos Libres, logr\u00f3 la dimisi\u00f3n del gobernador Pascual Real y procedi\u00f3 a su posterior embarque en un buque ingl\u00e9s el 7 de diciembre de 1821 con destino a Espa\u00f1a -v\u00eda Londres-, junto a su familia, sus jefes militares peninsulares m\u00e1s cercanos y el s\u00e9quito de empleados.<\/p>\n<p>En una relaci\u00f3n pormenorizada o exhaustiva de sus Memorias, el destituido Brigadier Pascual Real en fecha 24 de enero de 1822 en Liverpool, Inglaterra, narra los hechos ocurridos antes, durante y despu\u00e9s de la noche del 30 de noviembre de 1821, donde resalta el papel desempe\u00f1ado por el Comandante Pablo Al\u00ed en la conspiraci\u00f3n, a quien le otorg\u00f3 el rango de Capit\u00e1n, donde justifica la participaci\u00f3n de \u00e9ste en el hecho de que fue objeto de un enga\u00f1o junto a otros oficiales del Batall\u00f3n de los Morenos Libres, por parte del Auditor de Guerra, Jos\u00e9 N\u00fa\u00f1ez de C\u00e1ceres, y el fiscal de Hacienda P\u00fablica, Jos\u00e9 Joaqu\u00edn del Monte.<\/p>\n<p>De acuerdo con la versi\u00f3n del depuesto gobernador colonial, los se\u00f1ores N\u00fa\u00f1ez de C\u00e1ceres y Del Monte le mostraron una falsa Real Orden al Jefe del Batall\u00f3n de los Morenos Libres, Pablo Al\u00ed, en la que supuestamente a \u00e9l y a otros de sus Capitanes se les negaba la Carta de Ciudadan\u00eda Espa\u00f1ola que hab\u00edan solicitado<a href=\"#_ftn37\" name=\"_ftnref37\"><sup>[37]<\/sup><\/a>, al tiempo que le promet\u00edan realizar una liberaci\u00f3n general de todos los esclavos de la colonia, pago completo de sus sueldos en los adelante y ascensos para todos los implicados.<\/p>\n<p>Pascual Real afirma que con ese ardiz los jefes de la revoluci\u00f3n \u201c<em>pudieron corromper la fidelidad de este buen hombre<\/em>\u201d, Pablo Al\u00ed, \u201c<em>y su tropa<\/em>\u201d, al tiempo que\u00a0 ganaron para su causa \u201c<em>al Capit\u00e1n D. Manuel Carbajal, segundo que fue de D. Juan Sanchez en la reconquista, y q.e se hallaba sumamente descontento por falta de premio, y aun autorizaci\u00f3n de su empleo; al Capit\u00e1n de Caballer\u00eda D. N. Basquez, elevando al primero a Capit\u00e1n Gen.l de la Ysla, y a Coronel el segundo de cuyo modo por la mucha influencia q.e estos sujetos ten\u00edan, se atrajeron varias compa\u00f1\u00edas de los Pueblos interiores, a quienes tambi\u00e9n prometieron ventajas<\/em>\u201d<a href=\"#_ftn38\" name=\"_ftnref38\"><sup>[38]<\/sup><\/a>.<\/p>\n<p><strong>Exclusi\u00f3n del Comandante Pablo Al\u00ed del Nuevo Gobierno Independiente <\/strong><\/p>\n<p>El nuevo orden pol\u00edtico que se estableci\u00f3, como resultado de la revoluci\u00f3n del 30 de noviembre de 1821, pas\u00f3 a denominarse Estado Independiente de la Parte Espa\u00f1ola de Hait\u00ed, cuyas m\u00e1ximas autoridades pasaron a ser, Jos\u00e9 N\u00fa\u00f1ez de C\u00e1ceres, Gobernador pol\u00edtico y Presidente del Estado Independiente de la parte espa\u00f1ola de Hait\u00ed, Manuel Carvajal, Coronel del ej\u00e9rcito libertador y Capit\u00e1n general, Juan Vicente Moscoso, Diputado del partido de la capital, Antonio Mart\u00ednez Vald\u00e9s, por el primer partido del Norte, Licenciado Juan Nepomuceno de Arredondo, por el segundo partido del Norte, Juan Ru\u00edz, Coronel del ej\u00e9rcito libertador, por el partido del Este, y Vicente Mancebo por el partido del Sur.<\/p>\n<p>Lo primero que se alcanza a ver en estas designaciones de la Jefatura del nuevo Estado Independiente de Hait\u00ed Espa\u00f1ol es la exclusi\u00f3n de que fue objeto un personaje clave en la ejecuci\u00f3n de las acciones que hicieron posible el triunfo de la revoluci\u00f3n de la noche del 30 de noviembre del a\u00f1o 1821, el teniente coronel Pablo Al\u00ed y sus compa\u00f1eros del Batall\u00f3n de Morenos Libres.<\/p>\n<p>Las bases pol\u00edticas y jur\u00eddicas sobre las cuales se asent\u00f3 el nuevo Estado independiente fueron: 1. La Declaratoria de Independencia del Pueblo Dominicano; 2. El Acta Constitutiva del Gobierno Provisional del Estado Independiente de la Parte Espa\u00f1ola, ambas realizadas el 1 de diciembre de 1821, y 3. El Acta de la Sesi\u00f3n de la Junta Provisional de Gobierno del Estado Independiente de Hait\u00ed Espa\u00f1ol, de fecha 4 de diciembre del 1821.<\/p>\n<p>En la Declaratoria de Independencia del Pueblo Dominicano se hace una cr\u00edtica profunda a la actitud asumida por Espa\u00f1a ante la Isla de Santo Domingo durante cerca de 350 a\u00f1os, desde el Descubrimiento de Am\u00e9rica o del Nuevo Mundo en 1492 hasta las primeras d\u00e9cadas del siglo XIX, de desprecio absoluto a la fidelidad mostrada siempre por los habitantes de la colonia espa\u00f1ola, hasta el punto de dejarlos a su suerte en la m\u00e1s espantosa miseria.<\/p>\n<p>N\u00fa\u00f1ez de C\u00e1ceres formula all\u00ed las bases del Nuevo Orden Econ\u00f3mico-Social, Pol\u00edtico y Jur\u00eddico, con el cual buscaba alcanzar la felicidad plena de los habitantes de la Parte Oriental de Santo Domingo:<\/p>\n<p>\u201c<em>Estamos plenamente convencidos de que, para conseguirla y aumentarla, no nos queda otro camino que el de la independencia. Con ella tendremos leyes formadas por nosotros mismos, an\u00e1logas al genio, educaci\u00f3n y costumbres de los pueblos, acomodadas al clima y localidad, y nuestra representaci\u00f3n nacional sobre la proporci\u00f3n num\u00e9rica guardar\u00e1 una perfecta igualdad entre todos los pobladores de estas provincias\u2026 Atenderemos con especial cuidado a la educaci\u00f3n de la juventud tan abandonada hasta ahora, porque sin ella son ineficaces todos los deseos de p\u00fablica felicidad. Nos dedicaremos al fomento de la agricultura, de las artes y el comercio, como las \u00fanicas y verdaderas fuentes de la riqueza de los pueblos; arreglaremos nuestras rentas sobre el dogma fundamental de no gastar m\u00e1s de lo que tenemos y es compatible con la riqueza territorial: vendr\u00e1n a nuestros puertos todas las naciones en estado de proveer a nuestras necesidades y de dar estimaci\u00f3n y salida a los frutos del pa\u00eds<\/em>\u201d<a href=\"#_ftn39\" name=\"_ftnref39\"><sup>[39]<\/sup><\/a><\/p>\n<p>En ese texto los sectores independentistas rompen radicalmente con los lazos de dependencia que nos ataban a Espa\u00f1a en lo econ\u00f3mico, en lo pol\u00edtico, en lo jur\u00eddico, en lo social y en lo cultural. Al mismo tiempo se avanzan algunos elementos que contribuir\u00edan a la creaci\u00f3n de una nueva institucionalidad sustentadas en leyes que surjan de la realidad nacional y local, basadas en el genio, la educaci\u00f3n y costumbres de los diferentes pueblos del nuevo Estado. Aqu\u00ed se privilegia la educaci\u00f3n de la juventud y se le otorga un lugar especial a la agricultura, a las artes y al comercio, como las principales fuentes de riqueza de los pueblos. De igual manera, se plantea romper con el monopolio comercial que instituy\u00f3 Espa\u00f1a en sus colonias y abrir sus puertos a todas las naciones que apreciaran nuestros frutos y estuvieran dispuestas a satisfacer nuestras necesidades.<\/p>\n<p>En esa Declaratoria de Independencia se denomina Pueblo Dominicano a los habitantes de la parte espa\u00f1ola de Santo Domingo, liberado de toda tutela, fidelidad y obediencia a la metr\u00f3polis Espa\u00f1a. Aqu\u00ed se establece que el nuevo Estado est\u00e1 investido de dignidad y soberan\u00eda plena para poder establecer su propia forma de gobierno, al tiempo de estar en libertad de contraer alianzas, tratados de comercio, actos, transacciones y convenios como toda naci\u00f3n libre e independiente, el cual defender\u00edan con sus vidas, fortuna y honor. En ese texto se consigna abiertamente la simpat\u00eda del nuevo Estado con la Gran Colombia que en Am\u00e9rica del Sur presid\u00eda el gigante Sim\u00f3n Bol\u00edvar.<\/p>\n<p>Varios factores impidieron convertir en realidad este anhelo de N\u00fa\u00f1ez de C\u00e1ceres y sus colaboradores, entre ellos el haber mantenido la esclavitud de m\u00e1s de 10,000 trabajadores negros en todo el territorio de la nueva rep\u00fablica, en violaci\u00f3n a lo pactado con el Jefe del Batall\u00f3n de los Morenos Libres, Teniente Coronel Pablo Al\u00ed; aliarse a la clase social hatera, sustentadora del viejo orden econ\u00f3mico olig\u00e1rquico-terrateniente y recurrir a una confederaci\u00f3n pol\u00edtica allende los mares con la Gran Colombia, en lugar de pactar un acuerdo de colaboraci\u00f3n y reciprocidad comercial con el vecino pa\u00eds de Hait\u00ed.<\/p>\n<p>La violaci\u00f3n a lo pactado por Jos\u00e9 N\u00fa\u00f1ez de C\u00e1ceres con el teniente coronel Pablo Al\u00ed en relaci\u00f3n con la abolici\u00f3n de la esclavitud de los negros que habitaban en la parte oriental de la Isla de Santo Domingo, se puso de manifiesto m\u00e1s claramente en el art\u00edculo 9 del Acta Constitutiva del Gobierno Provisional del Estado Independiente de la Parte Espa\u00f1ola, el cual reza:<\/p>\n<p>\u201c<em>Son ciudadanos del Estado independiente de la parte Espa\u00f1ola de Hait\u00ed todos los hombres libres de cualquier color y religi\u00f3n que sean, nacidos en nuestro territorio, o, aunque lo sean en pa\u00eds extranjero, si llevasen tres a\u00f1os de residencia o fueren casados con muger natural. En ambos casos har\u00e1n constar los interesados al Gobierno las respectivas circunstancias por medio de una informaci\u00f3n ante los Alcaldes municipales, y la de haber vivido obediente a las leyes del pa\u00eds, ocupados en arte, oficio, o industria honesta, y resultando conforme le despachar\u00e1 la carta de ciudadano, sellada con el del Estado, y autorizada por el Secretario de Gobierno<\/em>\u201d<a href=\"#_ftn40\" name=\"_ftnref40\"><sup>[40]<\/sup><\/a>.<\/p>\n<p>Ese documento expresaba de forma muy expl\u00edcita que s\u00f3lo eran ciudadanos del Estado Independiente de la parte Espa\u00f1ola de Hait\u00ed \u201c<em>todos los hombres libres de cualquier color y religi\u00f3n<\/em>\u201d<a href=\"#_ftn41\" name=\"_ftnref41\"><sup>[41]<\/sup><\/a>, con lo cual dejaban expresado de forma expl\u00edcita que aquellas personas que estaban en situaci\u00f3n de esclavitud -como los negros-\u00a0 o en estado de sumisi\u00f3n ante un amo, due\u00f1o de plantaciones agr\u00edcolas, de hatos ganaderos o de \u00e1reas de servicios, no ten\u00edan derecho a la ciudadan\u00eda en el nuevo orden pol\u00edtico y econ\u00f3mico que se pretend\u00eda establecer.<\/p>\n<p>Esa realidad era a\u00fan m\u00e1s grave si se toma en cuenta lo planteado por el ac\u00e1pite 4 del art\u00edculo 13, que indicaba que el ejercicio de los derechos se pierde \u201c<em>por no saber leer, ni escribir para lo que es ser elegido, pero no para elegir<\/em>\u201d<a href=\"#_ftn42\" name=\"_ftnref42\"><sup>[42]<\/sup><\/a>, lo que afectaba directamente a Pablo Al\u00ed, Jefe del Batall\u00f3n de los Pardos y Morenos Libres, que era analfabeto, al igual que otros oficiales de su compa\u00f1\u00eda de infanter\u00eda, lo que probablemente le impidi\u00f3 ser seleccionado para ocupar posiciones importantes en el nuevo Estado, ya que no sab\u00edan leer ni escribir. Eso, de alguna manera, es lo que podr\u00eda proporcionar una explicaci\u00f3n certera del por qu\u00e9 Pablo Al\u00ed qued\u00f3 excluido del reparto que hizo N\u00fa\u00f1ez de C\u00e1ceres de las principales posiciones en el Gabinete del Nuevo Gobierno creado a partir del triunfo de la revoluci\u00f3n del 30 de noviembre de 1821.<\/p>\n<p><strong>Ascenso Militar de Pablo Al\u00ed en el Gobierno Haitiano de Jean Pierre Boyer <\/strong><\/p>\n<p>A partir de ese momento la presencia de la figura de Pablo Al\u00ed y el Batall\u00f3n de los Pardos y Morenos Libres se eclipsa hasta que se produce la ocupaci\u00f3n del presidente haitiano Jean Pierre Boyer el 9 de febrero de 1822. Una vez se consum\u00f3 la dominaci\u00f3n haitiana, el presidente Boyer procedi\u00f3 a designar en posiciones claves a militares de su extrema confianza, entre los cuales se encontraba el jefe del Batall\u00f3n de Morenos Libres, Pablo Al\u00ed, a quien ascendi\u00f3 al rango de coronel y lo puso como comandante de los regimientos de infanter\u00eda 31 y 32, donde pas\u00f3 a dirigir una tropa de 500 hombres.<\/p>\n<p>Esta designaci\u00f3n puso de manifiesto que Pablo Al\u00ed recibi\u00f3 un mejor trato de parte del presidente Boyer que el recibido de parte del licenciado Jos\u00e9 N\u00fanez de C\u00e1ceres, a quien hab\u00eda ayudado a construir el proyecto independentista del primero de diciembre de 1821. Pero esta no fue la \u00fanica distinci\u00f3n que hizo Boyer con Al\u00ed, ya que le don\u00f3 las tierras correspondientes al ingenio de Engombe, cuya ubicaci\u00f3n est\u00e1 entre San Crist\u00f3bal y Santo Domingo, el cual probablemente era propiedad de algunos de los terratenientes de origen espa\u00f1ol que se hab\u00edan ausentado del pa\u00eds tras la ocupaci\u00f3n haitiana. Esa informaci\u00f3n est\u00e1 contenida en el Acto Notarial No. 122 de fecha 27 de octubre de 1831, suscrito por los notarios p\u00fablicos licenciados Jos\u00e9 Troncoso y Antonio Abad Solano, el cual fue asentado en la Oficina de Registro de Santo Domingo el 28 de octubre de 1831, que estaba bajo la direcci\u00f3n de A. Couset<a href=\"#_ftn43\" name=\"_ftnref43\">[43]<\/a>.<\/p>\n<p>El Acto Notarial declara expl\u00edcitamente que por ante los notarios p\u00fablicos Jos\u00e9 Troncoso y Antonio Abad Solano compareci\u00f3 \u201c<em>el ciudadano Pablo Al\u00ed, Coronel del Regimiento Treinta y Uno<\/em>\u201d, responsable del cuidado de la Plaza de Santo Domingo, quien les expres\u00f3 \u201c<em>que en los terrenos del Ingenio Engombe, del que est\u00e1 en plena y pac\u00edfica posesi\u00f3n por donaci\u00f3n Nacional que le ha hecho el Presidente de Hait\u00ed<\/em>\u201d, procedi\u00f3 a arrendarle \u201c<em>a la ciudadana Micaela Geraldo Vda. Delgado, de oficio labradora, cinco carreaux de tierra de labor<\/em>\u201d<a href=\"#_ftn44\" name=\"_ftnref44\">[44]<\/a> (equivalentes a 6.5 hect\u00e1reas \u00f3 102.9 tareas dominicanas), durante seis a\u00f1os, a un costo de 10 pesos anual.<\/p>\n<p>Dos elementos destacan en este importante documento judicial. El primer elemento a destacar es que el coronel Pablo Al\u00ed en esta ocasi\u00f3n ostenta la condici\u00f3n de ciudadano, lo mismo que la se\u00f1ora Micaela Geraldo Vda. Delgado, muy a pesar de que dice que \u201c<em>no firmaron por no saberlo hacer<\/em>\u201d<a href=\"#_ftn45\" name=\"_ftnref45\">[45]<\/a>, es decir, sin importar su condici\u00f3n de analfabetos, algo muy diferente a lo que solo pod\u00edan ostentar la condici\u00f3n de ciudadanos y ocupar posiciones relevantes las personas libres y los que no fueran analfabetos.\u00a0 Otro elemento muy importante a destacar es que durante la ocupaci\u00f3n haitiana las mujeres viudas o solteras pod\u00edan adquirir en calidad de propietarias o arrendar bienes y ejercer plenamente sus derechos ciudadanos.<\/p>\n<p><strong>Vinculaci\u00f3n de Pablo Al\u00ed al Movimiento de la Reforma Haitiana<\/strong><\/p>\n<p>El proceso que desencaden\u00f3 el movimiento de la Reforma en Hait\u00ed en el a\u00f1o 1843 y su repercusi\u00f3n en la parte oriental de Santo Domingo, que trajo consigo el derrocamiento del presidente Jean Pierre Boyer el 13 de marzo y la capitulaci\u00f3n en Santo Domingo del general haitiano Justin Alexis Carri\u00e9 Blaise el 26 de ese mismo mes y a\u00f1o. El coronel Pablo Al\u00ed jug\u00f3 un rol muy importante en el movimiento reformista, raz\u00f3n por la cual fue ascendido al rango de General de Divisi\u00f3n y designado como Jefe Superior del Departamento de Santo Domingo, en virtud de la propuesta de sus aliados trinitarios al interior de la Junta Popular de Santo Domingo. Los miembros de este gobierno provisional colegiado fueron escogidos por elecci\u00f3n popular, de los cuales eran cinco dominicanos, Juan Pablo Duarte, Ram\u00f3n Mat\u00edas Mella, Manuel Jimenes, Pedro Alejandrino Pina y F\u00e9lix Mercenario, as\u00ed como dos haitianos, Juan Bautista Mor\u00edn y Alcius Ponthieux Fils (Presidente). De igual modo, el general Henri \u00c9tienne Desgrotte fue designado comandante de la Plaza de Armas de Santo Domingo.<\/p>\n<p>El rol jugado por los trinitarios con Juan Pablo Duarte, Francisco del Rosario S\u00e1nchez, Ram\u00f3n Mat\u00edas Mella, Pedro Alejandrino Pina, Manuel Jimenes y Juan Isidro P\u00e9rez de la Paz a la cabeza, fue determinante para lograr la adhesi\u00f3n de los veteranos militares General Pablo Al\u00ed y General Henri \u00c9tienne Desgrotte, al movimiento de la Reforma, que, tras ser tiroteados por el batall\u00f3n fiel al General Carri\u00e9, se vieron obligados a saltar las murallas de Santo Domingo para replegarse a la ciudad de San Crist\u00f3bal y as\u00ed acumular fuerzas suficientes para resistir a los sectores boyeristas. Con el apoyo del coronel del Batall\u00f3n de San Crist\u00f3bal, Don Esteban Roca, del pueblo sancristobalense, as\u00ed como de los pueblos de Ban\u00ed y Azua, lograron juntar una multitud de m\u00e1s de 2 mil personas, con la cual volvieron a Santo Domingo e hicieron capitular a Carri\u00e9, sin tirar un solo tiro.<\/p>\n<p>El comandante del Batall\u00f3n de Pardos y Morenos Libres -denominado posteriormente Regimiento 31-, General de Divisi\u00f3n y Jefe Superior del Departamento de Santo Domingo, Pablo Al\u00ed, falleci\u00f3 el 14 de febrero de 1844, apenas 13 d\u00edas antes de producirse la proclamaci\u00f3n de la Rep\u00fablica Dominicana como naci\u00f3n libre e independiente de la Rep\u00fablica de Hait\u00ed, con la cual estaba colaborando activamente.<\/p>\n<p><strong>CONCLUSIONES<\/strong><\/p>\n<p>Es indudable el rol de primer orden que tuvo el comandante Pablo Al\u00ed y su Batall\u00f3n de los Pardos y Morenos Libres en el proceso pol\u00edtico y militar en la parte oriental de Santo Domingo entre los a\u00f1os de 1791 y 1844. Este papel fue a\u00fan m\u00e1s relevante en el proceso que condujo a convertir en una realidad insoslayable el proyecto independentista del acad\u00e9mico y Auditor General de Guerra, Jos\u00e9 N\u00fa\u00f1ez de C\u00e1ceres, la noche del 30 de noviembre de 1821 al tomar la Fuerza, Torre del Homenaje o Fortaleza Ozama, hacer prisionero al gobernador espa\u00f1ol Pascual Real, colocarle en una embarcaci\u00f3n con destino a Espa\u00f1a, a trav\u00e9s de Liverpool, Inglaterra, y proclamar el Estado Independiente de Hait\u00ed Espa\u00f1ol el 1 de diciembre de 1821.<\/p>\n<p>Sin embargo, el trato recibido por Al\u00ed y los integrantes del Batall\u00f3n de los Pardos y Morenos Libres de parte de N\u00fanez de C\u00e1ceres no estuvo a la altura de los esfuerzos y sacrificios realizados por ellos para cristalizar su utop\u00eda de un Estado independiente, ya que les dio la espalda y les puso m\u00faltiples obst\u00e1culos para no cumplir con lo pactado previamente con ellos, tanto a nivel de los compromisos sociales -como la abolici\u00f3n de la esclavitud y el otorgamiento de tierras a los negros libertos- como en t\u00e9rminos de otorgamiento de posiciones claves en el reci\u00e9n inaugurado aparato estatal. En todo caso, lo que hizo fue aprobar legislaciones que los marginaban y exclu\u00edan de toda forma de elecci\u00f3n, mientras les otorgaba poderes extraordinarios a sectores de la oligarqu\u00eda criolla y a lo m\u00e1s granado de los sectores intelectuales que colaboraron con el establecimiento del nuevo orden.<\/p>\n<p>Un trato muy diferente recibi\u00f3 Pablo Al\u00ed y el Batall\u00f3n de los Pardos y Morenos Libres del presidente haitiano Jean Pierre Boyer, quien lo elev\u00f3 al rango de coronel y le don\u00f3 las tierras donde anteriormente funcionaba el ingenio Engombe. Igual actitud de agradecimiento recibi\u00f3 de los sustentadores del Movimiento de la Reforma en la parte oriental de la isla de Santo Domingo, que encabezaron Juan Pablo Duarte, Francisco del Rosario S\u00e1nchez, Pedro Alejandrino Pina Juan Isidro P\u00e9rez y Ram\u00f3n Mat\u00edas Mella junto al liberal haitiano Alcius Ponthieux, quienes le elevaron al grado de General de Divisi\u00f3n y lo designaron como Jefe Superior del Distrito de Santo Domingo, hasta su fallecimiento el 14 de febrero de 1844.<\/p>\n<p><strong>REFERENCIAS BIBLIOGR\u00c1FICAS <\/strong><\/p>\n<p>&nbsp;<\/p>\n<p><strong>-Archivos Espa\u00f1oles: <\/strong><\/p>\n<p><strong>Archivo General de la Administraci\u00f3n -AGA-: <\/strong><\/p>\n<p>AGA.\u00a0 Asuntos Exteriores, caja 7.687 (2-1-1). Detalle de lo ocurrido en 1794 en el Fuerte Delf\u00edn en Santo Domingo. Enero 29 de 1795.<\/p>\n<p><strong>Archivo General de Indias -AGI-, de Sevilla:<\/strong><\/p>\n<p>AGI. Santo Domingo, leg.1110, Carta del arzobispo de Santo Domingo a don Pedro de Acu\u00f1a. Santo Domingo 25 de agosto de 1793.<\/p>\n<p>AGI. Santo Domingo, leg.1110. El arzobispo de Santo Domingo a don Eugenio de Llaguno. Santo Domingo a 6 de agosto de 1794.<\/p>\n<p>AGI. Estado, 5A, No.32 (1a). Carta del marqu\u00e9s de Casa Calvo al gobernador de Cuba. Bayaj\u00e1 a 31 de diciembre de 1795.<\/p>\n<p>AGI. Santo Domingo, leg.1038. Expediente suscitado en Santo Domingo sobre la averiguaci\u00f3n de la falta de caudales y dem\u00e1s intereses del rey en Bayaj\u00e1. Santo Domingo a 11 de abril de 1796.<\/p>\n<p>AGI. Estado, 3, No.10. Carta de Godoy a Azanza. Abril 18 de 1796; AGI. Estado, 3, No.10 (27). Carta de Azanza a Godoy. Julio de 1796<\/p>\n<p>AGI. Estado, 3, No.10. Carta de Godoy a Azanza. Abril 18 de 1796; AGI. Estado, 3, No.10 (27). Carta de Azanza a Godoy. Julio de 1796.<\/p>\n<p>AGI. Santo Domingo, leg.1038. Declaraci\u00f3n original dada y firmada por el negro Juan Francisco, jefe que fue de los de su color en la irrupci\u00f3n de la Plaza de Bayaj\u00e1. C\u00e1diz a 16 de enero de 1801.<\/p>\n<p>AGI, Santo Domingo, 1016, del 25 de septiembre de 1810. Sentencia firmada por Juan S\u00e1nchez Ram\u00edrez, Leonardo del Monte, Jos\u00e9 Joaqu\u00edn del Monte y Domingo D\u00edaz P\u00e1ez, fechada el 25 de septiembre de 1810, mediante la cual se conden\u00f3 a la pena de muerte en la horca p\u00fablica a Santiago Fol\u00f3, Jos\u00e9 Ricardo Casta\u00f1os y Juan Jos\u00e9 Ram\u00edrez, y a Emilio Pezzi, a ser pasado por las armas.<\/p>\n<p>AGI, Santo Domingo, 961, del 2 de septiembre de 1811. Real Orden del 2 de septiembre de 1811, la Regencia del Reino presidida por el rey Fernando VII le concedi\u00f3 a Pablo Al\u00ed el grado de Teniente Coronel, as\u00ed como la Medalla de Oro con el busto del Rey.<\/p>\n<p>AGI, Santo Domingo, 964, 24 de diciembre de 1814. Carta de felicitaci\u00f3n al rey Fernando VII por su retorno al trono de la corte espa\u00f1ola, mediante oficio firmado por su comandante Pablo Al\u00ed, Juan Bamb\u00ed, Francisco Agapito, Juan Santill\u00e1n y otros oficiales del Batall\u00f3n de Morenos Libres.<\/p>\n<p>AGI. \u2013Sevilla. \u2013Audiencia de Santo Domingo. \u2013Gobiernos Pol\u00edticos. \u2013A\u00f1o 1820 a 1822. \u2013Est.78, Caj. 5, Leg. 21. \u2013Doc. 76.<\/p>\n<p>AGI. \u2013Sevilla. \u2013Audiencia de Sto. Domingo. \u2013Gobiernos Pol\u00edticos. \u2013A\u00f1os 1820 a 1822. \u2013Est. 78, Caj. 5, Leg. 21, Doc. No. 54.\u2013.<\/p>\n<p>AGI, Santo Domingo, 1017, del 27 de julio de 1821.<\/p>\n<p><strong>Archivo General de Simancas -AGS-: <\/strong><\/p>\n<p>AGS. Carta de Pablo Aly al Rey Carlos IV, de fecha 29 de agosto de 1800, SGU, LEG. 7165, 191.<\/p>\n<p>AGS. S.G. leg.7157, exp.19. El gobernador de Santo Domingo comunica la noticia del funesto fin que tuvo el negro Jacinto. Santo Domingo a 13 de septiembre de 1793.<\/p>\n<p>AGS. S.G. leg.7157, exp.19, No.170. Relaci\u00f3n de la toma del Dondon. Santo Domingo a 22 de julio de 1793.<\/p>\n<p>AGS. S.G. leg.7157, exp.14. Carta de Gabriel Aime de Bellair, mariscal de campo del Ej\u00e9rcito de Jorge Biassou a Joaqu\u00edn Garc\u00eda y Moreno gobernador de Santo Domingo, solicitando sueldos y provisiones a 9 de octubre de 1793.<\/p>\n<p>AGS. S.G. leg.7157, exp.19, No.136. Carta de Juan Francisco al gobernador Garc\u00eda, a 6 de mayo de 1793.<\/p>\n<p>AGS. S.G. leg.7159, exp.19, No.82. El gobernador informa de las diligencias y gastos de los negros adheridos a nuestros servicios. Santo Domingo a 12 de agosto de 1793.<\/p>\n<p>AGS. S.G. leg.7157, exp.14. Carta de Biassou a Joaqu\u00edn Garc\u00eda. Santo Domingo a 16 de septiembre de 1793. En la carta Biassou se\u00f1ala que pide ayuda a los espa\u00f1oles, pero reitera que a\u00fan espera restablecer a su rey en Francia.<\/p>\n<p>AGS. S.G. leg.7157, exp.12. Copia de un memorial dirigido por Biassou a Garc\u00eda. San Miguel a 15 de julio de 1793; AGS. S.G. leg.7157, exp.19, No,152.<\/p>\n<p>AGS. S.G. leg.7157, exp.19, No.194. El gobernador de Santo Domingo da cuenta de la conducta de Juan Francisco. Santo Domingo a 4 de septiembre de 1793.<\/p>\n<p>AGS. S.G. leg.7157, exp.19.\u00a0 Carta del gobernador de Santo Domingo a Pedro de Acu\u00f1a. Santo Domingo a 25 de septiembre de 1793.<\/p>\n<p>AGS. S.G. leg.7157, exp.19. El gobernador de Santo Domingo da cuenta de la conducta de Juan Francisco. Santo Domingo a 12 de agosto de 1793.<\/p>\n<p>AGS. S.G. leg.7157, exp.19, No.169. El gobernador de Santo Domingo participa haber logrado la toma de Dondon. Santo Domingo a 22 de julio de 1793.<\/p>\n<p>AGS. S.G. leg.7157, exp.58, No.298. Recapitulation de toutes les compagnies de l\u2019arm\u00e9e du general Jean Fran\u00e7ois, 1794.<\/p>\n<p>AGS. S.G. leg.7157, exp.20, No,247. El gobernador de Santo Domingo recibe las medallas de oro y plata para los negros auxiliares. Santo Domingo a 18 de febrero de 1794.<\/p>\n<p>AGS. S.G. leg.7159, exp.7, No.29. Remitiendo 4 medallas de oro y 8 de plata de las destinadas al m\u00e9rito de los jefes negros auxiliares. Aranjuez a 22 de enero de 1794.<\/p>\n<p>AGS. S.G. leg.7160, exp.3. El gobernador de Santo Domingo da cuenta de la expedici\u00f3n que hizo el comandante de Dajab\u00f3n, Esteban Palomares, con el negro Juan Francisco y el \u00e9xito favorable y buena armon\u00eda de los soldados espa\u00f1oles con los auxiliares. Cuartel de Santiago a 11 de agosto de 1794.<\/p>\n<p>AGS. S.G. leg.7159, exp.61. El gobernador de Santo Domingo hace referencia a la desuni\u00f3n que reina entre los jefes Biassou y Toussaint, Bayaj\u00e1 a 13 de abril de 1794.<\/p>\n<p>AGS. S.G. leg.7159, exp.494. Informe del gobernador Garc\u00eda a Campo de Alange. Santiago a 1 de agosto de 1794.<\/p>\n<p>AGS. S.G. leg.7160, exp.3. El gobernador de Santo Domingo da cuenta de la expedici\u00f3n que hizo el comandante de Dajab\u00f3n, Esteban Palomares, con el negro Juan Francisco y el \u00e9xito favorable y buena armon\u00eda de los soldados espa\u00f1oles con los auxiliares. Cuartel de Santiago a 11 de agosto de 1794.<\/p>\n<p>AGS. S.G. leg.7160, exp.8, No.58. Informe reservado del gobernador de Santo Domingo, referente al estado de la guerra de la isla. Santo Domingo a 20 de marzo de 1795.<\/p>\n<p>AGS. S.G. leg.7160, exp.8, No.58. Informe reservado del gobernador de Santo Domingo, referente al estado de la guerra de la isla. Santo Domingo a 20 de marzo de 1795.<\/p>\n<p>AGS. S.G. leg.6853, exp.46, No.215. El capit\u00e1n general de Cuba remite los documentos sobre env\u00edos de dinero, armamentos, vestuarios, correaje y dem\u00e1s efectos perdidos en el saqueo a Bayaj\u00e1. Habana a 16 de abril de 1795.<\/p>\n<p>AGS. S.G. leg.7160, exp.80, No.58. Informe reservado del gobernador de Santo Domingo, referente al estado de la guerra de la isla. Santo Domingo a 20 de marzo de 1795.<\/p>\n<p>AGS. S.G. leg.7165, exp.79, No.118. El gobernador de Santo Domingo en consecuencia de la Real Orden de 8 de septiembre dispuso en aquella capital la publicaci\u00f3n de la paz. Santo Domingo a 15 de octubre de 1795.<\/p>\n<p><strong>Archivo Hist\u00f3rico Nacional -AHN-:<\/strong><\/p>\n<p>AHN. Estado, 3407. El gobernador de Santo Domingo participa de las \u00faltimas operaciones militares de los negros auxiliares. Santo Domingo a 21 de octubre de 1795.<\/p>\n<p>AHN. Estado, leg.3407. Esteban Laveaux general y gobernador de Santo Domingo a la Diputaci\u00f3n de la Rep\u00fablica francesa. Fuerte Delf\u00edn a 22 de noviembre de 1795.<\/p>\n<p>AHN. Estado, 3407. El gobernador de Santo Domingo participa los fundamentos que obran en su \u00e1nimo para recomendar a los negros auxiliares en su embarque. Santo Domingo a 17 de diciembre de 1795.<\/p>\n<p><strong>Instituto de Historia y Cultura Militar -IHCM-: <\/strong><\/p>\n<p>IHCM. Rollo 65, 5-4-11-1, f.150. Correspondencia sobre las ocurrencias de la isla de Santo Domingo con motivo de la guerra con los franceses. A\u00f1o de 1796. (Memorial de Dn. Gaspar de Cassasola, Julio-agosto de 1794).<\/p>\n<p>IHCM. Rollo 65, 5-4-11-1, fs.161-168v. Relaci\u00f3n de lo acontecido en Bayaj\u00e1. Bayaj\u00e1 a 8 y 13 de julio de 1794; IHCM. Rollo 65, 5-4-11-1, f.155. Certificaci\u00f3n que da Juan Francisco al padre Cavello, entrega de la plaza y conclusi\u00f3n de la escena. Bayaj\u00e1 a 13 de julio de 1794.<\/p>\n<p>IHCM. Rollo 65, 5-4-11-1, f.165. Detalles sobre la matanza que ha sucedido en Bayaj\u00e1 el 7 de julio de 1794.<\/p>\n<p><strong>-Bibliograf\u00eda: <\/strong><\/p>\n<p>Belmonte Postigo, Jos\u00e9 Luis. \u201cUna encrucijada incierta.\u00a0 Independentismo, anexionismo y abolici\u00f3n de la esclavitud en Santo Domingo, 1809-1821\u201d. Memorias. Revista Digital de Historia y Arqueolog\u00eda desde el Caribe Colombiano. A\u00f1o 11, N\u00b025. Barranquilla, enero-abril 2015.<\/p>\n<p>Cyril Lionel Robert James. Los Jacobinos Negros. Toussaint L\u2019Ouverture y la Revoluci\u00f3n de Hait\u00ed. Turner\/Fondo de Cultura Econ\u00f3mica, Madrid, 2003.<\/p>\n<p>Cordero Michel, Emilio. La Revoluci\u00f3n Haitiana y Santo Domingo. Ediciones UAPA y FLACSO, Santo Domingo, 2000.<\/p>\n<p>Cordero Michel, Emilio. Obras Escogidas. Ensayos I. Archivo General de la Naci\u00f3n, Santo Domingo, 2015.<\/p>\n<p>Deive, Carlos Esteban. Los Guerrilleros Negros. Esclavos fugitivos y Cimarrones en Santo Domingo. Fundaci\u00f3n Cultural Dominicana, Santo Domingo, 1989.<\/p>\n<p>Deive, Carlos Esteban. \u201cEl esclavo Pablo Al\u00ed y su protagonismo en la Historia Dominicana\u201d. Anuario 3. 2004-2007, Centro de Altos Estudios Human\u00edsticos y del Idioma Espa\u00f1ol, Santo Domingo, 2007.<\/p>\n<p>Deive, Carlos Esteban. Toussaint Louverture, la Rebeli\u00f3n Negra y Santo Domingo. Editora Nacional, Santo Domingo, 2018.<\/p>\n<p>Del Monte y Tejada, Antonio. Historia de Santo Domingo, Tercera Edici\u00f3n, Biblioteca Dominicana; Serie I, vol. III, Ciudad Trujillo, 1953, Tomo III.<\/p>\n<p>Dorsainvil, Jean Crisostome. Manual de Historia de Hait\u00ed. Sociedad Dominicana de Bibli\u00f3filos, Santo Domingo, 1979.<\/p>\n<p>Franco Pichardo, Franklin. La Poblaci\u00f3n Dominicana. Razas, clases, mestizaje y migraciones. Editora Universitaria, Santo Domingo, 2012.<\/p>\n<p>Franco, Franklin. Los Negros, los Mulatos y la Naci\u00f3n Dominicana. Editora Mediabyte, Santo Domingo, 2014.<\/p>\n<p>Franco, Jos\u00e9 Luciano. Historia de la Revoluci\u00f3n de Hait\u00ed. Sociedad Dominicana de Bibli\u00f3filos, Santo Domingo, 2008.<\/p>\n<p>Garc\u00eda, Jos\u00e9 Gabriel. Compendio de Historia de Santo Domingo, Tomos I y II, Central de Libros, Santo Domingo, 1982.<\/p>\n<p>Garc\u00eda, Jos\u00e9 Gabriel. Rasgos Biogr\u00e1ficos de Dominicanos C\u00e9lebes. Academia Dominicana de la Historia, Santo Domingo, 1971.<\/p>\n<p>\u201cEl ex esclavo Pablo Ali y la independencia de la Rep\u00fablica Dominicana\u201d, Revista de la Asociaci\u00f3n de Historiadores de Am\u00e9rica Latina y el Caribe (ADHILAC), 6 de enero de 2020.<\/p>\n<p>Guerra Vilaboy, Sergio. \u201cLas Tropas Auxiliares Negras de Espa\u00f1a contra la Revoluci\u00f3n Francesa\u201d. Informefracto.com 3 de febrero de 2020.<\/p>\n<p>Inch\u00e1ustegui, J. Marino. Reales C\u00e9dulas y Correspondencias de Gobernadores de Santo Domingo: De la Regencia del Cardenal Cisneros en Adelante. Madrid, Graficas Unidas, 1958, Tomo III.<\/p>\n<p>Mej\u00eda-Ricart, Gustavo Adolfo. Cr\u00edtica de Nuestra Historia Moderna. Primer Periodo del Estado Libre en la Parte Espa\u00f1ola de la Isla de Santo Domingo. Sociedad Dominicana de Bibli\u00f3filos, Santo Domingo, 2007.<\/p>\n<p>Mej\u00eda-Ricart, Gustavo Adolfo. Historia de Santo Domingo Volumen IX. La Dominaci\u00f3n Haitiana (1822-1844), Archivo General de la Naci\u00f3n, Santo Domingo, 2015.<\/p>\n<p>Moreau de Saint-M\u00e9ry, M\u00e9d\u00e9ric Louis \u00c9lie. Descripci\u00f3n topogr\u00e1fica, f\u00edsica, civil, pol\u00edtica e hist\u00f3rica de la parte francesa de la isla de Santo Domingo. Archivo General de la Naci\u00f3n, Santo Domingo, 2017, Tomo I.<\/p>\n<p>Nouel, Carlos. Historia Eclesi\u00e1stica de la Arquidi\u00f3cesis de Santo Domingo. Primada de Am\u00e9rica, Tomos I y II. Editora de Santo Domingo, Santo Domingo, 1979.<\/p>\n<p>Price-Mars, Jean. La Rep\u00fablica Dominicana y la Rep\u00fablica de Hait\u00ed, Tomo II. Sociedad Dominicana de Bibli\u00f3filos, Santo Domingo, 2000.<\/p>\n<p>Rodr\u00edguez Demorizi, Emilio (Edici\u00f3n y Notas). Correspondencia del C\u00f3nsul de Francia en Santo Domingo 1844-1846, Archivo General de la Naci\u00f3n. Centenario de la Rep\u00fablica Dominicana. 1844-1944. Editora Montalvo, Ciudad Trujillo, R.D., 1944.<\/p>\n<p>Rodr\u00edguez Demorizi, Emilio. Relaciones Hist\u00f3ricas de Santo Domingo, Archivo General de la Naci\u00f3n, Ciudad Trujillo, Tomo II, 1945.<\/p>\n<p>Rodr\u00edguez Demorizi, Emilio. Milicias de Santo Domingo 1786-1821. Academia Dominicana de la Historia, Santo Domingo, 1978.<\/p>\n<p>Rodr\u00edguez Morel, Genaro (Coordinador). Historia General del Pueblo Dominicano, Tomo I. Academia Dominicana de la Historia, Santo Domingo, 2013.<\/p>\n<p>S\u00e1nchez Ram\u00edrez, Juan. El Diario de la Reconquista. Academia Militar Batalla de las Carreras\/Aviaci\u00f3n Militar Dominicana, Editora Montalvo, Ciudad Trujillo, 1957.<\/p>\n<p>Tejera, Emiliano. Escritos Diversos. Andr\u00e9s Blancos D\u00edaz, Editor. Archivo General de la Naci\u00f3n-Banco de Reservas. Volumen CIII, Santo Domingo, 2010.<\/p>\n<p>Victoria Ojeda, Jorge. \u201cJean Fran\u00e7ois y Biassou: Dos l\u00edderes olvidados de la historia de la Revoluci\u00f3n Haitiana (y de Espa\u00f1a)\u201d. Caribbean Studies, vol. 34, n\u00fam. 2, julio- diciembre, 2006, pp. 163-204. Instituto de Estudios del Caribe, San Juan, Puerto Rico.<\/p>\n<p>Victoria Ojeda, Jorge. \u201cDe Libertad, excepciones, goces y prerrogativas\u201d. Impulso y dispersi\u00f3n de las Tropas Auxiliares del rey de Espa\u00f1a en la guerra de Santo Domingo (1793-1848).\u201d Tesis doctoral, Departament d\u2019Hist\u00f2ria, Geografia i Art, Universitat Jaume I, 2005a.<\/p>\n<p>Victoria Ojeda, Jorge. Tendencias mon\u00e1rquicas en la revoluci\u00f3n haitiana. El negro Juan Francisco Petecou bajo las banderas francesa y espa\u00f1ola. M\u00e9xico: Siglo XXI Editores, 2005b.<\/p>\n<p>Victoria Ojeda, Jorge. Jorge Biassou. La historia de un l\u00edder negro de la revoluci\u00f3n haitiana en la Florida hispana. Secuencia. Revista de historia y ciencias sociales, n\u00fam. 65, mayo-agosto, 2006, pp. 39-66. Instituto de Investigaciones Dr. Jos\u00e9 Mar\u00eda Luis Mora, Distrito Federal, M\u00e9xico<\/p>\n<p>Victoria Ojeda, Jorge. Las Tropas Auxiliares del rey en Centroam\u00e9rica. Historia de los negros s\u00fabditos de la monarqu\u00eda espa\u00f1ola. Editorial de la Universidad de Costa Rica, San Jos\u00e9, 2009.<\/p>\n<p><strong>-P\u00e1ginas Web: <\/strong><\/p>\n<p>Declaraci\u00f3n Universal de los Derechos del Hombre y el Ciudadano <a href=\"https:\/\/www.conseil-constitutionnel.fr\/sites\/default\/files\/as\/root\/bank_mm\/espagnol\/es_ddhc.pdf\">https:\/\/www.conseil-constitutionnel.fr\/sites\/default\/files\/as\/root\/bank_mm\/espagnol\/es_ddhc.pdf<\/a><\/p>\n<p>Men\u00e9ndez Pelayo, Marcelino. Historia de la Poes\u00eda Hispanoamericana. Tomo I, p\u00e1g. 298. <a href=\"http:\/\/www.larramendi.es\/menendezpelayo\/es\/corpus\/unidad.do?idCorpus=1000&amp;idUnidad=100429&amp;posicion=1\">http:\/\/www.larramendi.es\/menendezpelayo\/es\/corpus\/unidad.do?idCorpus=1000&amp;idUnidad=100429&amp;posicion=1<\/a><\/p>\n<p><a href=\"#_ftnref1\" name=\"_ftn1\">[1]<\/a> Price-Mars, Jean. La Rep\u00fablica Dominicana y la Rep\u00fablica de Hait\u00ed, Tomo II. Sociedad Dominicana de Bibli\u00f3filos, Santo Domingo, 2000, p\u00e1g. 493.<\/p>\n<p><a href=\"#_ftnref2\" name=\"_ftn2\">[2]<\/a> AGS. S.G. leg.7157, exp.14. Carta de Gabriel Aime de Bellair, mariscal de campo del Ej\u00e9rcito de Jorge Biassou a Joaqu\u00edn Garc\u00eda y Moreno gobernador de Santo Domingo, solicitando sueldos y provisiones a 9 de octubre de 1793.<\/p>\n<p><a href=\"#_ftnref3\" name=\"_ftn3\">[3]<\/a> AGS. S.G. leg.7157, exp.19, No.136. Carta de Juan Francisco al gobernador Garc\u00eda, a 6 de mayo de 1793.<\/p>\n<p><a href=\"#_ftnref4\" name=\"_ftn4\">[4]<\/a>AGS. S.G. leg.7157, exp.58, No.298. Recapitulation de toutes les compagnies de l\u2019arm\u00e9e du general Jean Fran\u00e7ois, 1794.<\/p>\n<p><a href=\"#_ftnref5\" name=\"_ftn5\">[5]<\/a> AGS. S.G. leg.7157, exp.20, No,247. El gobernador de Santo Domingo recibe las medallas de oro y plata para los negros auxiliares. Santo Domingo a 18 de febrero de 1794.<\/p>\n<p><a href=\"#_ftnref6\" name=\"_ftn6\">[6]<\/a> AGS. S.G. leg.7159, exp.7, No.29. Remitiendo 4 medallas de oro y 8 de plata de las destinadas al m\u00e9rito de los jefes negros auxiliares. Aranjuez a 22 de enero de 1794.<\/p>\n<p><a href=\"#_ftnref7\" name=\"_ftn7\">[7]<\/a> AGS. S.G. leg.7160, exp.8, No.58. Informe reservado del gobernador de Santo Domingo, referente al estado de la guerra de la isla. Santo Domingo a 20 de marzo de 1795.<\/p>\n<p><a href=\"#_ftnref8\" name=\"_ftn8\">[8]<\/a> AGS. S.G. leg.7159, exp.494. Informe del gobernador Garc\u00eda a Campo de Alange. Santiago a 1 de agosto de 1794.<\/p>\n<p><a href=\"#_ftnref9\" name=\"_ftn9\">[9]<\/a> Archivo Hist\u00f3rico Nacional -AHN- Estado, 3407. El gobernador de Santo Domingo participa de las \u00faltimas operaciones militares de los negros auxiliares. Santo Domingo a 21 de octubre de 1795.<\/p>\n<p><a href=\"#_ftnref10\" name=\"_ftn10\">[10]<\/a> AGS. S.G. leg.7160, exp.80, No.58. Informe reservado del gobernador de Santo Domingo, referente al estado de la guerra de la isla. Santo Domingo a 20 de marzo de 1795.<\/p>\n<p><a href=\"#_ftnref11\" name=\"_ftn11\">[11]<\/a> IHCM. Rollo 65, 5-4-11-1, f.165. Detalles sobre la matanza que ha sucedido en Bayaj\u00e1 el 7 de julio de 1794.<\/p>\n<p><a href=\"#_ftnref12\" name=\"_ftn12\">[12]<\/a> AGS. S.G. leg.7165, exp.79, No.118. El gobernador de Santo Domingo en consecuencia de la Real Orden de 8 de septiembre dispuso en aquella capital la publicaci\u00f3n de la paz. Santo Domingo a 15 de octubre de 1795.<\/p>\n<p><a href=\"#_ftnref13\" name=\"_ftn13\">[13]<\/a> AHN. Estado, leg.3407. Esteban Laveaux general y gobernador de Santo Domingo a la Diputaci\u00f3n de la Rep\u00fablica francesa. Fuerte Delf\u00edn a 22 de noviembre de 1795.<\/p>\n<p><a href=\"#_ftnref14\" name=\"_ftn14\">[14]<\/a> AGI. Estado, 3, No.10. Carta de Godoy a Azanza. Abril 18 de 1796; AGI. Estado, 3, No.10 (27). Carta de Azanza a Godoy. Julio de 1796<\/p>\n<p><a href=\"#_ftnref15\" name=\"_ftn15\">[15]<\/a> AGI. Estado, 3, No.10. Carta de Godoy a Azanza. Abril 18 de 1796; AGI. Estado, 3, No.10 (27). Carta de Azanza a Godoy. Julio de 1796.<\/p>\n<p><a href=\"#_ftnref16\" name=\"_ftn16\">[16]<\/a> Ibidem.<\/p>\n<p><a href=\"#_ftnref17\" name=\"_ftn17\">[17]<\/a> AGI. Estado, 5A, No.32 (1a). Carta del marqu\u00e9s de Casa Calvo al gobernador de Cuba. Bayaj\u00e1 a 31 de diciembre de 1795.<\/p>\n<p><a href=\"#_ftnref18\" name=\"_ftn18\">[18]<\/a> AHN. Estado, 3407. El gobernador de Santo Domingo participa los fundamentos que obran en su \u00e1nimo para recomendar a los negros auxiliares en su embarque. Santo Domingo a 17 de diciembre de 1795.<\/p>\n<p><a href=\"#_ftnref19\" name=\"_ftn19\">[19]<\/a> James Cyril Lionel Robert. Los Jacobinos Negros. Toussaint L\u2019Ouverture y la Revoluci\u00f3n de Hait\u00ed. Turner\/Fondo de Cultura Econ\u00f3mica, Madrid, 2003, P\u00e1g. 177.<\/p>\n<p><a href=\"#_ftnref20\" name=\"_ftn20\">[20]<\/a>\u00a0 Archivo General de Simancas -AGS-. Carta de Pablo Aly al Rey Carlos IV, de fecha 29 de agosto de 1800, SGU, LEG. 7165, 191.<\/p>\n<p><a href=\"#_ftnref21\" name=\"_ftn21\">[21]<\/a> Utrera, Fray Cipriano en la nota 311 del Diario de la Reconquista de Juan S\u00e1nchez Ram\u00edrez, Proemio y Notas de Fray C. de Utrera. Academia Militar Batalla de las Carreras\/Aviaci\u00f3n Militar Dominicana, Santo Domingo: Editora Montalvo, Ciudad Trujillo, 1957, p\u00e1gs. 176-177.<\/p>\n<p><a href=\"#_ftnref22\" name=\"_ftn22\">[22]<\/a> AGS. Carta de Pablo Aly al Rey Carlos IV, de fecha 29 de agosto de 1800, SGU, LEG. 7165, 191.<\/p>\n<p><a href=\"#_ftnref23\" name=\"_ftn23\">[23]<\/a> Ibidem.<\/p>\n<p><a href=\"#_ftnref24\" name=\"_ftn24\">[24]<\/a> Utrera, Fray Cipriano en la nota 311 del Diario de la Reconquista de Juan S\u00e1nchez Ram\u00edrez, Proemio y Notas de Fray C. de Utrera. Academia Militar Batalla de las Carreras\/Aviaci\u00f3n Militar Dominicana, Santo Domingo: Editora Montalvo, Ciudad Trujillo, 1957, p\u00e1g. 177.<\/p>\n<p><a href=\"#_ftnref25\" name=\"_ftn25\">[25]<\/a> Men\u00e9ndez Pelayo, Marcelino. Historia de la Poes\u00eda Hispano-Americana. Tomo I, <a href=\"http:\/\/www.larramendi.es\/menendezpelayo\/es\/corpus\/unidad.do?idCorpus=1000&amp;idUnidad=100429&amp;posicion=1\">http:\/\/www.larramendi.es\/menendezpelayo\/es\/corpus\/unidad.do?idCorpus=1000&amp;idUnidad=100429&amp;posicion=1<\/a>, p. 298.<\/p>\n<p><a href=\"#_ftnref26\" name=\"_ftn26\">[26]<\/a> Belmonte Postigo, Jos\u00e9 Luis. \u201cUna encrucijada incierta.\u00a0 Independentismo, anexionismo y abolici\u00f3n de la esclavitud en Santo Domingo, 1809-1821\u201d. Memorias. Revista Digital de Historia y Arqueolog\u00eda desde el Caribe Colombiano. A\u00f1o 11, N\u00b025. Barranquilla, enero-abril 2015, p\u00e1g. 226.<\/p>\n<p><a href=\"#_ftnref27\" name=\"_ftn27\">[27]<\/a> Utrera, Fray Cipriano en la nota 311 del Diario de la Reconquista de Juan S\u00e1nchez Ram\u00edrez, Proemio y Notas de Fray C. de Utrera. Academia Militar Batalla de las Carreras\/Aviaci\u00f3n Militar Dominicana, Santo Domingo: Editora Montalvo, Ciudad Trujillo, 1957, p\u00e1g. 177.<\/p>\n<p><a href=\"#_ftnref28\" name=\"_ftn28\">[28]<\/a> S\u00e1nchez Ram\u00edrez, Juan. Diario de la Reconquista. Proemio y Notas de Fray C. de Utrera. Academia Militar Batalla de las Carreras\/Aviaci\u00f3n Militar Dominicana, Santo Domingo: Editora Montalvo, Ciudad Trujillo, 1957, p\u00e1gs. 176-177.<\/p>\n<p><a href=\"#_ftnref29\" name=\"_ftn29\">[29]<\/a> Ibidem, p\u00e1gs. 191-194.<\/p>\n<p><a href=\"#_ftnref30\" name=\"_ftn30\">[30]<\/a> Ibidem, p\u00e1gs. 197-198.<\/p>\n<p><a href=\"#_ftnref31\" name=\"_ftn31\">[31]<\/a> AGI, Santo Domingo, 961, del 2 de septiembre de 1811. Real Orden del 2 de septiembre de 1811, la Regencia del Reino presidida por el rey Fernando VII le concedi\u00f3 a Pablo Al\u00ed el grado de teniente coronel, as\u00ed como la Medalla de Oro con el busto del Rey.<\/p>\n<p><a href=\"#_ftnref32\" name=\"_ftn32\">[32]<\/a> Cordero Michel, Emilio. Obras Escogidas. ENSAYOS I. Archivo General de la Naci\u00f3n. Volumen CCLIV, Santo Domingo, 2015, p\u00e1g. 156.<\/p>\n<p><a href=\"#_ftnref33\" name=\"_ftn33\">[33]<\/a> Algunos autores, como Juan S\u00e1nchez Ram\u00edrez, lo denominan Bamb\u00ed, mientras que otros, como Carlos Esteban Deive, lo llaman Mamb\u00ed.<\/p>\n<p><a href=\"#_ftnref34\" name=\"_ftn34\">[34]<\/a> Deive, Carlos Esteban. \u201c<em>El esclavo Pablo Al\u00ed y su protagonismo en la Historia Dominicana<\/em>\u201d. Centro de Altos Estudios Human\u00edsticos y del Idioma Espa\u00f1ol, Anuario 3, 2004-2007, Santo Domingo, 2008, p\u00e1g. 216.<\/p>\n<p><a href=\"#_ftnref35\" name=\"_ftn35\">[35]<\/a> AGI, Santo Domingo, 964, 24 de diciembre de 1814. AGI, Santo Domingo, 964, 24 de diciembre de 1814. Carta de felicitaci\u00f3n al rey Fernando VII por su retorno al trono de la corte espa\u00f1ola, mediante oficio firmado por su comandante Pablo Al\u00ed, Juan Bamb\u00ed, Francisco Agapito, Juan Santill\u00e1n y otros oficiales del Batall\u00f3n de Morenos Libres.<\/p>\n<p><a href=\"#_ftnref36\" name=\"_ftn36\">[36]<\/a> AGI. \u2013Sevilla. \u2013Audiencia de Santo Domingo. \u2013Gobiernos Pol\u00edticos. \u2013A\u00f1o 1820 a 1822. \u2013Est.78, Caj. 5, Leg. 21. \u2013Doc. 76.<\/p>\n<p><a href=\"#_ftnref37\" name=\"_ftn37\">[37]<\/a> Ciudadan\u00eda que le hab\u00eda sido otorgada por una Real Orden del 27 de julio de 1821, retenida y falseada por el Auditor de Guerra, Jos\u00e9 N\u00fa\u00f1ez de C\u00e1ceres, y por el Fiscal de Hacienda P\u00fablica, Jos\u00e9 Joaqu\u00edn del Monte.<\/p>\n<p><a href=\"#_ftnref38\" name=\"_ftn38\">[38]<\/a> AGI. Audiencia de Santo Domingo, Gobiernos Pol\u00edticos 1820 al 1822. \u2013Est. 78, Caj. 5, Leg. 21, Doc. 54.<\/p>\n<p><a href=\"#_ftnref39\" name=\"_ftn39\">[39]<\/a> Mej\u00eda-Ricart, Gustavo Adolfo. Cr\u00edtica de Nuestra Historia Moderna. Primer Per\u00edodo del Estado Libre en la Parte Espa\u00f1ola de la Isla de Santo Domingo, Sociedad Dominicana de Bibli\u00f3filos-Banreservas, Santo Domingo, 2007, p\u00e1g. 203.<\/p>\n<p><a href=\"#_ftnref40\" name=\"_ftn40\">[40]<\/a> Ibidem, p\u00e1gs. 209-210.<\/p>\n<p><a href=\"#_ftnref41\" name=\"_ftn41\">[41]<\/a> Ibidem, p\u00e1g. 209.<\/p>\n<p><a href=\"#_ftnref42\" name=\"_ftn42\">[42]<\/a> Ibidem, p\u00e1g. 211.<\/p>\n<p><a href=\"#_ftnref43\" name=\"_ftn43\">[43]<\/a> Cordero Michel, Emilio. Acto Notarial del 27 de octubre de 1831 donde el coronel Pablo Al\u00ed, propietario del Ingenio Engombe, arrienda a Micaela Geraldo Vda. Delgado 6.5 hect\u00e1reas de tierra. Revista Ecos, a\u00f1o 1, No. 1, p\u00e1gs. 138-139, Santo Domingo, Instituto de Historia de la Universidad Aut\u00f3noma de Santo Domingo -UASD-, 1993.<\/p>\n<p><a href=\"#_ftnref44\" name=\"_ftn44\">[44]<\/a> Ibidem.<\/p>\n<p><a href=\"#_ftnref45\" name=\"_ftn45\">[45]<\/a> Ibidem.<\/p>\n","protected":false},"excerpt":{"rendered":"<p>Por Juan de la Cruz \u00a0 El nombre del comandante Pablo Al\u00ed aparece por primera vez en el escenario pol\u00edtico p\u00fablico entre los miles de esclavos que se sublevaron contra sus amos por la cruel explotaci\u00f3n de que eran v\u00edctimas, la noche del 22 de agosto de 1791 en los ingenios y en las haciendas [&hellip;]<\/p>\n","protected":false},"author":9,"featured_media":52155,"comment_status":"open","ping_status":"open","sticky":false,"template":"","format":"standard","meta":{"footnotes":""},"categories":[5,17],"tags":[],"class_list":["post-52154","post","type-post","status-publish","format-standard","has-post-thumbnail","hentry","category-nacionales","category-sociedad"],"_links":{"self":[{"href":"https:\/\/debateplural.net\/site\/wp-json\/wp\/v2\/posts\/52154"}],"collection":[{"href":"https:\/\/debateplural.net\/site\/wp-json\/wp\/v2\/posts"}],"about":[{"href":"https:\/\/debateplural.net\/site\/wp-json\/wp\/v2\/types\/post"}],"author":[{"embeddable":true,"href":"https:\/\/debateplural.net\/site\/wp-json\/wp\/v2\/users\/9"}],"replies":[{"embeddable":true,"href":"https:\/\/debateplural.net\/site\/wp-json\/wp\/v2\/comments?post=52154"}],"version-history":[{"count":2,"href":"https:\/\/debateplural.net\/site\/wp-json\/wp\/v2\/posts\/52154\/revisions"}],"predecessor-version":[{"id":52157,"href":"https:\/\/debateplural.net\/site\/wp-json\/wp\/v2\/posts\/52154\/revisions\/52157"}],"wp:featuredmedia":[{"embeddable":true,"href":"https:\/\/debateplural.net\/site\/wp-json\/wp\/v2\/media\/52155"}],"wp:attachment":[{"href":"https:\/\/debateplural.net\/site\/wp-json\/wp\/v2\/media?parent=52154"}],"wp:term":[{"taxonomy":"category","embeddable":true,"href":"https:\/\/debateplural.net\/site\/wp-json\/wp\/v2\/categories?post=52154"},{"taxonomy":"post_tag","embeddable":true,"href":"https:\/\/debateplural.net\/site\/wp-json\/wp\/v2\/tags?post=52154"}],"curies":[{"name":"wp","href":"https:\/\/api.w.org\/{rel}","templated":true}]}}