{"id":52360,"date":"2022-12-20T16:03:09","date_gmt":"2022-12-20T20:03:09","guid":{"rendered":"https:\/\/debateplural.com\/inicio\/?p=52360"},"modified":"2022-12-20T16:03:09","modified_gmt":"2022-12-20T20:03:09","slug":"rd-proclamo-a-benito-juarez-benemerito-de-america","status":"publish","type":"post","link":"https:\/\/debateplural.net\/site\/2022\/12\/20\/rd-proclamo-a-benito-juarez-benemerito-de-america\/","title":{"rendered":"RD proclam\u00f3 a Benito Ju\u00e1rez Benem\u00e9rito de Am\u00e9rica"},"content":{"rendered":"<p>Chich\u00ed de Jes\u00fas (Hoy, 15-10-22)<\/p>\n<p>&nbsp;<\/p>\n<p id=\"h-a-republica-dominicana-corresponde-la-paternidad-de-ser-la-primera-nacion-que-proclamo-al-ex-presidente-de-mexico-dr-benito-juarez-el-titulo-de-benemerito-de-america-conforme-una-resolucion-del-congreso-nacional-aprobada-en-el-mes-de-mayo-del-1867-hace-155-anos\"><em>A Rep\u00fablica Dominicana corresponde la paternidad de ser la primera Naci\u00f3n que proclam\u00f3 al ex Presidente de M\u00e9xico, Dr. Benito Ju\u00e1rez, el titulo de \u201cBenem\u00e9rito de Am\u00e9rica\u201d, conforme una resoluci\u00f3n del Congreso Nacional, aprobada en el mes de mayo del 1867, hace 155 a\u00f1os<\/em><\/p>\n<p>El distinguido intelectual y diplom\u00e1tico mexicano, Jos\u00e9 N\u00fa\u00f1ez Dom\u00ednguez, divulg\u00f3 la especie en un articulo que public\u00f3 en ocasi\u00f3n del 144 aniversario del nacimiento de Ju\u00e1rez, que el historiador dominicano Rafael Mato Diaz, public\u00f3 en la revista Ahora.<\/p>\n<p>El trabajo de N\u00fa\u00f1ez y Dom\u00ednguez expresa: \u201cEn la sesi\u00f3n que el Congreso Nacional Dominicano celebr\u00f3 el d\u00eda 11 de mayo de 1867, el diputado Antonio Madrigal dijo que pon\u00eda en conocimiento de la C\u00e1mara la plausible noticia recibida \u00faltimamente de que Ju\u00e1rez acaba de conseguir un esplendido triunfo, dando un golpe de muerte a la prepotencia de las naciones europeas; que el presidente Ju\u00e1rez, por este hecho, se hacia acreedor a los v\u00edtores de toda la Am\u00e9rica, pues su actitud destruye para siempre el engreimiento y prepotencia de Europa en este hemisferio; mataba cuantas esperanzas de dominio pudiera \u00e9sta abrigar en lo sucesivo; que al llamar la atenci\u00f3n de la C\u00e1mara sobre este hecho, era con el objeto de que el Congreso dominicano, por su parte, aclamase a Ju\u00e1rez Benem\u00e9rito de la Am\u00e9rica; que la Republica dominicana estaba en aptitud para ello y pod\u00eda tomar la iniciativa, dando as\u00ed el ejemplo a las dem\u00e1s republicas, sus hermanas, que quisiesen mostrar su simpat\u00eda por la causa de la libertad de M\u00e9xico\u201d.<\/p>\n<figure class=\"wp-block-image size-full is-resized\"><\/figure>\n<p>En la cr\u00f3nica de esta memorable sesi\u00f3n se inform\u00f3 que: \u201cA invitaci\u00f3n de la Presidencia, que puso de manifiesto la identidad de causa en que se hallaban M\u00e9xico y Santo Domingo, la C\u00e1mara toda se puso de pie en honor del Presidente Ju\u00e1rez, aplaudiendo de este modo el triunfo de la causa republicana en M\u00e9xico y tomando en consideraci\u00f3n lo propuesto por el diputado Madrigal\u201d. Dijo N\u00fa\u00f1ez y Dom\u00ednguez en su interesante articulo que \u201cesta escena debe se recogida por M\u00e9xico en las p\u00e1ginas de su historia y figurar entre las mas bellas de sus relaciones con las republicas hermanas\u201d.<\/p>\n<p>Y nosotros, los dominicanos, debemos enorgullecernos de que fuera nuestra Patria la primera en proclamar al noble `patricio mexicano Benem\u00e9rito de la Am\u00e9rica.<\/p>\n<p>En la introducci\u00f3n de su trabajo en la revista Ahora, Matos Diaz, se\u00f1ala que en el a\u00f1o 1864, cuando el gobierno dominicano envi\u00f3 a EU, en misi\u00f3n especial, a republico Pablo Pujols, con el fin de que informara a las autoridades norteamericanas y a los representantes diplom\u00e1ticos del Nuevo Mundo acreditados en Washigton, de la injusticia que comet\u00eda Espa\u00f1a al empe\u00f1arse en someter por la fuerza a un pueblo libre, el canciller mexicano, Mat\u00edas Romero, le brind\u00f3 su cooperaci\u00f3n al patriota dominicano.<\/p>\n<p>En su exposici\u00f3n ante el Congreso de EU expreso: \u201cLa causa de Santo Domingo viene a ser la nuestra propia, con muy pocas diferencias, y no parecer\u00eda ni patri\u00f3tico ni digno el abstenerme aun de expresar simpat\u00edas por nuestros hermanos que se encuentran en el mismo caso que nosotros\u201d. Como puede verse M\u00e9xico y dominicana defend\u00edan la misma causa frente a los gobiernos de Francia y Espa\u00f1a, cuyos monarcas, Napole\u00f3n III e Isabel II, pretendieron extender sus dominios a Am\u00e9rica, pero los mexicanos y los dominicanos demostraron en gestas \u00e9picas que nuestro continente ya no era campo para sus conquistas.<\/p>\n<p>Fue por estas circunstancias, que despu\u00e9s del triunfo de las armas dominicanas, el Congreso Nacional declar\u00f3, en fecha 11 de mayo de 1867, Benem\u00e9rito de Am\u00e9rica, a don Benito Pablo Ju\u00e1rez Garc\u00eda, primer y \u00fanico presidente de M\u00e9xico de origen ind\u00edgena, y autor de la famosa y simb\u00f3lica frase \u201cEntre los individuos, como entre las Naciones, el derecho al respeto ajeno es la Paz\u201d.)<\/p>\n","protected":false},"excerpt":{"rendered":"<p>Chich\u00ed de Jes\u00fas (Hoy, 15-10-22) &nbsp; A Rep\u00fablica Dominicana corresponde la paternidad de ser la primera Naci\u00f3n que proclam\u00f3 al ex Presidente de M\u00e9xico, Dr. Benito Ju\u00e1rez, el titulo de \u201cBenem\u00e9rito de Am\u00e9rica\u201d, conforme una resoluci\u00f3n del Congreso Nacional, aprobada en el mes de mayo del 1867, hace 155 a\u00f1os El distinguido intelectual y diplom\u00e1tico [&hellip;]<\/p>\n","protected":false},"author":1,"featured_media":52361,"comment_status":"open","ping_status":"open","sticky":false,"template":"","format":"standard","meta":{"footnotes":""},"categories":[18,5],"tags":[],"class_list":["post-52360","post","type-post","status-publish","format-standard","has-post-thumbnail","hentry","category-cultura","category-nacionales"],"_links":{"self":[{"href":"https:\/\/debateplural.net\/site\/wp-json\/wp\/v2\/posts\/52360"}],"collection":[{"href":"https:\/\/debateplural.net\/site\/wp-json\/wp\/v2\/posts"}],"about":[{"href":"https:\/\/debateplural.net\/site\/wp-json\/wp\/v2\/types\/post"}],"author":[{"embeddable":true,"href":"https:\/\/debateplural.net\/site\/wp-json\/wp\/v2\/users\/1"}],"replies":[{"embeddable":true,"href":"https:\/\/debateplural.net\/site\/wp-json\/wp\/v2\/comments?post=52360"}],"version-history":[{"count":1,"href":"https:\/\/debateplural.net\/site\/wp-json\/wp\/v2\/posts\/52360\/revisions"}],"predecessor-version":[{"id":52362,"href":"https:\/\/debateplural.net\/site\/wp-json\/wp\/v2\/posts\/52360\/revisions\/52362"}],"wp:featuredmedia":[{"embeddable":true,"href":"https:\/\/debateplural.net\/site\/wp-json\/wp\/v2\/media\/52361"}],"wp:attachment":[{"href":"https:\/\/debateplural.net\/site\/wp-json\/wp\/v2\/media?parent=52360"}],"wp:term":[{"taxonomy":"category","embeddable":true,"href":"https:\/\/debateplural.net\/site\/wp-json\/wp\/v2\/categories?post=52360"},{"taxonomy":"post_tag","embeddable":true,"href":"https:\/\/debateplural.net\/site\/wp-json\/wp\/v2\/tags?post=52360"}],"curies":[{"name":"wp","href":"https:\/\/api.w.org\/{rel}","templated":true}]}}