{"id":5256,"date":"2016-05-07T09:57:28","date_gmt":"2016-05-07T13:57:28","guid":{"rendered":"http:\/\/debateplural.com\/?p=5256"},"modified":"2016-06-23T13:42:56","modified_gmt":"2016-06-23T13:42:56","slug":"embajada-de-eeuu-niega-nexos-de-la-oposicion-siria-con-los-yihadistas","status":"publish","type":"post","link":"https:\/\/debateplural.net\/site\/2016\/05\/07\/embajada-de-eeuu-niega-nexos-de-la-oposicion-siria-con-los-yihadistas\/","title":{"rendered":"Embajada de EEUU niega nexos de la oposici\u00f3n siria con los yihadistas"},"content":{"rendered":"<div id=\"attachment_5257\" style=\"width: 715px\" class=\"wp-caption aligncenter\"><img loading=\"lazy\" decoding=\"async\" aria-describedby=\"caption-attachment-5257\" class=\"size-full wp-image-5257\" src=\"http:\/\/tripletecnologia.com\/website\/debateplural\/wp-content\/uploads\/2016\/05\/nic3b1o-con-la-bandera-de-la-oposicion-siria-1.jpg\" alt=\"Ni\u00f1o con la bandera de la oposicion siria\" width=\"705\" height=\"381\" \/><p id=\"caption-attachment-5257\" class=\"wp-caption-text\">Ni\u00f1o con la bandera de la oposicion siria<\/p><\/div>\n<p class=\"b-article__lead\" style=\"text-align:justify;\">La oposici\u00f3n siria, que demanda el traspaso pol\u00edtico del poder, apoya el cese del fuego en el pa\u00eds y no est\u00e1 vinculada con los terroristas de los grupos Daesh y Frente al Nusra, declar\u00f3 este viernes el secretario de prensa de la embajada de<a href=\"http:\/\/localhost\/debateplural\/tag\/estados-unidos\"> Estados Unidos<\/a> en <a href=\"http:\/\/localhost\/debateplural\/tag\/rusia\">Rusia<\/a>, William Stevens.<!--more--><\/p>\n<div class=\"b-article__text\">\n<p class=\"marker-quote1\" style=\"text-align:justify;\">\"Hay que tener en cuenta que la violencia perpetrada por Daesh y Frente al Nusra se lleva a cabo por grupos que no son parte del acuerdo de alto el fuego y no est\u00e1n incluidos en \u00e9ste, al tiempo que la parte de la oposici\u00f3n que firm\u00f3 el acuerdo y est\u00e1 incluida en \u00e9l no puede responsabilizarse de las acciones de terroristas\", dijo.<\/p>\n<p style=\"text-align:justify;\">Stevens destac\u00f3 que \"nadie sale tan beneficiado de la continuaci\u00f3n de los combates como los terroristas\".<\/p>\n<p style=\"text-align:justify;\">Adem\u00e1s, indic\u00f3 que la informaci\u00f3n que \"llega diariamente de la ciudad siria de Alepo\" no confirma las declaraciones de Damasco de que lucha contra los principales grupos terroristas.<\/p>\n<\/div>\n<p style=\"text-align:justify;\">Previamente, el ministro de Exteriores de Rusia,<a href=\"http:\/\/localhost\/debateplural\/tag\/Sergu\u00e9i-Lavrov\"> Sergu\u00e9i Lavrov<\/a>, en una entrevista con Sputnik estim\u00f3 que la oposici\u00f3n siria no se retira de las posiciones del Frente al Nusra para protegerlo.<\/p>\n<p style=\"text-align:justify;\">La comandancia del Ej\u00e9rcito sirio anunci\u00f3 el inicio de un r\u00e9gimen de silencio en Alepo a partir de la madrugada de este jueves y por un plazo de 48 horas<\/p>\n<p style=\"text-align:justify;\">Alepo sufri\u00f3 durante la \u00faltima semana masivos bombardeos con morteros y misiles que se cobraron la vida de m\u00e1s de 100 civiles.<\/p>\n<p style=\"text-align:justify;\"><a href=\"http:\/\/localhost\/debateplural\/tag\/siria\">Siria<\/a> est\u00e1 sumida desde hace m\u00e1s de cinco a\u00f1os en una guerra civil en la que las fuerzas gubernamentales se enfrentan a grupos armados de la oposici\u00f3n y organizaciones extremistas como Daesh (autodenominado <a href=\"http:\/\/localhost\/debateplural\/tag\/estado-islamico\">Estado Isl\u00e1mico<\/a>) y el Frente al Nusra, proscritas en Rusia y otros pa\u00edses.<\/p>\n","protected":false},"excerpt":{"rendered":"<p>La oposici\u00f3n siria, que demanda el traspaso pol\u00edtico del poder, apoya el cese del fuego en el pa\u00eds y no est\u00e1 vinculada con los terroristas de los grupos Daesh y Frente al Nusra, declar\u00f3 este viernes el secretario de prensa de la embajada de Estados Unidos en Rusia, William Stevens.<\/p>\n","protected":false},"author":1,"featured_media":6658,"comment_status":"open","ping_status":"open","sticky":false,"template":"","format":"standard","meta":{"footnotes":""},"categories":[14,12],"tags":[54,8,40,78,41],"class_list":["post-5256","post","type-post","status-publish","format-standard","has-post-thumbnail","hentry","category-internacionales","category-politica-3","tag-estado-islamico","tag-estados-unidos","tag-rusia","tag-serguei-lavrov","tag-siria"],"_links":{"self":[{"href":"https:\/\/debateplural.net\/site\/wp-json\/wp\/v2\/posts\/5256"}],"collection":[{"href":"https:\/\/debateplural.net\/site\/wp-json\/wp\/v2\/posts"}],"about":[{"href":"https:\/\/debateplural.net\/site\/wp-json\/wp\/v2\/types\/post"}],"author":[{"embeddable":true,"href":"https:\/\/debateplural.net\/site\/wp-json\/wp\/v2\/users\/1"}],"replies":[{"embeddable":true,"href":"https:\/\/debateplural.net\/site\/wp-json\/wp\/v2\/comments?post=5256"}],"version-history":[{"count":1,"href":"https:\/\/debateplural.net\/site\/wp-json\/wp\/v2\/posts\/5256\/revisions"}],"predecessor-version":[{"id":6659,"href":"https:\/\/debateplural.net\/site\/wp-json\/wp\/v2\/posts\/5256\/revisions\/6659"}],"wp:featuredmedia":[{"embeddable":true,"href":"https:\/\/debateplural.net\/site\/wp-json\/wp\/v2\/media\/6658"}],"wp:attachment":[{"href":"https:\/\/debateplural.net\/site\/wp-json\/wp\/v2\/media?parent=5256"}],"wp:term":[{"taxonomy":"category","embeddable":true,"href":"https:\/\/debateplural.net\/site\/wp-json\/wp\/v2\/categories?post=5256"},{"taxonomy":"post_tag","embeddable":true,"href":"https:\/\/debateplural.net\/site\/wp-json\/wp\/v2\/tags?post=5256"}],"curies":[{"name":"wp","href":"https:\/\/api.w.org\/{rel}","templated":true}]}}