{"id":526,"date":"2015-07-04T23:56:43","date_gmt":"2015-07-04T23:56:43","guid":{"rendered":"http:\/\/debateplural.com\/?p=526"},"modified":"2016-06-23T14:32:52","modified_gmt":"2016-06-23T14:32:52","slug":"solidaridad-con-venezuela-y-bolivia","status":"publish","type":"post","link":"https:\/\/debateplural.net\/site\/2015\/07\/04\/solidaridad-con-venezuela-y-bolivia\/","title":{"rendered":"SOLIDARIDAD CON VENEZUELA Y BOLIVIA"},"content":{"rendered":"<div id=\"attachment_748\" style=\"width: 459px\" class=\"wp-caption aligncenter\"><a href=\"http:\/\/tripletecnologia.com\/website\/debateplural\/wp-content\/uploads\/2015\/07\/la-paz-bolivia-1.jpg\"><img loading=\"lazy\" decoding=\"async\" aria-describedby=\"caption-attachment-748\" class=\" wp-image-748\" src=\"http:\/\/tripletecnologia.com\/website\/debateplural\/wp-content\/uploads\/2015\/07\/la-paz-bolivia-1.jpg?w=705\" alt=\"La Paz (Bolivia)\" width=\"449\" height=\"280\" \/><\/a><p id=\"caption-attachment-748\" class=\"wp-caption-text\">La Paz (Bolivia)<\/p><\/div>\n<p style=\"text-align:justify;\">Por: Angel Moreta<\/p>\n<p style=\"text-align:justify;\">En el momento actual en Am\u00e9rica Latina se producen conspiraciones organizadas con los sectores tradicionales y tratan de desprestigiar al Gobierno Bolivariano de Venezuela y al Gobierno de Bolivia, organizando movimientos de protestas callejeras con el objetivo de desestabilizar a los presidentes <a href=\"http:\/\/localhost\/debateplural\/tag\/hugo-chavez\">Hugo Ch\u00e1vez<\/a> y Evo Morales.<!--more--><\/p>\n<p style=\"text-align:justify;\">Tan pronto el gobierno de Evo Morales, el d\u00eda 11-09-08, tuvo problemas con los EU, orden\u00f3 la expulsi\u00f3n del embajador de ese pa\u00eds en Bolivia; y a su vez, EU expuls\u00f3 al embajador Boliviano en Washington. El presidente Hugo Ch\u00e1vez, en un gesto de solidaridad con la hermana Rep\u00fablica de Bolivia, y mostrando que Am\u00e9rica Latina se levanta unida contra el imperio, tambi\u00e9n orden\u00f3 la expulsi\u00f3n de los EU y solicit\u00f3 a su embajador en Washington coger un avi\u00f3n inmediatamente para su pa\u00eds, y as\u00ed evitar que lo sacaran.<\/p>\n<p style=\"text-align:justify;\">Esto demuestra que Am\u00e9rica Latina se levanta unida, con la ayuda pol\u00edtica, econ\u00f3mica y militar de la Rep\u00fablica Bolivariana. Y como una muestra de independencia, firm\u00f3 varios convenios con Rusia para fortalecer los lazos comunes, y en ese sentido hoy se encuentra en aguas venezolanas Fuerzas Militares Rusas para realizar ejercicios conjuntos con las Fuerzas Armadas de Venezuela.<\/p>\n<p style=\"text-align:justify;\">Y la muestra de independencia es mucho m\u00e1s enf\u00e1tica, si tomamos en consideraci\u00f3n que en \u00e9ste momento se encuentra en las aguas territoriales de Hait\u00ed, la llamada Cuarta Flota de los EU. Es decir que estamos en un momento hist\u00f3rico en el cual Venezuela realiza su segunda independencia y ayuda solidariamente a todos los pa\u00edses de Am\u00e9rica Latina que han decidido iniciar el camino de la independencia, la soberan\u00eda y la autodeterminaci\u00f3n, como Bolivia, Ecuador, Argentina, Brasil, Nicaragua y otros pa\u00edses. La actitud de la Rep\u00fablica Bolivariana de Venezuela tiene un elevado sentido hist\u00f3rico, por su ingrediente de solidaridad e independencia, y sirve de modelo Bol\u00edvar, Jos\u00e9 Mart\u00ed, Juan Pablo Duarte y otros h\u00e9roes de la independencia de Am\u00e9rica Latina.<\/p>\n<p style=\"text-align:justify;\">Ha llegado la hora de la independencia con el fin de realizar las reformas econ\u00f3micas y sociales que beneficien a los pueblos pobres y subdesarrollados. El presidente Hugo Ch\u00e1vez es querido por su pueblo, por su sinceridad, honestidad y solidaridad con el pueblo Venezolano; el pueblo lo quiere porque a visto en \u00e9l por primera vez un dirigente que va al Poder, no a robar ni enriquecerse il\u00edcitamente, sino a realizar las reformas econ\u00f3micas y sociales que liberen al pueblo de sus miserias, de aquellas miserias que los partidos corruptos y tradicionales engendran cada d\u00eda, sustrayendo los recursos p\u00fablicos y destruyendo cada d\u00eda la calidad de vida de nuestros pueblos. Y el patrimonio.<\/p>\n<p>&nbsp;<\/p>\n","protected":false},"excerpt":{"rendered":"<p>Por: Angel Moreta En el momento actual en Am\u00e9rica Latina se producen conspiraciones organizadas con los sectores tradicionales y tratan de desprestigiar al Gobierno Bolivariano de Venezuela y al Gobierno de Bolivia, organizando movimientos de protestas callejeras con el objetivo de desestabilizar a los presidentes Hugo Ch\u00e1vez y Evo Morales.<\/p>\n","protected":false},"author":1,"featured_media":9098,"comment_status":"open","ping_status":"open","sticky":false,"template":"","format":"standard","meta":{"footnotes":""},"categories":[12],"tags":[23],"class_list":["post-526","post","type-post","status-publish","format-standard","has-post-thumbnail","hentry","category-politica-3","tag-hugo-chavez"],"_links":{"self":[{"href":"https:\/\/debateplural.net\/site\/wp-json\/wp\/v2\/posts\/526"}],"collection":[{"href":"https:\/\/debateplural.net\/site\/wp-json\/wp\/v2\/posts"}],"about":[{"href":"https:\/\/debateplural.net\/site\/wp-json\/wp\/v2\/types\/post"}],"author":[{"embeddable":true,"href":"https:\/\/debateplural.net\/site\/wp-json\/wp\/v2\/users\/1"}],"replies":[{"embeddable":true,"href":"https:\/\/debateplural.net\/site\/wp-json\/wp\/v2\/comments?post=526"}],"version-history":[{"count":1,"href":"https:\/\/debateplural.net\/site\/wp-json\/wp\/v2\/posts\/526\/revisions"}],"predecessor-version":[{"id":9099,"href":"https:\/\/debateplural.net\/site\/wp-json\/wp\/v2\/posts\/526\/revisions\/9099"}],"wp:featuredmedia":[{"embeddable":true,"href":"https:\/\/debateplural.net\/site\/wp-json\/wp\/v2\/media\/9098"}],"wp:attachment":[{"href":"https:\/\/debateplural.net\/site\/wp-json\/wp\/v2\/media?parent=526"}],"wp:term":[{"taxonomy":"category","embeddable":true,"href":"https:\/\/debateplural.net\/site\/wp-json\/wp\/v2\/categories?post=526"},{"taxonomy":"post_tag","embeddable":true,"href":"https:\/\/debateplural.net\/site\/wp-json\/wp\/v2\/tags?post=526"}],"curies":[{"name":"wp","href":"https:\/\/api.w.org\/{rel}","templated":true}]}}