{"id":5283,"date":"2016-05-09T10:43:56","date_gmt":"2016-05-09T14:43:56","guid":{"rendered":"http:\/\/debateplural.com\/?p=5283"},"modified":"2016-05-09T10:43:56","modified_gmt":"2016-05-09T14:43:56","slug":"la-plaza-roja-acoge-el-desfile-del-dia-de-la-victoria","status":"publish","type":"post","link":"https:\/\/debateplural.net\/site\/2016\/05\/09\/la-plaza-roja-acoge-el-desfile-del-dia-de-la-victoria\/","title":{"rendered":"La Plaza Roja acoge el Desfile del D\u00eda de la Victoria"},"content":{"rendered":"<div id=\"attachment_5284\" style=\"width: 715px\" class=\"wp-caption aligncenter\"><img loading=\"lazy\" decoding=\"async\" aria-describedby=\"caption-attachment-5284\" class=\"size-full wp-image-5284\" src=\"https:\/\/debateplural.files.wordpress.com\/2016\/05\/cadetes-de-la-academia-militar-femenina-jruliov-participan-por-primera-vez-en-el-desfile-de-la-plaza-roja-de-moscc3ba-por-el-71-c2ba-aniversario-de-la-victoria-en-la-segunda-guerra-mundial.jpg\" alt=\"Cadetes de la Academia Militar Femenina Jruliov participan por primera vez en el desfile de la Plaza Roja de Mosc\u00fa por el 71.\u00ba aniversario de la victoria en la Segunda Guerra Mundial. 9 de mayo de 2016\" width=\"705\" height=\"486\" \/><p id=\"caption-attachment-5284\" class=\"wp-caption-text\">Cadetes de la Academia Militar Femenina Jruliov participan por primera vez en el desfile de la Plaza Roja de Mosc\u00fa por el 71.\u00ba aniversario de la victoria en la Segunda Guerra Mundial. 9 de mayo de 2016<\/p><\/div>\n<p style=\"text-align:justify;\">El 9 de mayo toda <a href=\"http:\/\/localhost\/debateplural\/tag\/rusia\">Rusia <\/a>celebra el D\u00eda de la Victoria sobre el nazismo y rinde homenaje a los fallecidos en la Gran Guerra Patria.<\/p>\n<p style=\"text-align:justify;\">71 a\u00f1os atr\u00e1s, la Uni\u00f3n Sovi\u00e9tica celebr\u00f3 la gloriosa victoria sobre la Alemania nazi en la Gran Guerra Patria. El 9 de mayo, a lo largo y ancho de Rusia se celebra la gran haza\u00f1a del pueblo sovi\u00e9tico, que no se rindi\u00f3 ante los nazis, siendo la fiesta m\u00e1s emotiva del pa\u00eds.<!--more--><\/p>\n<p><iframe loading=\"lazy\" width=\"810\" height=\"456\" src=\"https:\/\/www.youtube.com\/embed\/j2H-A0vpqNw?feature=oembed\" frameborder=\"0\" allowfullscreen><\/iframe><\/p>\n<p style=\"text-align:justify;\">Con motivo del 71.\u00ba aniversario de la derrota del nazismo, la Plaza Roja de Mosc\u00fa vuelve a ser centro del espectacular Desfile del D\u00eda de la Victoria. Unos 10.000 militares y m\u00e1s de 100 unidades de equipos militares, as\u00ed como 71 helic\u00f3pteros y aviones, n\u00famero elegido a prop\u00f3sito para conmemorar los a\u00f1os transcurridos desde aquella victoria,\u00a0desfilaron por el coraz\u00f3n de la capital rusa.<\/p>\n<p style=\"text-align:justify;\">El Desfile de la Victoria empez\u00f3 a las 10.00 de la ma\u00f1ana (hora de Mosc\u00fa). Uno de los momentos clave del evento lleg\u00f3 poco despu\u00e9s con la aparici\u00f3n sobre el empedrado de la Plaza Roja de la Bandera de la Victoria, la misma que soldados sovi\u00e9ticos hicieron ondear sobre del Reichstag de Berl\u00edn en mayo de 1945.\u00a0Como ya es tradicional, los primeros en pisar la Plaza Roja fueron\u00a0las columnas a pie (marineros, marines, tropas de misiles e infanter\u00eda motorizada), a las que siguieron los veh\u00edculos blindados.<\/p>\n<p style=\"text-align:justify;\">La parte armament\u00edstica del desfile permiti\u00f3 demostrar el futuro de los tanques rusos, los Armata, los sistemas de artiller\u00eda MSTA-S y los Koalitsia-SV, el m\u00e1s moderno ca\u00f1\u00f3n ob\u00fas autopropulsado de artiller\u00eda. En el desfile tambi\u00e9n participaron columnas de transportes blindados Rakushka, los nuevos veh\u00edculos blindados de las tropas de desembarco BMD-4M, y los sistemas de misiles y de artiller\u00eda antia\u00e9rea Pantsir-S, as\u00ed como los sistemas de defensa aeroespacial S-400.<\/p>\n<p style=\"text-align:justify;\">Este a\u00f1o el desfile cont\u00f3 con la participaci\u00f3n, por primera vez en la historia, de mujeres militares, en concreto de estudiantes de academias militares superiores. Tambi\u00e9n tomaron parte por primera vez en el evento los representantes de la Fuerza Aeroespacial, creada en agosto de 2015, y que demostr\u00f3 su eficacia durante la operaci\u00f3n militar en<a href=\"http:\/\/localhost\/debateplural\/tag\/siria\"> Siria<\/a>.<\/p>\n<p style=\"text-align:justify;\">Ya en cielo los espectadores pudieron observar los nuevos aviones modernizados Il-76, el gigante An-124-100, los bombarderos Tu-95 MS, Tu-22M3 y Su-24M, los cazabombarderos Su-34 y Su-27, los cazas Mig-29SMT y los Su-35S, as\u00ed como los cazas interceptores supers\u00f3nicos Mig-31BM. Los pilotos tambi\u00e9n realizaron una demostraci\u00f3n de reabastecimiento en pleno vuelo de un bombardero pesado Tu-160 desde un avi\u00f3n cisterna Il-78. Y para culminar el desfile, seis Su-25 de los grupos de acrobacias a\u00e9reas R\u00faskiye V\u00edtiazi y Strizh\u00ed pintaron con humo la bandera rusa en el cielo de la capital rusa.<\/p>\n<p style=\"text-align:justify;\">El presidente de Rusia,\u00a0<a href=\"http:\/\/localhost\/debateplural\/tag\/vladimir-putin\">Vlad\u00edmir Putin<\/a>, felicit\u00f3\u00a0a los rusos con motivo del 71.\u00ba\u00a0aniversario\u00a0de la derrota de las tropas de la Alemania nazi\u00a0en la Segunda Guerra Mundial, se\u00f1alando que \"el poder, la confianza y la dignidad\" del pa\u00eds radican en \"la cohesi\u00f3n\"\u00a0del pueblo ruso\u00a0y su \"dedicaci\u00f3n\" a\u00a0la patria.<\/p>\n<p style=\"text-align:justify;\">\"Inclinamos la cabeza ante la bendita memoria de hijos, hijas, padres, madres, abuelos, esposos, esposas, hermanos, hermanas, compa\u00f1eros de armas y amigos. Ante todos los que no regresaron de la guerra, ante todos los que\u00a0ya no est\u00e1n con nosotros\", ha recalcado\u00a0el l\u00edder ruso, declarando un minuto de silencio.<\/p>\n<p style=\"text-align:justify;\">La Gran Guerra Patria se denomina en Rusia al per\u00edodo\u00a0de\u00a0la Segunda Guerra Mundial que va desde la invasi\u00f3n nazi de la URSS, que comenz\u00f3 el 22 de junio de 1941 y se prolong\u00f3 hasta la ca\u00edda de Berl\u00edn, y la capitulaci\u00f3n de la <a href=\"http:\/\/localhost\/debateplural\/tag\/alemania\">Alemania<\/a> nazi el 9 de mayo de 1945.<\/p>\n<p style=\"text-align:justify;\">La capitulaci\u00f3n del III Reich fue firmada en Berl\u00edn el 8 de mayo de 1945 por el mariscal nazi Wilhem Keitel ante el mariscal sovi\u00e9tico Gueorgui Zhukov y entr\u00f3 en vigor a las 23.01 de la noche de aquel d\u00eda, seg\u00fan hora europea. Sin embargo, debido a\u00a0la diferencia\u00a0horaria, en la URSS ya era 9 de mayo, raz\u00f3n por la que se celebra este d\u00eda.<\/p>\n<p style=\"text-align:justify;\">Se estima que en los cuatro a\u00f1os de conflicto perdieron la vida 27 millones de sovi\u00e9ticos. En ese sentido, otra acci\u00f3n importante que se celebra en Rusia en el marco del D\u00eda de la Victoria es la marcha del Regimiento Inmortal. En esta acci\u00f3n, los activistas marchan con retratos de sus familiares ca\u00eddos y veteranos que combatieron por la paz de las pr\u00f3ximas generaciones.<\/p>\n","protected":false},"excerpt":{"rendered":"<p>El 9 de mayo toda Rusia celebra el D\u00eda de la Victoria sobre el nazismo y rinde homenaje a los fallecidos en la Gran Guerra Patria. 71 a\u00f1os atr\u00e1s, la Uni\u00f3n Sovi\u00e9tica celebr\u00f3 la gloriosa victoria sobre la Alemania nazi en la Gran Guerra Patria. El 9 de mayo, a lo largo y ancho de [&hellip;]<\/p>\n","protected":false},"author":1,"featured_media":0,"comment_status":"open","ping_status":"open","sticky":false,"template":"","format":"standard","meta":{"footnotes":""},"categories":[14,12],"tags":[7,40,41,42],"class_list":["post-5283","post","type-post","status-publish","format-standard","hentry","category-internacionales","category-politica-3","tag-alemania","tag-rusia","tag-siria","tag-vladimir-putin"],"_links":{"self":[{"href":"https:\/\/debateplural.net\/site\/wp-json\/wp\/v2\/posts\/5283"}],"collection":[{"href":"https:\/\/debateplural.net\/site\/wp-json\/wp\/v2\/posts"}],"about":[{"href":"https:\/\/debateplural.net\/site\/wp-json\/wp\/v2\/types\/post"}],"author":[{"embeddable":true,"href":"https:\/\/debateplural.net\/site\/wp-json\/wp\/v2\/users\/1"}],"replies":[{"embeddable":true,"href":"https:\/\/debateplural.net\/site\/wp-json\/wp\/v2\/comments?post=5283"}],"version-history":[{"count":0,"href":"https:\/\/debateplural.net\/site\/wp-json\/wp\/v2\/posts\/5283\/revisions"}],"wp:attachment":[{"href":"https:\/\/debateplural.net\/site\/wp-json\/wp\/v2\/media?parent=5283"}],"wp:term":[{"taxonomy":"category","embeddable":true,"href":"https:\/\/debateplural.net\/site\/wp-json\/wp\/v2\/categories?post=5283"},{"taxonomy":"post_tag","embeddable":true,"href":"https:\/\/debateplural.net\/site\/wp-json\/wp\/v2\/tags?post=5283"}],"curies":[{"name":"wp","href":"https:\/\/api.w.org\/{rel}","templated":true}]}}