{"id":5286,"date":"2016-05-09T11:04:43","date_gmt":"2016-05-09T15:04:43","guid":{"rendered":"http:\/\/debateplural.com\/?p=5286"},"modified":"2016-06-23T13:42:45","modified_gmt":"2016-06-23T13:42:45","slug":"bruselas-con-ankara-un-ridiculo-por-conveniencia","status":"publish","type":"post","link":"https:\/\/debateplural.net\/site\/2016\/05\/09\/bruselas-con-ankara-un-ridiculo-por-conveniencia\/","title":{"rendered":"Bruselas con Ankara, un rid\u00edculo por conveniencia"},"content":{"rendered":"<div id=\"attachment_2444\" style=\"width: 715px\" class=\"wp-caption aligncenter\"><img loading=\"lazy\" decoding=\"async\" aria-describedby=\"caption-attachment-2444\" class=\"size-full wp-image-2444\" src=\"http:\/\/tripletecnologia.com\/website\/debateplural\/wp-content\/uploads\/2016\/05\/el-presidente-turco-recep-tayyip-erdogan-y-el-primer-ministro-ahmet-davutoglu-2.jpg\" alt=\"El presidente turco Recep Tayyip Erdogan y el primer ministro, Ahmet Davutoglu\" width=\"705\" height=\"397\" \/><p id=\"caption-attachment-2444\" class=\"wp-caption-text\">El presidente turco Recep Tayyip Erdogan y el primer ministro, Ahmet Davutoglu<\/p><\/div>\n<p class=\"b-article__lead\" style=\"text-align:justify;\"><strong>Debateplural.com, comparte con los lectores el art\u00edculo de Luis Rivas, titulado \"Bruselas con Ankara, un rid\u00edculo por conveniencia\", publicado en Sputniknews.com, en fecha 6 del mes de mayo de 2016.<\/strong><\/p>\n<p class=\"b-article__lead\" style=\"text-align:justify;\">La necesidad y la desesperaci\u00f3n llevan a veces al rid\u00edculo, los dirigentes de la Uni\u00f3n Europea conocen bien ese sentimiento y lo han vuelto a vivir a principios de mayo.<\/p>\n<div class=\"b-article__text\"><\/div>\n<div class=\"b-article__text\" style=\"text-align:justify;\">El Vicepresidente de la Comisi\u00f3n Europea, el holand\u00e9s Frans Timmermans, saluda los \"formidables progresos\" de Ankara para justificar la liberalizaci\u00f3n de visados para los ciudadanos turcos.<\/div>\n<p><!--more--><\/p>\n<div class=\"b-article__text\" style=\"text-align:justify;\">\n<p>Para la <a href=\"http:\/\/localhost\/debateplural\/tag\/ue\">UE<\/a>, de los 72 criterios exigidos a <a href=\"http:\/\/localhost\/debateplural\/tag\/turquia\">Turqu\u00eda<\/a> para avanzar en las negociaciones, solo 5 quedan por cumplir, entre ellos los referidos a terrorismo y corrupci\u00f3n.<\/p>\n<p>Los \"formidables progresos\" enunciados por Bruselas deben sorprender a los activistas proderechos humanos, a los periodistas, a los miembros de la minor\u00eda kurda del pa\u00eds\u2026 e incluso al hasta ahora primer ministro, Ahmet Davutoglu, cesado por el presidente <a href=\"http:\/\/localhost\/debateplural\/tag\/Recep-Tayyip-Erdogan\">Recep Tayyip Erdogan<\/a>, por convertirse en un obst\u00e1culo a sus sue\u00f1os de poder absoluto.<\/p>\n<p>La UE, es decir, los gobiernos de los 28 pa\u00edses que la forman, prefieren cerrar los ojos ante las medidas cada d\u00eda m\u00e1s liberticidas del presidente turco.<\/p>\n<p>De puertas para adentro, las cr\u00edticas a Ankara se hacen en voz baja, solo para el consumo interno de unos ciudadanos europeos que asisten asombrados al triunfo recurrente de la mentira y la hipocres\u00eda.<\/p>\n<p style=\"text-align:justify;\">La necesidad de la UE de impedir la llegada masiva de refugiados a su territorio ha sido el mejor trampol\u00edn para el impulso a los delirios de grandeza de Erdogan. Davutoglu se hab\u00eda convertido en el \u00faltimo obst\u00e1culo para el presidente, que priva a la canciller alemana, <a href=\"http:\/\/localhost\/debateplural\/tag\/angela-merkel\">\u00c1ngela Merkel<\/a>, de su interlocutor privilegiado desde que el pasado mes de marzo llegaran al acuerdo para anclar en territorio turco a todo aspirante a cruzar las fronteras del espacio Schengen.<\/p>\n<p style=\"text-align:justify;\">Davutoglu era considerado por los medios de prensa europeos como el \"moderado\" en el d\u00fao de poder ahora disuelto por Erdogan. Se se\u00f1ala que entre sus proyectos figuraba retomar las negociaciones de paz con los representantes de la guerrilla kurda y se insiste en su supuesta posici\u00f3n a la represi\u00f3n de los periodistas. Se tiende a embellecer el papel de las v\u00edctimas. Est\u00e1 ahora por ver si desde fuera del gobierno, Davotoglou confirma la visi\u00f3n positiva de los europeos.<\/p>\n<\/div>\n<div class=\"b-article__text\" style=\"text-align:justify;\">La cohabitaci\u00f3n entre los dos l\u00edderes era ya imposible. Erdogan vet\u00f3 al candidato de Davutoglu para dirigir los servicios secretos, tambi\u00e9n impidi\u00f3 la entrada en el gabinete de Ali Babacan, ministro de Econom\u00eda durante doce a\u00f1os y pr\u00f3ximo a Davutoglu. Erdogan abort\u00f3 la ley de transparencia inspirada por su primer ministro. El presidente respondi\u00f3 secamente que con el PKK no hab\u00eda nada que negociar\u2026<\/div>\n<div class=\"b-article__text\" style=\"text-align:justify;\">\n<p style=\"text-align:justify;\">En el apartado exterior, el presidente pas\u00f3 de presumir de la teor\u00eda de \"cero enemigos\", a enemistarse con Damasco, Teher\u00e1n y Mosc\u00fa.<\/p>\n<p style=\"text-align:justify;\">Erdogan tiene ahora v\u00eda libre para elegir a un fiel como sustituto del 'premier'. Importa poco el nombre del futuro inquilino del palacio de Cankaya. Ser\u00e1 alguien que se limitar\u00e1 a cumplir las \u00f3rdenes y deseos del jefe del Estado, alguien que aplaudir\u00e1 cada paso de Erdogan hacia su empe\u00f1o en cambiar la Constituci\u00f3n para hacer del turco un r\u00e9gimen presidencialista.<\/p>\n<p style=\"text-align:justify;\">Se teme que las garant\u00edas escritas que subrayan el car\u00e1cter secular del pa\u00eds se eliminen en aras de una islamizaci\u00f3n que Erdogan anhela sin tapujos.<\/p>\n<p style=\"text-align:justify;\">Pero <a href=\"http:\/\/localhost\/debateplural\/tag\/europa\">Europa<\/a> cierra los ojos. Entre refugiados de Oriente e inmigrantes turcos, opta por la segunda opci\u00f3n, atado de pies y manos por Erdogan, el principal beneficiado de la crisis que ha descompuesto a la UE.<strong>\u00a0<\/strong><\/p>\n<p style=\"text-align:justify;\">No se vislumbra en Europa ning\u00fan pol\u00edtico capaz de expresar p\u00fablicamente al presidente turco las inquietudes sobre su acci\u00f3n pol\u00edtica interna y externa. Una actitud que aleja a\u00fan m\u00e1s a los dirigentes europeos de sus propios conciudadanos, una mayor\u00eda de europeos se opone a la entrada de Turqu\u00eda en la UE, seg\u00fan sondeos llevados a cabo en los 28 pa\u00edses de la Uni\u00f3n.<\/p>\n<\/div>\n<p>&nbsp;<\/p>\n","protected":false},"excerpt":{"rendered":"<p>Debateplural.com, comparte con los lectores el art\u00edculo de Luis Rivas, titulado \"Bruselas con Ankara, un rid\u00edculo por conveniencia\", publicado en Sputniknews.com, en fecha 6 del mes de mayo de 2016. La necesidad y la desesperaci\u00f3n llevan a veces al rid\u00edculo, los dirigentes de la Uni\u00f3n Europea conocen bien ese sentimiento y lo han vuelto a [&hellip;]<\/p>\n","protected":false},"author":1,"featured_media":6652,"comment_status":"open","ping_status":"open","sticky":false,"template":"","format":"standard","meta":{"footnotes":""},"categories":[14,12],"tags":[65,67,81,51,52],"class_list":["post-5286","post","type-post","status-publish","format-standard","has-post-thumbnail","hentry","category-internacionales","category-politica-3","tag-angela-merkel","tag-europa","tag-recep-tayyip-erdogan","tag-turquia","tag-ue"],"_links":{"self":[{"href":"https:\/\/debateplural.net\/site\/wp-json\/wp\/v2\/posts\/5286"}],"collection":[{"href":"https:\/\/debateplural.net\/site\/wp-json\/wp\/v2\/posts"}],"about":[{"href":"https:\/\/debateplural.net\/site\/wp-json\/wp\/v2\/types\/post"}],"author":[{"embeddable":true,"href":"https:\/\/debateplural.net\/site\/wp-json\/wp\/v2\/users\/1"}],"replies":[{"embeddable":true,"href":"https:\/\/debateplural.net\/site\/wp-json\/wp\/v2\/comments?post=5286"}],"version-history":[{"count":1,"href":"https:\/\/debateplural.net\/site\/wp-json\/wp\/v2\/posts\/5286\/revisions"}],"predecessor-version":[{"id":6653,"href":"https:\/\/debateplural.net\/site\/wp-json\/wp\/v2\/posts\/5286\/revisions\/6653"}],"wp:featuredmedia":[{"embeddable":true,"href":"https:\/\/debateplural.net\/site\/wp-json\/wp\/v2\/media\/6652"}],"wp:attachment":[{"href":"https:\/\/debateplural.net\/site\/wp-json\/wp\/v2\/media?parent=5286"}],"wp:term":[{"taxonomy":"category","embeddable":true,"href":"https:\/\/debateplural.net\/site\/wp-json\/wp\/v2\/categories?post=5286"},{"taxonomy":"post_tag","embeddable":true,"href":"https:\/\/debateplural.net\/site\/wp-json\/wp\/v2\/tags?post=5286"}],"curies":[{"name":"wp","href":"https:\/\/api.w.org\/{rel}","templated":true}]}}