{"id":52906,"date":"2023-02-13T16:41:48","date_gmt":"2023-02-13T20:41:48","guid":{"rendered":"https:\/\/debateplural.com\/inicio\/?p=52906"},"modified":"2023-02-13T16:41:48","modified_gmt":"2023-02-13T20:41:48","slug":"brasil-estados-unidos-de-aliados-a-competidores","status":"publish","type":"post","link":"https:\/\/debateplural.net\/site\/2023\/02\/13\/brasil-estados-unidos-de-aliados-a-competidores\/","title":{"rendered":"Brasil-Estados Unidos: de aliados a competidores"},"content":{"rendered":"<p>Emir Sader (Rebelion, 13-2-23)<\/p>\n<p>&nbsp;<\/p>\n<p>Durante la dictadura militar en\u00a0Brasil, surgi\u00f3 la afirmaci\u00f3n, atribuida a\u00a0Richard Nixon,\u00a0\u00a0\u201chacia donde va Brasil, va Am\u00e9rica Latina\u201d. Afirmaci\u00f3n que conven\u00eda mucho a Estados Unidos, por la direcci\u00f3n hacia la cual se dirig\u00eda Brasil, de la mano de sus militares.<\/p>\n<p>Despu\u00e9s del proceso de redemocratizaci\u00f3n, Brasil, junto a otros pa\u00edses latinoamericanos adopt\u00f3 pol\u00edticas antineoliberales, a contramano de las pol\u00edticas implementadas en EE.UU. y recomendadas por \u00e9ste a los pa\u00edses del continente. Seis de los m\u00e1s importantes pa\u00edses del continente han seguido ese camino.<\/p>\n<p>A EE.UU. le han restado algunos aliados hist\u00f3ricos. Entre ellos, se destacaban M\u00e9xico, Colombia y Chile, pa\u00edses que manten\u00edan pol\u00edticas neoliberales.<\/p>\n<p>Por primera vez\u00a0EE.UU. ten\u00eda que convivir con un bloque de pa\u00edses que ten\u00edan su propia pol\u00edtica econ\u00f3mica e internacional.\u00a0Ya no asum\u00edan Tratados de Libre Comercio con los EE.UU., sino que se abr\u00edan a alianzas con pa\u00edses del Sur del mundo, especialmente de Asia y de Africa.<\/p>\n<p>Brasil ya se destacaba, bajo el liderazgo de Lula, como el l\u00edder de ese bloque. Su encuentro con\u00a0George W. Bush, donde \u00e9ste invitaba Brasil a sumarse a la guerra contra Iraq, fue un marco decisivo en la nueva era de las relaciones de EEUU con Am\u00e9rica Latina. Lula le contest\u00f3\u00a0que su guerra era otra: era la guerra contra el hambre. No acept\u00f3 sumarse a la guerra contra Iraq, no solo por estar en contra de las guerras, sino tambi\u00e9n porque no aceptaba la acusaci\u00f3n de que Iraq\u00a0detentaba armas de destrucci\u00f3n masiva \u2013 lo cual se ha revelado como una mentira.<\/p>\n<p>EE.UU. y Am\u00e9rica Latina \u2013o un bloque de pa\u00edses latinoamericanos\u2013 se insertaban de forma distinta en la geopol\u00edtica mundial.\u00a0Los presidentes norteamericanos han pasado a visitar bastante menos a los pa\u00edses del continente, as\u00ed como los gobernantes latinoamericanos han pasado a ir menos a EE.UU. y m\u00e1s a China\u00a0y a otros pa\u00edses asi\u00e1ticos y africanos, a pa\u00edses del Sur del mundo.<\/p>\n<p>\u00c9ste est\u00e1 siendo el siglo en el que hubo mas desencuentros entre EE.UU. y Am\u00e9rica Latina. Es en ese marco que\u00a0Lula y Biden\u00a0se encuentran esta semana. El Presidente norteamericano y el brasile\u00f1o tienen en com\u00fan, antes que nada, la pelea en contra de la ultraderecha en los dos pa\u00edses, esto es,\u00a0Trump y Bolsonaro.<\/p>\n<p>Es por ello que el tema de la democracia es el primero en la agenda del encuentro entre lo dos. Estrechamente vinculado a ese tema, estar\u00e1, por preferencia de Lula, la lucha por la paz en el mundo. Seguramente Lula desarrollar\u00e1 su discurso de que el mundo est\u00e1 sin direcci\u00f3n pol\u00edtica y mortal, de que en temas como la protecci\u00f3n del medio ambiente, de la paz, entre otros, no hay quien asuma sus responsabilidades de resoluci\u00f3n de la crisis general del mundo en el sigo XXI.\u00a0Una de las propuestas de Lula es la construcci\u00f3n de un Grupo de Paz en que, significativamente, Lula no incluye a EE.UU. sino a China, India, a Brasil,\u00a0 Paquist\u00e1n y Turqu\u00eda.<\/p>\n<p>Biden necesita aparecer como l\u00edder cercano a Lula, en un momento en que, internamente, su gobierno tiene una tendencia a la baja\u00a0en t\u00e9rminos de apoyo entre los norteamericanos. Es que los republicanos son favoritos para la elecci\u00f3n presidencial del 2024 y los dem\u00f3cratas ni siquiera tienen claro qui\u00e9n ser\u00e1 su candidato.\u00a0El fantasma de Trump\u00a0ya no est\u00e1 en su auge, pero ya ha empezado pr\u00e1cticamente su campa\u00f1a electoral.<\/p>\n<p>Lula, a su vez, quiere, con ese encuentro, proyectarse no como un aliado, sino como un competidor que disputa el liderazgo no solo latinoamericano, sino en el Sur del mundo y, de alguna manera, en el plano mundial.<\/p>\n<p>Por coincidencia, Lula se encontrar\u00e1, pocos d\u00edas despu\u00e9s con\u00a0Xi Jinping, el superpoderoso presidente da China. Mientras EE.UU. se encuentra en el peor momento de las relaciones con China, al punto de que el Secretario de Estado norteamericano ha suspendido su viaje a\u00a0Beijing<\/p>\n","protected":false},"excerpt":{"rendered":"<p>Emir Sader (Rebelion, 13-2-23) &nbsp; Durante la dictadura militar en\u00a0Brasil, surgi\u00f3 la afirmaci\u00f3n, atribuida a\u00a0Richard Nixon,\u00a0\u00a0\u201chacia donde va Brasil, va Am\u00e9rica Latina\u201d. Afirmaci\u00f3n que conven\u00eda mucho a Estados Unidos, por la direcci\u00f3n hacia la cual se dirig\u00eda Brasil, de la mano de sus militares. Despu\u00e9s del proceso de redemocratizaci\u00f3n, Brasil, junto a otros pa\u00edses latinoamericanos [&hellip;]<\/p>\n","protected":false},"author":1,"featured_media":52907,"comment_status":"open","ping_status":"open","sticky":false,"template":"","format":"standard","meta":{"footnotes":""},"categories":[14,12],"tags":[],"class_list":["post-52906","post","type-post","status-publish","format-standard","has-post-thumbnail","hentry","category-internacionales","category-politica-3"],"_links":{"self":[{"href":"https:\/\/debateplural.net\/site\/wp-json\/wp\/v2\/posts\/52906"}],"collection":[{"href":"https:\/\/debateplural.net\/site\/wp-json\/wp\/v2\/posts"}],"about":[{"href":"https:\/\/debateplural.net\/site\/wp-json\/wp\/v2\/types\/post"}],"author":[{"embeddable":true,"href":"https:\/\/debateplural.net\/site\/wp-json\/wp\/v2\/users\/1"}],"replies":[{"embeddable":true,"href":"https:\/\/debateplural.net\/site\/wp-json\/wp\/v2\/comments?post=52906"}],"version-history":[{"count":1,"href":"https:\/\/debateplural.net\/site\/wp-json\/wp\/v2\/posts\/52906\/revisions"}],"predecessor-version":[{"id":52908,"href":"https:\/\/debateplural.net\/site\/wp-json\/wp\/v2\/posts\/52906\/revisions\/52908"}],"wp:featuredmedia":[{"embeddable":true,"href":"https:\/\/debateplural.net\/site\/wp-json\/wp\/v2\/media\/52907"}],"wp:attachment":[{"href":"https:\/\/debateplural.net\/site\/wp-json\/wp\/v2\/media?parent=52906"}],"wp:term":[{"taxonomy":"category","embeddable":true,"href":"https:\/\/debateplural.net\/site\/wp-json\/wp\/v2\/categories?post=52906"},{"taxonomy":"post_tag","embeddable":true,"href":"https:\/\/debateplural.net\/site\/wp-json\/wp\/v2\/tags?post=52906"}],"curies":[{"name":"wp","href":"https:\/\/api.w.org\/{rel}","templated":true}]}}