{"id":52997,"date":"2023-02-28T11:41:26","date_gmt":"2023-02-28T15:41:26","guid":{"rendered":"https:\/\/debateplural.com\/inicio\/?p=52997"},"modified":"2023-02-28T11:41:26","modified_gmt":"2023-02-28T15:41:26","slug":"el-ano-en-el-que-la-palabra-paz-desaparecio-del-diccionario","status":"publish","type":"post","link":"https:\/\/debateplural.net\/site\/2023\/02\/28\/el-ano-en-el-que-la-palabra-paz-desaparecio-del-diccionario\/","title":{"rendered":"El a\u00f1o en el que la palabra paz desapareci\u00f3 del diccionario"},"content":{"rendered":"<div class=\"entradilla\">\n<p>Juan Torres L\u00f3pez (Ganas de escribir, 28-2-23)<\/p>\n<p>&nbsp;<\/p>\n<p>\u00abLa guerra es la paz; la libertad es la esclavitud; la ignorancia es la fuerza\u00bb\u00bb (1984, George Orwell)<\/p>\n<\/div>\n<div id=\"cols\">\n<p>Lo que me parece m\u00e1s destacable de este \u00faltimo a\u00f1o de invasi\u00f3n de Ucrania y de guerra es que los responsables pol\u00edticos de las grandes potencias hayan hecho suya una de las tres consignas que se encontraban escritas en la fachada del Ministerio de la Verdad de la novela\u00a0<em>1984<\/em>\u00a0de George Orwell: \u00abLa guerra es la paz\u00bb.<\/p>\n<p>No lo digo yo, ni lo digo ret\u00f3ricamente. En un reportaje publicado en\u00a0<em>Financial Times<\/em>\u00a0el pasado d\u00eda 3 se dec\u00eda que una gran parte del p\u00fablico alem\u00e1n ha comenzado a comprender que\u00a0<a href=\"https:\/\/www-ft-com.ezp.lib.cam.ac.uk\/content\/395059a6-4698-41fa-8bc9-b2e5b9b59244\">\u00abel pacifismo no siempre equivale a la paz<\/a>\u00ab.<\/p>\n<p>Lo mismo ha ocurrido cuando alguien tan incre\u00edblemente transustanciado en esta coyuntura como el Alto Representante de la Uni\u00f3n para Asuntos Exteriores y Pol\u00edtica de Seguridad y vicepresidente de la Comisi\u00f3n Europea, Josep Borrell, dec\u00eda a la opini\u00f3n p\u00fablica que la censura de medios de comunicaci\u00f3n que no defienden su posici\u00f3n es\u00a0<a href=\"https:\/\/www.elpais.cr\/2023\/02\/07\/borrell-defiende-veto-a-medios-rusos-en-la-ue-con-proteccion-de-la-libertad-de-expresion\/\">la forma de garantizar la libertad de expresi\u00f3n<\/a>, dando as\u00ed por cierto que los que defienden la suya no mienten ni manipulan.<\/p>\n<p>Como escribi\u00f3 Eduardo Galeano en\u00a0<em>Patas arriba<\/em>, \u00abel arte de enga\u00f1ar al pr\u00f3jimo, que los estafadores practican cazando incautos por las calles, llega a lo sublime cuando algunos pol\u00edticos de \u00e9xito ejercitan su talento\u00bb.<\/p>\n<p>Incluso dejando a un lado que la invasi\u00f3n tuvo antecedentes que no es honesto olvidar (las provocaciones de Ucrania, la estrategia enga\u00f1osa, agresiva y amenazadora de la OTAN, los actos terroristas previos\u2026) y asumiendo al mismo tiempo que constituye un acto criminal injustificable, porque lo es cualquier violaci\u00f3n de la integridad de un Estado soberano, lo cierto y lamentable es que las grandes potencias no han ofrecido otra alternativa como soluci\u00f3n que la escalada militar. Y, adem\u00e1s, que esta escalada no ha producido m\u00e1s efecto que el que cab\u00eda esperar: prolongaci\u00f3n y endurecimiento de la guerra, sufrimiento en aumento y, eso s\u00ed, incremento del negocio armament\u00edstico.<\/p>\n<p>El exprimer ministro israel\u00ed Naftali Bennett\u00a0<a href=\"https:\/\/thegrayzone.com\/2023\/02\/06\/israeli-bennett-us-russia-ukraine-peace\/\">lo reconoci\u00f3 hace unos d\u00edas\u00a0<\/a>al desvelar que Estados Unidos y sus aliados occidentales \u201cbloquearon\u201d sus esfuerzos de mediaci\u00f3n entre Rusia y Ucrania para poner fin a la guerra en marzo de 2022.<\/p>\n<p>Los dirigentes de las potencias occidentales no han manifestado en ninguna ocasi\u00f3n que la negociaci\u00f3n y el di\u00e1logo, la apuesta por la paz, sean el camino. Han asumido, por el contrario, la estrategia de Publio Flavio Vegecio: si quieres la paz, prepara la guerra. Una alternativa reaccionaria, mutuamente destructiva y falsa porque, como ha dicho con toda la raz\u00f3n Federico Mayor Zaragoza, lo que hay que preparar si se quiere la paz no es la guerra, sino la palabra.<\/p>\n<p>La apuesta por la escalada militar por parte de Estados Unidos e Inglaterra es incluso comprensible. Dada su historia de doble moral, no enga\u00f1an a nadie.<\/p>\n<p>El Reino Unido\u00a0<a href=\"https:\/\/declassifieduk.org\/britains-42-coups-since-1945\/\">ha planeado o ejecutado m\u00e1s de 40 intentos de destituir gobiernos extranjeros en 27 pa\u00edses desde el final de la Segunda Guerra Mundial<\/a>, llevando a cabo intervenciones militares encubiertas o abiertas y asesinatos. Y\u00a0<a href=\"https:\/\/journals.sagepub.com\/doi\/abs\/10.1177\/00220027221117546\">Estados Unidos ha realizado 392 intervenciones militares<\/a>\u00a0desde su fundaci\u00f3n en 1776, la mitad de ellas entre 1950 y 2019 y la cuarta parte una vez acabada la Guerra Fr\u00eda.<\/p>\n<p>Pero \u00bfc\u00f3mo ha podido la Uni\u00f3n Europea dejarse llevar a una estrategia que hipoteca, quien sabe si para siempre, el anhelo de paz y seguridad que le dio origen y que descarga sobre ella sus mayores costes y perjuicios? \u00bfC\u00f3mo puede olvidar el pueblo alem\u00e1n su compromiso del \u00abNunca m\u00e1s\u00bb y aceptar que su econom\u00eda se militarice? \u00bfC\u00f3mo pueden aceptar los dirigentes europeos como buenos socios y aliados a quienes sabotean con un acto terrorista la infraestructura de su principal potencia? \u00bfD\u00f3nde est\u00e1 su dignidad cuando se ponen sin m\u00e1s al servicio de quienes no tuvieron pudor alguno a la hora de manifestar sus intenciones: \u00ab<a href=\"https:\/\/www.antena3.com\/noticias\/mundo\/disculpas-responsable-eeuu-europa-decir-que-joda_20140207572341d66584a81fd881c0c6.html\">Que se joda la Uni\u00f3n Europea<\/a>\u00ab, le dijo la secretaria de Estado adjunta de Estados Unidos para Asuntos Europeos, Victoria Nuland, al embajador de ese pa\u00eds en Ucrania, en febrero de 2014.<\/p>\n<p>Estados Unidos ha jugado con inteligencia sus cartas desde hace a\u00f1os haciendo pr\u00e1cticamente inevitable que Rusia interviniese contra Ucrania porque su resultado ser\u00eda lo que buscaba y necesita para fortalecerse en su enfrentamiento con China, el debilitamiento econ\u00f3mico de Europa. La propia\u00a0<a href=\"https:\/\/archive.ph\/O1CYX\">Angela Merkel lo ha reconocido\u00a0<\/a>al se\u00f1alar que los acuerdos de Minsk s\u00f3lo se propon\u00edan darle tiempo a Ucrania para que se armase frente a lo que se iba a producir. Lo mismo que hizo el franc\u00e9s\u00a0<a href=\"https:\/\/kyivindependent.com\/national\/hollande-there-will-only-be-a-way-out-of-the-conflict-when-russia-fails-on-the-ground\">Fran\u00e7cois Hollande al afirmar\u00a0<\/a>que el m\u00e9rito de esos acuerdos fue \u00abhaber dado esta oportunidad (fortalecer su posici\u00f3n militar) al ej\u00e9rcito ucraniano\u00bb.<\/p>\n<p>Lo que han logrado los dirigentes europeos al renunciar a la paz y el di\u00e1logo como estrategia y optar por la militarizaci\u00f3n de su pol\u00edtica -adem\u00e1s de contribuir a acrecentar el dolor de Ucrania y del pueblo ruso- es condenar a Europa a la dependencia econ\u00f3mica, militar, tecnol\u00f3gica y energ\u00e9tica de Estados Unidos. Qui\u00e9n sabe lo que podido influir m\u00e1s, si el chantaje personal, la incompetencia, o la presi\u00f3n y el poder de quienes s\u00f3lo piensan en vender armas y en hacer negocio despu\u00e9s reconstruyendo lo que previamente han destruido.<\/p>\n<p>Paralelamente a todo ello se silencia y ridiculiza a quienes pensamos que es ilusorio creer que hoy d\u00eda se puede vencer militarmente a una potencia nuclear sin provocar un holocausto y que no es verdad que la escalada militar sea la \u00fanica posibilidad de revertir la situaci\u00f3n. O que una cosa es reconocer que Rusia cometi\u00f3 un acto criminal invadiendo Ucrania y otra que est\u00e9 obligada a soportar, al lado mismo de sus fronteras, una amenaza de agresi\u00f3n que ninguna otra naci\u00f3n con dignidad estar\u00eda dispuesta a consentir.<\/p>\n<p>Ha pasado un a\u00f1o de lo peor, pero no del problema. Es imprescindible reclamar el alto el fuego y la puesta en marcha de acciones diplom\u00e1ticas que permitan llegar a acuerdos que pongan fin al conflicto. No podemos rendirnos ante quienes se empe\u00f1an en acabar para siempre con la palabra y la pr\u00e1ctica de la paz. \u00a0Como dijo Erasmo de Rotterdam, la paz m\u00e1s desventajosa (m\u00e1s imperfecta,\u00a0<a href=\"https:\/\/www.ugr.es\/~fmunoz\/documentos\/pimunozespa%C3%B1ol.pdf\">dir\u00eda ahora mi recordado amigo Francisco Mu\u00f1oz<\/a>), es mejor que la guerra m\u00e1s justa<\/p>\n<\/div>\n","protected":false},"excerpt":{"rendered":"<p>Juan Torres L\u00f3pez (Ganas de escribir, 28-2-23) &nbsp; \u00abLa guerra es la paz; la libertad es la esclavitud; la ignorancia es la fuerza\u00bb\u00bb (1984, George Orwell) Lo que me parece m\u00e1s destacable de este \u00faltimo a\u00f1o de invasi\u00f3n de Ucrania y de guerra es que los responsables pol\u00edticos de las grandes potencias hayan hecho suya [&hellip;]<\/p>\n","protected":false},"author":1,"featured_media":52998,"comment_status":"open","ping_status":"open","sticky":false,"template":"","format":"standard","meta":{"footnotes":""},"categories":[14,12],"tags":[],"class_list":["post-52997","post","type-post","status-publish","format-standard","has-post-thumbnail","hentry","category-internacionales","category-politica-3"],"_links":{"self":[{"href":"https:\/\/debateplural.net\/site\/wp-json\/wp\/v2\/posts\/52997"}],"collection":[{"href":"https:\/\/debateplural.net\/site\/wp-json\/wp\/v2\/posts"}],"about":[{"href":"https:\/\/debateplural.net\/site\/wp-json\/wp\/v2\/types\/post"}],"author":[{"embeddable":true,"href":"https:\/\/debateplural.net\/site\/wp-json\/wp\/v2\/users\/1"}],"replies":[{"embeddable":true,"href":"https:\/\/debateplural.net\/site\/wp-json\/wp\/v2\/comments?post=52997"}],"version-history":[{"count":1,"href":"https:\/\/debateplural.net\/site\/wp-json\/wp\/v2\/posts\/52997\/revisions"}],"predecessor-version":[{"id":53000,"href":"https:\/\/debateplural.net\/site\/wp-json\/wp\/v2\/posts\/52997\/revisions\/53000"}],"wp:featuredmedia":[{"embeddable":true,"href":"https:\/\/debateplural.net\/site\/wp-json\/wp\/v2\/media\/52998"}],"wp:attachment":[{"href":"https:\/\/debateplural.net\/site\/wp-json\/wp\/v2\/media?parent=52997"}],"wp:term":[{"taxonomy":"category","embeddable":true,"href":"https:\/\/debateplural.net\/site\/wp-json\/wp\/v2\/categories?post=52997"},{"taxonomy":"post_tag","embeddable":true,"href":"https:\/\/debateplural.net\/site\/wp-json\/wp\/v2\/tags?post=52997"}],"curies":[{"name":"wp","href":"https:\/\/api.w.org\/{rel}","templated":true}]}}