{"id":53030,"date":"2023-03-02T10:38:12","date_gmt":"2023-03-02T14:38:12","guid":{"rendered":"https:\/\/debateplural.com\/inicio\/?p=53030"},"modified":"2023-03-02T10:38:12","modified_gmt":"2023-03-02T14:38:12","slug":"un-pogromo-nunca-visto-de-colonos-judios-siembra-destruccion-y-terror","status":"publish","type":"post","link":"https:\/\/debateplural.net\/site\/2023\/03\/02\/un-pogromo-nunca-visto-de-colonos-judios-siembra-destruccion-y-terror\/","title":{"rendered":"Un pogromo nunca visto de colonos jud\u00edos siembra destrucci\u00f3n y terror"},"content":{"rendered":"<div class=\"entradilla\">\n<p>Marc Vandepitte (De Wereld Morgen, 2-3-23)<\/p>\n<p>&nbsp;<\/p>\n<p>Con la extrema derecha en el poder en Israel, la violencia contra los palestinos se dispara. El domingo pasado cientos de colonos jud\u00edos llevaron a cabo incursiones sin precedentes contra varias ciudades y pueblos palestinos. Un pol\u00edtico israel\u00ed calific\u00f3 el ataque de \u00abpogromo\u00bb. Una dolorosa confrontaci\u00f3n con su propia historia.<\/p>\n<\/div>\n<div id=\"cols\">\n<h4>Una org\u00eda de violencia<\/h4>\n<p>El domingo 26 de febrero una turba de 400 colonos jud\u00edos atac\u00f3 varios pueblos y aldeas al sur de Nablus, en Cisjordania. Los colonos son residentes de las colonias jud\u00edas en Cisjordania ocupada, consideradas ilegales por la comunidad internacional.<\/p>\n<p>Los ataques duraron 17 horas sin parar. Los atacantes asaltaron tiendas, casas, coches y \u00e1rboles. Dejaron un rastro de destrucci\u00f3n. Algunas casas fueron destrozadas o saqueadas.<\/p>\n<figure class=\"wp-block-image size-large\"><\/figure>\n<p>En total ardieron 30 casas y unos 100 coches. Se lanzaron piedras contra los palestinos y se les atac\u00f3 con barras de metal. 400 residentes resultaron heridos en los ataques y uno muri\u00f3. Se trata de un\u00a0<a href=\"https:\/\/www.wafa.ps\/Pages\/Details\/66725\">padre de cinco hijos<\/a>\u00a0que hab\u00eda ido recientemente a ayudar en el terremoto de Turqu\u00eda.<\/p>\n<p>El ej\u00e9rcito israel\u00ed no intervino de ninguna manera para parar a los colonos violentos. Al contrario, seg\u00fan los presentes, el ej\u00e9rcito los estaba protegiendo. Muchos palestinos resultaron heridos por los gases lacrim\u00f3genos disparados por el ej\u00e9rcito israel\u00ed.<\/p>\n<p>Los ataques se produjeron en represalia por el tiroteo de ese mismo d\u00eda contra dos israel\u00edes a manos de un pistolero palestino en Cisjordania ocupada. Ese incidente, a su vez, fue una respuesta a la brutal incursi\u00f3n del ej\u00e9rcito israel\u00ed una semana antes en la que mataron a 11 palestinos y otros 100 resultaron heridos, la m\u00e1s mort\u00edfera en Cisjordania desde 2005.<\/p>\n<h4>Pogromo<\/h4>\n<p>Merav Michaeli, l\u00edder del Partido Laborista, calific\u00f3 las redadas de pogromo: \u00abLo que ocurri\u00f3 anoche fue nada menos que un pogromo ejecutado por milicias armadas, cuyos representantes est\u00e1n hoy en el gobierno. Algunos guardan silencio y otros permiten que otros pol\u00edticos digan que se trataba de un acto necesario de disuasi\u00f3n\u00bb.<\/p>\n<p>La palabra\u00a0<a href=\"https:\/\/nl.wikipedia.org\/wiki\/Pogrom\">pogromo<\/a>\u00a0procede del ruso y significa destruir o devastar. Se utiliza para ataques violentos contra grupos minoritarios, caracterizados a menudo por la destrucci\u00f3n de sus hogares, negocios o centros religiosos.<\/p>\n<div class=\"wp-block-image\"><\/div>\n<p>En el siglo XX se produjeron pogromos en Rusia, Ucrania, Polonia, Marruecos y la Alemania nazi, dirigidos principalmente contra los jud\u00edos. Iban acompa\u00f1adas de violencia f\u00edsica e incluso asesinatos con la intenci\u00f3n de intimidar a los jud\u00edos y as\u00ed expulsarlos u obligarlos a asimilarse al entorno.<\/p>\n<p>Es vergonzoso que estas pr\u00e1cticas est\u00e9n surgiendo en el Estado israel\u00ed. Es una confrontaci\u00f3n particularmente c\u00ednica con su propio pasado.<\/p>\n<h4>La extrema derecha incita<\/h4>\n<p>Las agresiones cada vez mayores contra los palestinos no son casuales. Se producen varios meses despu\u00e9s de la instauraci\u00f3n de un gobierno de extrema derecha en Tel Aviv.<\/p>\n<p>Tras el asesinato de los dos colonos, el Primer Ministro Netanyahu pidi\u00f3 \u00abno tomarse la justicia por su mano\u00bb, aunque lo hizo para guardar las apariencias en el extranjero.<\/p>\n<p>Su ministro de Finanzas extremista, Bezalel Smotrich, que ha recibido amplios poderes sobre Cisjordania, exigi\u00f3 que Israel respondiera \u00absin piedad, con tanques y helic\u00f3pteros\u00bb.<\/p>\n<p>Su cuenta de Twitter dio un like a un tuit en el que se ped\u00eda la \u00abaniquilaci\u00f3n\u00bb de Huwara, la localidad donde murieron los dos colonos tiroteados.<\/p>\n<div class=\"wp-block-image\"><\/div>\n<p>Zvika Fogel, diputado del Partido del Poder Jud\u00edo, que forma parte del gobierno, acus\u00f3 a Netanyahu de hacer demasiado poco para luchar contra el terrorismo. Dio su apoyo a los colonos.<\/p>\n<p>\u00ab\u00bfC\u00f3mo podemos restablecer la seguridad? Ya no utilizamos la palabra \u00abproporcionalidad\u00bb. Ponemos fin a nuestra objeci\u00f3n al castigo colectivo\u2026 Nos quitamos los guantes. Un Huwara cerrado y quemado, eso es lo que quiero ver. Es la \u00fanica forma de lograr la disuasi\u00f3n\u00bb.<\/p>\n<h4>Reacci\u00f3n occidental<\/h4>\n<p>Sorprende tambi\u00e9n la tibia reacci\u00f3n de Occidente. Si se produjera un pogromo y una redada mortal de este tipo, por ejemplo, en Ir\u00e1n o Venezuela, ser\u00eda noticia de primera plana. Nuestros pol\u00edticos har\u00edan cola para condenarlo en\u00e9rgicamente y pedir\u00edan sanciones econ\u00f3micas. No ha ocurrido nada de eso, parece que Israel se puede permitir mucho, realmente mucho.<\/p>\n<\/div>\n","protected":false},"excerpt":{"rendered":"<p>Marc Vandepitte (De Wereld Morgen, 2-3-23) &nbsp; Con la extrema derecha en el poder en Israel, la violencia contra los palestinos se dispara. El domingo pasado cientos de colonos jud\u00edos llevaron a cabo incursiones sin precedentes contra varias ciudades y pueblos palestinos. Un pol\u00edtico israel\u00ed calific\u00f3 el ataque de \u00abpogromo\u00bb. Una dolorosa confrontaci\u00f3n con su [&hellip;]<\/p>\n","protected":false},"author":1,"featured_media":53031,"comment_status":"open","ping_status":"open","sticky":false,"template":"","format":"standard","meta":{"footnotes":""},"categories":[14,12],"tags":[],"class_list":["post-53030","post","type-post","status-publish","format-standard","has-post-thumbnail","hentry","category-internacionales","category-politica-3"],"_links":{"self":[{"href":"https:\/\/debateplural.net\/site\/wp-json\/wp\/v2\/posts\/53030"}],"collection":[{"href":"https:\/\/debateplural.net\/site\/wp-json\/wp\/v2\/posts"}],"about":[{"href":"https:\/\/debateplural.net\/site\/wp-json\/wp\/v2\/types\/post"}],"author":[{"embeddable":true,"href":"https:\/\/debateplural.net\/site\/wp-json\/wp\/v2\/users\/1"}],"replies":[{"embeddable":true,"href":"https:\/\/debateplural.net\/site\/wp-json\/wp\/v2\/comments?post=53030"}],"version-history":[{"count":1,"href":"https:\/\/debateplural.net\/site\/wp-json\/wp\/v2\/posts\/53030\/revisions"}],"predecessor-version":[{"id":53032,"href":"https:\/\/debateplural.net\/site\/wp-json\/wp\/v2\/posts\/53030\/revisions\/53032"}],"wp:featuredmedia":[{"embeddable":true,"href":"https:\/\/debateplural.net\/site\/wp-json\/wp\/v2\/media\/53031"}],"wp:attachment":[{"href":"https:\/\/debateplural.net\/site\/wp-json\/wp\/v2\/media?parent=53030"}],"wp:term":[{"taxonomy":"category","embeddable":true,"href":"https:\/\/debateplural.net\/site\/wp-json\/wp\/v2\/categories?post=53030"},{"taxonomy":"post_tag","embeddable":true,"href":"https:\/\/debateplural.net\/site\/wp-json\/wp\/v2\/tags?post=53030"}],"curies":[{"name":"wp","href":"https:\/\/api.w.org\/{rel}","templated":true}]}}