{"id":53271,"date":"2023-03-24T16:04:27","date_gmt":"2023-03-24T20:04:27","guid":{"rendered":"https:\/\/debateplural.com\/inicio\/?p=53271"},"modified":"2023-03-24T16:04:27","modified_gmt":"2023-03-24T20:04:27","slug":"francia-macron-y-la-enfermedad-del-poder","status":"publish","type":"post","link":"https:\/\/debateplural.net\/site\/2023\/03\/24\/francia-macron-y-la-enfermedad-del-poder\/","title":{"rendered":"Francia: Macron y la enfermedad del Poder"},"content":{"rendered":"<p>Germ\u00e1n Gorraiz L\u00f3pez (teleSur, 23-3-23)<\/p>\n<p>&nbsp;<\/p>\n<p>\u201cLa pasi\u00f3n de dominar es la m\u00e1s terrible de todas las enfermedades del esp\u00edritu humano\u201d (Voltaire)<\/p>\n<p>La personalidad de Macron encajar\u00eda plenamente en la descripci\u00f3n medica del trastorno conocido como psicosis paranoica pues su pensamiento es r\u00edgido e incorregible. As\u00ed, no tiene en cuenta las razones contrarias, s\u00f3lo recoge datos o signos que le confirmen el prejuicio para convertirlo en convicci\u00f3n y aunque est\u00e9 aquejado de dicho trastorno delirante ser\u00eda bastante funcional y no tiende a mostrar un comportamiento extra\u00f1o excepto como resultado directo de la idea delirante.<\/p>\n<p>En el caso concreto de Macron, estar\u00edamos ante un caso t\u00edpico de paranoia megal\u00f3mana, delirio de grandeza que provoca que \u201cel individuo se crea dotado de un talento y un poder extraordinarios debido a que las deidades le han elegido para una alta misi\u00f3n\u201d (Salvar a los franceses de reforma de la edad m\u00ednima de jubilaci\u00f3n, pasando de los 62 a\u00f1os actuales a los 64 a\u00f1os en el horizonte del 2030).<\/p>\n<p>La paranoia de Macron se habr\u00eda agravado al verse afectado por el llamado \u201csindrome de hydris\u201d citado por el m\u00e9dico y pol\u00edtico ingl\u00e9s David Owen en su obra \u201cThe Hybris Syndrome: Busch, Blair ant the Intoxication of Power\u201d. Dicho t\u00e9rmino procede de la palabra griega \u201chybris\u201d que significa desmesura y que tendr\u00eda su paradigma en las \u00f3rdenes dadas a la Polic\u00eda francesa para aplacar de manera brutal los disturbios populares contra la citada Reforma de la edad de Jubilaci\u00f3n.<\/p>\n<p>As\u00ed, en el paroxismo de la soberbia del Poder, Macron se ha valido del art\u00edculo 49.3 de la Constituci\u00f3n que permite aprobar una ley sin someterse a la votaci\u00f3n de los diputados para aprobar la Reforma de la edad m\u00ednima de jubilaci\u00f3n, pasando de los 62 a\u00f1os actuales a los 64 a\u00f1os en el horizonte del 2030, lo que ser\u00eda un misil en la l\u00ednea de flotaci\u00f3n de la idiosincrasia francesa cuyo imaginario colectivo habr\u00eda interiorizado su derecho a una jubilaci\u00f3n temprana como premio a su esfuerzo laboral.<\/p>\n<p>Dicha decisi\u00f3n trasluce el p\u00e1nico de Macron a perder la votaci\u00f3n al no tener asegurados los votos republicanos necesarios para lograr la mayor\u00eda necesaria para aprobar una Ley sumamente controvertida que contar\u00eda con la oposici\u00f3n de la opini\u00f3n p\u00fablica francesa, am\u00e9n de la mayor\u00eda de diputados y sindicatos.<\/p>\n<p>Tras el fracaso de las 2 mociones de censura presentadas por la oposici\u00f3n en la Asamblea francesa, son previsibles frecuentes estallidos de conflictividad laboral que podr\u00edan llegar a paralizar el pa\u00eds y poner contra las cuerdas la Presidencia de un Macron con los \u00edndices m\u00e1s bajos de popularidad por lo que podr\u00edamos asistir a la celebraci\u00f3n de un referendum para aprobar el retraso de la jubilaci\u00f3n a los 64 a\u00f1os.<\/p>\n<p>Ello ser\u00eda de facto un plebiscito sobre la pol\u00edtica de Macron, no siendo descartable un resultado negativo que obligar\u00eda a Macron a convocar elecciones anticipadas en las que la Uni\u00f3n de Izquierdas intentar\u00e1 lograr la mayor\u00eda en el Parlamento y condenar al ostracismo pol\u00edtico la figura de Macron.<\/p>\n<p>&nbsp;<\/p>\n","protected":false},"excerpt":{"rendered":"<p>Germ\u00e1n Gorraiz L\u00f3pez (teleSur, 23-3-23) &nbsp; \u201cLa pasi\u00f3n de dominar es la m\u00e1s terrible de todas las enfermedades del esp\u00edritu humano\u201d (Voltaire) La personalidad de Macron encajar\u00eda plenamente en la descripci\u00f3n medica del trastorno conocido como psicosis paranoica pues su pensamiento es r\u00edgido e incorregible. As\u00ed, no tiene en cuenta las razones contrarias, s\u00f3lo recoge [&hellip;]<\/p>\n","protected":false},"author":1,"featured_media":29399,"comment_status":"open","ping_status":"open","sticky":false,"template":"","format":"standard","meta":{"footnotes":""},"categories":[14,12],"tags":[],"class_list":["post-53271","post","type-post","status-publish","format-standard","has-post-thumbnail","hentry","category-internacionales","category-politica-3"],"_links":{"self":[{"href":"https:\/\/debateplural.net\/site\/wp-json\/wp\/v2\/posts\/53271"}],"collection":[{"href":"https:\/\/debateplural.net\/site\/wp-json\/wp\/v2\/posts"}],"about":[{"href":"https:\/\/debateplural.net\/site\/wp-json\/wp\/v2\/types\/post"}],"author":[{"embeddable":true,"href":"https:\/\/debateplural.net\/site\/wp-json\/wp\/v2\/users\/1"}],"replies":[{"embeddable":true,"href":"https:\/\/debateplural.net\/site\/wp-json\/wp\/v2\/comments?post=53271"}],"version-history":[{"count":1,"href":"https:\/\/debateplural.net\/site\/wp-json\/wp\/v2\/posts\/53271\/revisions"}],"predecessor-version":[{"id":53272,"href":"https:\/\/debateplural.net\/site\/wp-json\/wp\/v2\/posts\/53271\/revisions\/53272"}],"wp:featuredmedia":[{"embeddable":true,"href":"https:\/\/debateplural.net\/site\/wp-json\/wp\/v2\/media\/29399"}],"wp:attachment":[{"href":"https:\/\/debateplural.net\/site\/wp-json\/wp\/v2\/media?parent=53271"}],"wp:term":[{"taxonomy":"category","embeddable":true,"href":"https:\/\/debateplural.net\/site\/wp-json\/wp\/v2\/categories?post=53271"},{"taxonomy":"post_tag","embeddable":true,"href":"https:\/\/debateplural.net\/site\/wp-json\/wp\/v2\/tags?post=53271"}],"curies":[{"name":"wp","href":"https:\/\/api.w.org\/{rel}","templated":true}]}}