{"id":53603,"date":"2023-04-28T12:11:57","date_gmt":"2023-04-28T16:11:57","guid":{"rendered":"https:\/\/debateplural.com\/inicio\/?p=53603"},"modified":"2023-04-28T12:11:57","modified_gmt":"2023-04-28T16:11:57","slug":"los-buenos-los-malos-y-el-resto-del-mundo","status":"publish","type":"post","link":"https:\/\/debateplural.net\/site\/2023\/04\/28\/los-buenos-los-malos-y-el-resto-del-mundo\/","title":{"rendered":"Los buenos, los malos y el resto del mundo"},"content":{"rendered":"<div class=\"entradilla\">\n<p>Pablo Ruiz (Rebelion, 28-4-23)<\/p>\n<p>&nbsp;<\/p>\n<p>Los buenos de la pel\u00edcula siempre han sido los Estados Unidos al mismo tiempo que es el pa\u00eds que m\u00e1s guerras e intervenciones ha realizado en la historia de la humanidad.<\/p>\n<\/div>\n<div id=\"cols\">\n<p>\u201cEl mundo est\u00e1 patas arriba\u201d, como parafrasear\u00eda Eduardo Galeano. Los \u00e1rboles que representan la prensa dominante no dejan ver el bosque y la gravedad de los hechos que siguen pasando.<\/p>\n<p>La televisi\u00f3n y la prensa est\u00e1 llena de h\u00e9roes y villanos y, por supuesto, la vor\u00e1gine de los acontecimientos no permiten a muchos identificar a los grandes responsables de la guerra o de la violencia estructural que viven millones de seres humanos en el mundo.<\/p>\n<p>Muchos creen simplemente lo que escuchan y toman partido sin reflexionar. Por ejemplo, los buenos de la pel\u00edcula siempre han sido los Estados Unidos al mismo tiempo que es el pa\u00eds que m\u00e1s guerras e intervenciones ha realizado en la historia de la humanidad y sus antecesores europeos, desde donde vienen la clase acomodada \u201cblanca\u201d, se hicieron ricos colonizando y saqueando las riquezas y el oro de Am\u00e9rica Latina y de otros rincones del mundo. Sus grandes empresas y corporaciones son millonarias a costa de la miseria de muchas de nuestras naciones.<\/p>\n<p>Es claro que muchos admiran el \u201csue\u00f1o americano\u201d sin preguntarse c\u00f3mo Estados Unidos y otros pa\u00edses europeos llegaron a ser pa\u00edses desarrollados \u00bfA costa de qu\u00e9? \u00bfA costa de qui\u00e9nes?<\/p>\n<p>En verdad, desde ni\u00f1as y ni\u00f1os, muchos de nosotros hemos sido educados bajo el cine hollywoodense donde los latinos, los negros, los rusos y los chinos han sido, una y otra vez, los malos de la pel\u00edcula, los narcotraficantes, los ladrones, los mafiosos que deben ser enfrentados con violencia por el gran hermano. Hollywood, pero tambi\u00e9n los grandes medios de comunicaci\u00f3n, han servido como un instrumento de colonizaci\u00f3n cultural y pol\u00edtica formateando tantas mentes.<\/p>\n<p>Este a\u00f1o en Chile se cumplir\u00e1n 50 a\u00f1os del golpe de Estado que cost\u00f3 miles de ejecutados pol\u00edticos, de detenidos desaparecidos y de torturados, y donde se abolieron las grandes conquistas sociales de las y los trabajadores y donde se impuso el modelo neoliberal. Sin embargo, nuestras autoridades y mandos militares se olvidan que uno de los responsables de estos cr\u00edmenes fue nada menos que los mismos Estados Unidos que cada cierto tiempo env\u00eda a sus representantes a decirnos qui\u00e9nes son los buenos y los malos de la pel\u00edcula.<\/p>\n<p>Recientemente estuvo en Argentina y Chile la jefa del Comando Sur de Estados Unidos, Laura Richardson. En Chile se reuni\u00f3 con la Ministra de Defensa, Maya Fern\u00e1ndez, y tambi\u00e9n visit\u00f3 la Brigada de Operaciones Especiales donde las Fuerzas Especiales del ej\u00e9rcito de los Estados Unidos y de Chile realizan entrenamiento en el marco de los ejercicios \u201cFused Response 23\u201d que de acuerdo a\u00a0<a href=\"http:\/\/infodefensa.com\/\" target=\"_blank\" rel=\"noreferrer noopener\">infodefensa.com<\/a>\u00a0se desarrollaron durante abril.<\/p>\n<p>El soci\u00f3logo y periodista argentino Jorge Elbaum dijo, en una nota publicada por Radio Universidad de Chile, que la visita de la jefa del Comando Sur a nuestros pa\u00edses se sigue enmarcando en \u201cla l\u00f3gica del palo y la zanahoria\u201d y que supone tambi\u00e9n un intento por \u201ctratar de disciplinar a los gobiernos locales advirti\u00e9ndoles de la peligrosidad que implica vincularse con Rusia y China\u201d.<\/p>\n<p><strong>El pan de cada d\u00eda: La violencia y la represi\u00f3n<\/strong><\/p>\n<p>La guerra y la violencia siguen en muchos lugares del mundo. Causas estructurales, intervenciones, inoculaci\u00f3n del odio racial, del crimen, ejecutadas por las pandillas o por la violencia policial\/militar.<\/p>\n<p>En Hait\u00ed, \u00a0entre el 14 y el 19 de abril, 70 personas murieron y cuarenta resultaron heridas en los enfrentamientos entre bandas rivales\u00a0en los barrios de Cit\u00e9 Soleil, en Puerto Pr\u00edncipe, de acuerdo a la Oficina de\u00a0Coordinaci\u00f3n de Asuntos Humanitarios de las Naciones Unidas en Hait\u00ed.<\/p>\n<p>Una de las principales pandillas que operan en Puerto Pr\u00edncipe es dirigida por Jimmy Cherizier, alias \u2018Barbecue\u2019,\u00a0un ex polic\u00eda que anteriormente fue imputado de estar involucrado en la masacre de Lasalin,\u00a0 ocurrida en noviembre del 2018, en la que 71 personas del barrio Lasalin fueron asesinadas.<\/p>\n<p>Sobre esta masacre, la organizaci\u00f3n estadounidense SOAWatch se pregunt\u00f3 \u201c\u00bfCu\u00e1ndo se responsabilizar\u00e1 a Estados Unidos por su papel en la masacre de Lasalin? Estados Unidos respald\u00f3 y financi\u00f3 al r\u00e9gimen del presidente Jovenel\u00a0 Mo\u00efse en Hait\u00ed, mientras que dos de sus altos funcionarios planearon la masacre, en la que al menos 71 personas murieron. Estados Unidos entren\u00f3 y equip\u00f3 a la Polic\u00eda Nacional de Hait\u00ed mientras uno de los polic\u00edas planific\u00f3 y ayud\u00f3 a liderar esta masacre, en la que las personas fueron quemadas vivas, asesinadas a cuchilladas, desmembradas y dadas de alimento a los animales\u201d.<\/p>\n<p>M\u00e1s lejos, contin\u00faan llegando noticias de la violencia que sigue sufriendo el pueblo palestino por parte del ej\u00e9rcito israel\u00ed y que casi siempre los grandes medios tratan de justificar.<\/p>\n<p>Sab\u00eda usted que \u201cDesde el comienzo de 2023, dieciocho ni\u00f1os palestinos han sido asesinados por las fuerzas de ocupaci\u00f3n israel\u00edes en Cisjordania y la Franja de Gaza ocupadas, seg\u00fan Defensa de Ni\u00f1as y Ni\u00f1os Internacional \u2013 Palestina (DCIP)\u201d.<\/p>\n<p>Por supuesto, Estados Unidos est\u00e1 apoyando a Israel y no le importa la invasi\u00f3n ni el robo de los territorios palestinos ni las graves violaciones a los derechos humanos que suceden.<\/p>\n<p>No olvidemos que el 2016 el entonces presidente Barack Obama firm\u00f3 un paquete total de 38.000 millones de d\u00f3lares en ayuda militar para Israel para el periodo 2017-2028, seg\u00fan inform\u00f3 BBC.<\/p>\n<p>Sab\u00eda usted que entre enero y febrero, tan s\u00f3lo de este a\u00f1o, la polic\u00eda de Estados Unidos hab\u00eda asesinado a 165 personas, y que en el 2022 fueron asesinadas 1238 de acuerdo al reporte y monitoreo de violencia policial de\u00a0<a href=\"http:\/\/mappingpoliceviolence.org\/\" target=\"_blank\" rel=\"noreferrer noopener\">mappingpoliceviolence.org<\/a><\/p>\n<p>Sab\u00eda usted\u00a0 que \u201cLas personas negras tienen 2,9 veces m\u00e1s probabilidad de ser asesinadas por la polic\u00eda que las personas blancas en Estados Unidos\u201d.<\/p>\n<p>Sab\u00eda usted que son miles los migrantes prisioneros o elegantemente \u201cbajo custodia\u201d en Estados Unidos, entre ellos miles de ni\u00f1as y ni\u00f1os, como informa el Servicio de Inmigraci\u00f3n y Control de Aduanas de los Estados Unidos (ICE, por sus siglas en ingl\u00e9s) los que muchas\u00a0 veces son deportados, se les niega el derecho a solicitud de asilo, y otros tantos mueren en custodia o en el desierto donde son perseguidos por la Patrulla Fronteriza.<\/p>\n<p>En fin, pero la noticia de todos los d\u00edas sigue siendo la guerra entre Rusia y Ucrania donde la palabra que m\u00e1s se escucha o se lee son las de \u201cnuevos env\u00edos de armas\u201d por parte de EEUU y de la OTAN al conflicto militar y la que menos o nada se escucha o se escribe es la de buscar soluciones diplom\u00e1ticas para alcanzar la paz.<\/p>\n<p>En la libertad de informaci\u00f3n del mercado, del relato hegem\u00f3nico, la vida de un negro, de un latino, de un haitiano, de un yemen\u00ed, de un palestino, de un chino o de un ruso no valen mucho en comparaci\u00f3n con la vida de los blancos europeos y estadounidenses.<\/p>\n<p>Los que se creen due\u00f1os del mundo y del relato posiblemente s\u00f3lo publicar\u00e1n una noticia en la \u201ccr\u00f3nica roja\u201d si se trata de los nadie, de los ninguno o de los ninguneado como dir\u00eda nuestro Eduardo Galeano. La vida, tristemente, tiene valor seg\u00fan el lugar donde hayas nacido.<\/p>\n<p>Por eso, me pareci\u00f3 notable, a\u00f1os atr\u00e1s, el rechazo del actor argentino Ricardo Darin al ofrecimiento de actuar en una pel\u00edcula estadounidense.<\/p>\n<p>\u201cLe dije que no, pero no me aceptaban eso como respuesta. Me ofrec\u00edan hacer de un narcotraficante mexicano. Para ellos, los narcos son todos latinoamericanos. No me gust\u00f3\u201d, explic\u00f3 en una entrevista con Alejandro Fantino en el programa \u201cAnimales Sueltos\u201d.<\/p>\n<p>Al terminar este art\u00edculo, me vienen a la mente dos hechos importantes\u00a0 que la gran prensa mencion\u00f3 al pasar sin hacer ning\u00fan esc\u00e1ndalo ni emplazar a nadie para que opinara.<\/p>\n<p>El domingo 2 de abril, como si nada, en una cafeter\u00eda de San Petersburgo hicieron explotar una bomba y asesinaron al periodista ruso Vladlen Tatarski y una treintena de personas quedaron heridas. Lo curioso es que la mayor\u00eda de las autoridades del mundo guardaron silencio.<\/p>\n<p>Tambi\u00e9n, el 11 de abril pasado se cumplieron cuatro a\u00f1os de la detenci\u00f3n del periodista Julian Assange y de su encarcelamiento en la prisi\u00f3n de Belmarsh en Reino Unido.<\/p>\n<p>Assange, quien enfrenta una condena de 175 a\u00f1os de c\u00e1rcel en los Estados Unidos, denunci\u00f3 los cr\u00edmenes de guerra cometidos por este pa\u00eds en Irak.<\/p>\n<p>Es curioso que muchos que condenan el terrorismo, la violencia, la guerra, nada dicen del encarcelamiento de Assange y nada dijeron del atentado terrorista que cobro la vida del periodista ruso Tatarski.<\/p>\n<p>\u00a1\u00a1Todas las vidas, deben importar!!.<\/p>\n<\/div>\n","protected":false},"excerpt":{"rendered":"<p>Pablo Ruiz (Rebelion, 28-4-23) &nbsp; Los buenos de la pel\u00edcula siempre han sido los Estados Unidos al mismo tiempo que es el pa\u00eds que m\u00e1s guerras e intervenciones ha realizado en la historia de la humanidad. \u201cEl mundo est\u00e1 patas arriba\u201d, como parafrasear\u00eda Eduardo Galeano. Los \u00e1rboles que representan la prensa dominante no dejan ver [&hellip;]<\/p>\n","protected":false},"author":1,"featured_media":53604,"comment_status":"open","ping_status":"open","sticky":false,"template":"","format":"standard","meta":{"footnotes":""},"categories":[14,12],"tags":[],"class_list":["post-53603","post","type-post","status-publish","format-standard","has-post-thumbnail","hentry","category-internacionales","category-politica-3"],"_links":{"self":[{"href":"https:\/\/debateplural.net\/site\/wp-json\/wp\/v2\/posts\/53603"}],"collection":[{"href":"https:\/\/debateplural.net\/site\/wp-json\/wp\/v2\/posts"}],"about":[{"href":"https:\/\/debateplural.net\/site\/wp-json\/wp\/v2\/types\/post"}],"author":[{"embeddable":true,"href":"https:\/\/debateplural.net\/site\/wp-json\/wp\/v2\/users\/1"}],"replies":[{"embeddable":true,"href":"https:\/\/debateplural.net\/site\/wp-json\/wp\/v2\/comments?post=53603"}],"version-history":[{"count":1,"href":"https:\/\/debateplural.net\/site\/wp-json\/wp\/v2\/posts\/53603\/revisions"}],"predecessor-version":[{"id":53605,"href":"https:\/\/debateplural.net\/site\/wp-json\/wp\/v2\/posts\/53603\/revisions\/53605"}],"wp:featuredmedia":[{"embeddable":true,"href":"https:\/\/debateplural.net\/site\/wp-json\/wp\/v2\/media\/53604"}],"wp:attachment":[{"href":"https:\/\/debateplural.net\/site\/wp-json\/wp\/v2\/media?parent=53603"}],"wp:term":[{"taxonomy":"category","embeddable":true,"href":"https:\/\/debateplural.net\/site\/wp-json\/wp\/v2\/categories?post=53603"},{"taxonomy":"post_tag","embeddable":true,"href":"https:\/\/debateplural.net\/site\/wp-json\/wp\/v2\/tags?post=53603"}],"curies":[{"name":"wp","href":"https:\/\/api.w.org\/{rel}","templated":true}]}}