{"id":5370,"date":"2016-05-12T16:08:35","date_gmt":"2016-05-12T20:08:35","guid":{"rendered":"http:\/\/debateplural.com\/?p=5370"},"modified":"2016-06-23T13:41:17","modified_gmt":"2016-06-23T13:41:17","slug":"5-factores-para-entender-como-se-dio-el-golpe-contra-dilma-rousseff","status":"publish","type":"post","link":"https:\/\/debateplural.net\/site\/2016\/05\/12\/5-factores-para-entender-como-se-dio-el-golpe-contra-dilma-rousseff\/","title":{"rendered":"5 factores para entender c\u00f3mo se dio el golpe contra Dilma Rousseff"},"content":{"rendered":"<div id=\"attachment_285\" style=\"width: 715px\" class=\"wp-caption aligncenter\"><img loading=\"lazy\" decoding=\"async\" aria-describedby=\"caption-attachment-285\" class=\"size-full wp-image-285\" src=\"http:\/\/tripletecnologia.com\/website\/debateplural\/wp-content\/uploads\/2016\/05\/rousseff-1.jpg\" alt=\"Dilma Rousseff\" width=\"705\" height=\"859\" \/><p id=\"caption-attachment-285\" class=\"wp-caption-text\">Dilma Rousseff<\/p><\/div>\n<p style=\"text-align:justify;\">Este jueves la presidenta de <a href=\"http:\/\/localhost\/debateplural\/tag\/brasil\">Brasil<\/a>, <a href=\"http:\/\/localhost\/debateplural\/tag\/dilma-rousseff\">Dilma Rousseff<\/a>, ha sido suspendida de su cargo. \u00bfC\u00f3mo se concret\u00f3 esta medida? \u00bfQuienes son sus actores principales?.<\/p>\n<p style=\"text-align:justify;\">Como estaba previsto, el Senado de Brasil ha aprobado el inicio del juicio pol\u00edtico a la presidenta del pa\u00eds, Dilma Rousseff. De este modo, la mandataria ha sido suspendida por 180 d\u00edas, durante los que se llevar\u00e1 a cabo el proceso que definir\u00e1 si se la destituye del cargo de manera definitiva.<!--more--><\/p>\n<p style=\"text-align:justify;\">Esta historia comenz\u00f3 cuando Rousseff\u00a0triunf\u00f3 en las elecciones presidenciales de 2014.<\/p>\n<p style=\"text-align:justify;\"><strong>1. La derecha que no pensaba perder<\/strong><\/p>\n<p style=\"text-align:justify;\">Cuando ese a\u00f1o el Partido de los Trabajadores (PT) gan\u00f3 en la segunda vuelta electoral, la derecha latinoamericana sufri\u00f3 una decepci\u00f3n porque su candidato, A\u00e9cio Neves, qued\u00f3 a las puertas de presidir el pa\u00eds m\u00e1s importante de Sudam\u00e9rica. En ese momento se comenz\u00f3 a planificar el golpe de Estado.<\/p>\n<p style=\"text-align:justify;\">Con el inicio de 2015 los grandes grupos empresariales \u2014con el apoyo de muchos medios de comunicaci\u00f3n\u2014 empezaron a presionar al Gobierno para que realizara ajustes. Estos cambios se produjeron a mediados de a\u00f1o, cuando el Ejecutivo realiz\u00f3 fuertes recortes en planes sociales.<\/p>\n<p style=\"text-align:justify;\">Esa situaci\u00f3n da\u00f1\u00f3 gravemente la reputaci\u00f3n de la presidenta, cuya valoraci\u00f3n descendi\u00f3 hasta el 8 %. A partir de entonces cobr\u00f3 fuerza la idea del juicio pol\u00edtico para que lograran, mediante maniobras en diferentes \u00e1mbitos, lo que las urnas les hab\u00edan negado: llegar al poder.<\/p>\n<p style=\"text-align:justify;\"><strong>2. El 'impeachment': un proceso legal, pero ileg\u00edtimo<\/strong><\/p>\n<p style=\"text-align:justify;\">Durante el a\u00f1o pasado el esc\u00e1ndalo conocido como Lava Jato, que incluy\u00f3 cr\u00edmenes de corrupci\u00f3n y lavado de dinero en relaci\u00f3n con el cobro de sobornos a contratistas de la firma estatal <a href=\"http:\/\/localhost\/debateplural\/tag\/petrobras\">Petrobras<\/a>, ocup\u00f3 las tapas de los diarios brasile\u00f1os. Mientras que muchos pol\u00edticos de\u00a0todos los partidos estuvieron implicados en la causa, Rousseff qued\u00f3 al margen.<\/p>\n<p style=\"text-align:justify;\">Los grupos opositores tuvieron que buscar otro argumento para tratar de destituirla, as\u00ed que decidieron acusarla de una presunta manipulaci\u00f3n del d\u00e9ficit fiscal de 2014. El caso se fundamenta en una resoluci\u00f3n del Tribunal de Cuentas brasile\u00f1o, que no aprob\u00f3 el presupuesto que el Ejecutivo present\u00f3 para ese ejercicio.<\/p>\n<p style=\"text-align:justify;\">El economista Pablo Wahren\u00a0explica que \"el Estado brasile\u00f1o gast\u00f3 m\u00e1s de lo que ten\u00eda presupuestado\" y decidi\u00f3 emplear \"un mecanismo conocido como 'pedalada fiscal', que implica endeudarse con bancos para financiar\" ese dispendio adicional.<\/p>\n<p style=\"text-align:justify;\">A lo largo de los a\u00f1os, varios gobernadores de todos los partidos pol\u00edticos han utilizado este recurso; sin embargo, solo se intenta destituir por ello a la presidenta Rousseff, como explica en un video el Colectivo Audiovisual por la Democracia de Sao Paulo. Para lograrlo, han recurrido a una herramienta (el 'impeachment') que es legal pero, en este caso, no resulta leg\u00edtima.<\/p>\n<p style=\"text-align:justify;\"><strong>3. Los pol\u00edticos detr\u00e1s del golpe<\/strong><\/p>\n<p style=\"text-align:justify;\">El proceso comenz\u00f3 de manera formal en octubre de 2015. En diciembre, el presidente de la C\u00e1mara de Diputados y miembro del Partido del Movimiento Democr\u00e1tico Brasile\u00f1o (PMDB), Eduardo Cunha, autoriz\u00f3 la solicitud, aunque poco despu\u00e9s el Supremo Tribunal Federal (STF) anul\u00f3 temporalmente el procedimiento. Este marzo, ha recobrado fuerza tras la detenci\u00f3n del expresidente Luiz In\u00e1cio<a href=\"http:\/\/localhost\/debateplural\/tag\/lula-da-silva\"> Lula Da Silva<\/a>, hasta que el 17 de abril la C\u00e1mara de Diputados aprob\u00f3 el inicio del juicio pol\u00edtico, que este mi\u00e9rcoles ha terminado de concretar el Senado.<\/p>\n<p style=\"text-align:justify;\">Detr\u00e1s de la figura de Cunha, que emergi\u00f3 como uno de los pol\u00edticos m\u00e1s comprometidos con la destituci\u00f3n de Rousseff, se encuentran unos diputados que representan a distintos sectores de la derecha brasile\u00f1a: la bancada\u00a0Buey, Biblia y Bala (BBB), integrada por el Frente Parlamentario Agropecuario (Buey), el Frente Parlamentario Evang\u00e9lico (Biblia) y el Frente Parlamentario de Seguridad P\u00fablica (Bala).<\/p>\n<p style=\"text-align:justify;\">Estos bloques tuvieron un rol central en la votaci\u00f3n de la C\u00e1mara Baja. Seg\u00fan el portal\u00a0Brasil de Fato, \"entre los religiosos, la votaci\u00f3n fue 163 a 24 (una proporci\u00f3n de 6,7 a 1) a favor del 'impeachment', mientras que entre los defensores de las balas fue de 245 a 47 (5,2 a 1). La media general de los sufragios fue de 2,6 votos a favor del 's\u00ed', por uno en contra\".<\/p>\n<p style=\"text-align:justify;\"><strong>4. Los medios detr\u00e1s del golpe<\/strong><\/p>\n<p style=\"text-align:justify;\">Adem\u00e1s de los partidos pol\u00edticos, que son la cara visible del golpe, tambi\u00e9n operan a favor de la destituci\u00f3n distintos actores de la sociedad civil. En este sentido, los medios de comunicaci\u00f3n han desempe\u00f1ado un papel fundamental.<\/p>\n<p style=\"text-align:justify;\">Reporteros sin Fronteras indica que el 90 % de los medios de comunicaci\u00f3n de Brasil est\u00e1n en manos de siete\u00a0familias. Tanto en el espectro audiovisual como en los medios gr\u00e1ficos el grupo Globo se coloca en primer lugar, ya que copa alrededor de un 40 % del mercado.<\/p>\n<p style=\"text-align:justify;\">Por su parte, el portal Manchet\u00f4metro ha analizado c\u00f3mo han valorado a cada partido los principales peri\u00f3dicos del pa\u00eds en las \u00faltimas 12 semanas. All\u00ed, se pueden observar la cantidad de titulares negativos que han publicado sobre el PT y el Gobierno de Dilma Rousseff.<\/p>\n<p><strong>5. C\u00f3mo sigue el proceso<\/strong><\/p>\n<p style=\"text-align:justify;\">Tras la votaci\u00f3n del Senado, asumir\u00e1 la presidencia del pa\u00eds Michel Temer, el vicepresidente, quien tambi\u00e9n apoy\u00f3 el golpe. Por su parte, Dilma Rousseff deber\u00e1 presentar su defensa ante el Senado que, tras recoger las pruebas que presenten todas las partes, resolver\u00e1 si destituye definitivamente a la mandataria en una sesi\u00f3n especial presidida por la m\u00e1xima figura del STF.<\/p>\n<p style=\"text-align:justify;\">Para tomar esta medida deber\u00e1 contar con el respaldo de dos terceras partes (54 votos) de los 81 senadores. En ese caso, Temer deber\u00e1 finalizar el mandato \u2014que termina en 2018\u2014, aunque su tarea no ser\u00e1 sencilla por la enorme\u00a0resistencia popular que se ha manifestado contra este golpe de Estado y en defensa de la democracia.<\/p>\n","protected":false},"excerpt":{"rendered":"<p>Este jueves la presidenta de Brasil, Dilma Rousseff, ha sido suspendida de su cargo. \u00bfC\u00f3mo se concret\u00f3 esta medida? \u00bfQuienes son sus actores principales?. Como estaba previsto, el Senado de Brasil ha aprobado el inicio del juicio pol\u00edtico a la presidenta del pa\u00eds, Dilma Rousseff. De este modo, la mandataria ha sido suspendida por 180 [&hellip;]<\/p>\n","protected":false},"author":1,"featured_media":6599,"comment_status":"open","ping_status":"open","sticky":false,"template":"","format":"standard","meta":{"footnotes":""},"categories":[14,12],"tags":[22,32,25,27],"class_list":["post-5370","post","type-post","status-publish","format-standard","has-post-thumbnail","hentry","category-internacionales","category-politica-3","tag-brasil","tag-dilma-rousseff","tag-lula-da-silva","tag-petrobras"],"_links":{"self":[{"href":"https:\/\/debateplural.net\/site\/wp-json\/wp\/v2\/posts\/5370"}],"collection":[{"href":"https:\/\/debateplural.net\/site\/wp-json\/wp\/v2\/posts"}],"about":[{"href":"https:\/\/debateplural.net\/site\/wp-json\/wp\/v2\/types\/post"}],"author":[{"embeddable":true,"href":"https:\/\/debateplural.net\/site\/wp-json\/wp\/v2\/users\/1"}],"replies":[{"embeddable":true,"href":"https:\/\/debateplural.net\/site\/wp-json\/wp\/v2\/comments?post=5370"}],"version-history":[{"count":1,"href":"https:\/\/debateplural.net\/site\/wp-json\/wp\/v2\/posts\/5370\/revisions"}],"predecessor-version":[{"id":6600,"href":"https:\/\/debateplural.net\/site\/wp-json\/wp\/v2\/posts\/5370\/revisions\/6600"}],"wp:featuredmedia":[{"embeddable":true,"href":"https:\/\/debateplural.net\/site\/wp-json\/wp\/v2\/media\/6599"}],"wp:attachment":[{"href":"https:\/\/debateplural.net\/site\/wp-json\/wp\/v2\/media?parent=5370"}],"wp:term":[{"taxonomy":"category","embeddable":true,"href":"https:\/\/debateplural.net\/site\/wp-json\/wp\/v2\/categories?post=5370"},{"taxonomy":"post_tag","embeddable":true,"href":"https:\/\/debateplural.net\/site\/wp-json\/wp\/v2\/tags?post=5370"}],"curies":[{"name":"wp","href":"https:\/\/api.w.org\/{rel}","templated":true}]}}