{"id":53729,"date":"2023-05-10T14:00:48","date_gmt":"2023-05-10T18:00:48","guid":{"rendered":"https:\/\/debateplural.com\/inicio\/?p=53729"},"modified":"2023-05-10T14:00:48","modified_gmt":"2023-05-10T18:00:48","slug":"los-cinco-tableros-donde-se-juega-el-futuro-politico-de-ecuador","status":"publish","type":"post","link":"https:\/\/debateplural.net\/site\/2023\/05\/10\/los-cinco-tableros-donde-se-juega-el-futuro-politico-de-ecuador\/","title":{"rendered":"Los cinco tableros donde se juega el futuro pol\u00edtico de Ecuador"},"content":{"rendered":"<p>Ociel Al\u00ed L\u00f3pez (Russia Today, 10-5-23)<\/p>\n<p>&nbsp;<\/p>\n<p>El Gobierno del presidente de Ecuador,\u00a0Guillermo Lasso, mueve fichas en varios tableros ante el desenlace definitivo de su juicio pol\u00edtico en la Asamblea Nacional.<\/p>\n<p>En los pr\u00f3ximos d\u00edas se sabr\u00e1 si el \u00f3rgano legislativo vota a favor de su destituci\u00f3n como presidente.<\/p>\n<p>Por lo pronto, la comisi\u00f3n de fiscalizaci\u00f3n de la Asamblea Nacional rechaz\u00f3\u00a0un informe t\u00e9cnico elaborado por expertos dirigidos por el diputado oficialista Fernando Villavicencio, que recomendaba que el caso fuese archivado.<\/p>\n<p>Despu\u00e9s de este acto, el debate volver\u00e1 a la plenaria, donde Lasso figura d\u00e9bil y solitario.<\/p>\n<h3><strong>Primer tablero: el \u00f3rgano legislativo<\/strong><\/h3>\n<p>Como vemos, el principal centro de atenci\u00f3n se ubica, l\u00f3gicamente, en el ambiente legislativo donde\u00a0cada curul cuenta para la votaci\u00f3n definitiva.<\/p>\n<p>M\u00e1s all\u00e1 de las diatribas administrativas en torno a la redacci\u00f3n del informe, resulta especialmente tirante la situaci\u00f3n en el Partido Social Cristiano (PSC), cuyos curules son determinantes para la ejecuci\u00f3n del juicio, debido a que dicho partido viene de apoyar a Lasso en las presidenciales de 2021, le salv\u00f3 en el intento de juicio pol\u00edtico en junio de 2022, pero ahora se ha declarado favorable a su destituci\u00f3n.<\/p>\n<p>Esta semana, la asamble\u00edsta Karen Noblecillas abandon\u00f3 la bancada del PSC. Su baja, la tercera de las \u00faltimas semanas para el partido, tendr\u00edan por objeto desmarcarse del pedimento de destituci\u00f3n de Lasso.<\/p>\n<p>En un\u00a0<a href=\"https:\/\/twitter.com\/La6Ecuador\/status\/1654277012830183433\/photo\/1\">comunicado<\/a>, Marcos Castillo D\u00e1vila, presidente de las juventudes socialcristianas, denunci\u00f3 que la mencionada legisladora habr\u00eda sido \"comprada\" por el ministro de gobierno de Lasso, Henry Cucal\u00f3n.<\/p>\n<p><strong>Las denuncias de compras de votos que se han dirigido hacia varias organizaciones pol\u00edticas,<\/strong>\u00a0as\u00ed como el creciente n\u00famero de asamble\u00edstas tr\u00e1nsfugas, eleva la tensi\u00f3n sobre las bancadas legislativas, especialmente las del PSC e Izquierda Democr\u00e1tica (ID), as\u00ed como las de legisladores que atienden a movimientos regionales o independientes.<\/p>\n<p>La oposici\u00f3n requiere 92 votos (de 137) para llevar adelante el juicio pol\u00edtico. El corre\u00edsmo, representado por Uni\u00f3n por la Esperanza (Unes) posee 49 esca\u00f1os y Pachakutik cuenta con otros 27. Entre ambos sumar\u00edan 76 curules, pero les faltan unos 16 que podr\u00edan buscar en el\u00a0PSC\u00a0\u2013que pose\u00eda 18 antes de unas cuatro bajas\u2013, Izquierda Democr\u00e1tica (ID) que cuenta con 18; adem\u00e1s de otros apoyos de movimientos provinciales e independientes.<\/p>\n<p>As\u00ed las cosas, es posible que conseguir\u00a0los dos tercios no sea tarea f\u00e1cil y que cada voto pueda ser decisivo. Hay que recordar que en el anterior intento de abrir un juicio pol\u00edtico a Lasso en la Asamblea Nacional, en junio del a\u00f1o pasado, la oposici\u00f3n obtuvo apenas 80 votos y qued\u00f3 a 12 de lograr su objetivo. Ahora parece tener m\u00e1s certezas de poder lograrlo, aunque, como vemos, el gobierno tambi\u00e9n est\u00e1 haciendo su parte.<\/p>\n<blockquote><p>Es posible que conseguir\u00a0los dos tercios no sea tarea f\u00e1cil. Hay que recordar que en el anterior intento de abrir un juicio pol\u00edtico a Lasso en la Asamblea Nacional, en junio del a\u00f1o pasado, la oposici\u00f3n obtuvo apenas 80 votos y qued\u00f3 a 12 de lograr su objetivo.<\/p><\/blockquote>\n<p>A pesar de la importancia de este escenario legislativo, no es el \u00fanico tablero en el que Lasso estar\u00eda jugando su futuro.<\/p>\n<h3><strong>Segundo tablero: la inseguridad<\/strong><\/h3>\n<p>El aumento de la delincuencia y el narcotr\u00e1fico, as\u00ed como la violencia carcelaria, han sido factores clave en la deslegitimaci\u00f3n del gobierno actual, que se ha mostrado impotente para revertir el crecimiento desmedido de la inseguridad.<\/p>\n<p>Solo durante el mes de abril, el pa\u00eds sufri\u00f3 el\u00a0<a href=\"https:\/\/actualidad-rt.com\/actualidad\/465856-ecuador-capturan-responsable-masacre-puerto-esmeraldas\" target=\"_blank\" rel=\"noopener noreferrer\">asesinato<\/a>\u00a0de nueve personas durante un ataque en un puerto pesquero, adem\u00e1s de un mot\u00edn carcelario y explosiones en la ciudad de Guayaquil, hechos alimentan\u00a0la sensaci\u00f3n de inseguridad cotidiana.<\/p>\n<p>Para un gobierno de derecha, el aumento exponencial de la violencia es un problema que mina las bases de su legitimidad, especialmente cuando la \"mano dura\" ha sido parte de su oferta electoral.<\/p>\n<p>Es por ello que la semana pasada, Lasso\u00a0<a href=\"https:\/\/actualidad-rt.com\/actualidad\/465998-ecuador-lasso-decreto-enfrentar-terrorismo\" target=\"_blank\" rel=\"noopener noreferrer\">firm\u00f3<\/a>\u00a0el decreto ejecutivo 730, que autoriza a las Fuerzas Armadas ejecutar operaciones contra el terrorismo y hacer uso de todas las herramientas a su disposici\u00f3n para\u00a0enfrentar la incontrolable ola de violencia.<\/p>\n<p>El decreto tiene como objetivo hacer ver que su administraci\u00f3n no est\u00e1 paralizada ante el conflicto social y atada de manos por las imputaciones pol\u00edticas, sino que todav\u00eda puede retomar la iniciativa.<\/p>\n<blockquote><p>Para un gobierno de derecha, el aumento exponencial de la violencia es un problema que mina las bases de su legitimidad, especialmente cuando la \"mano dura\" ha sido parte de su oferta electoral.<\/p><\/blockquote>\n<p>El problema es que la imputaci\u00f3n de terrorismo puede tener varias significaciones en la pol\u00edtica ecuatoriana.<\/p>\n<p>En un\u00a0<a href=\"https:\/\/twitter.com\/CONAIE_Ecuador\/status\/1653883795983028231\/photo\/1\" target=\"_blank\" rel=\"noopener noreferrer\">comunicado<\/a>, la Confederaci\u00f3n de Naciones Ind\u00edgenas de Ecuador (Conaie) rechaz\u00f3 el mencionado decreto y denunci\u00f3 que el Consejo de Seguridad P\u00fablica del Estado (Cosepe)\u00a0<strong>apunta a criminalizar las movilizaciones ind\u00edgenas<\/strong>\u00a0y declararlas como \"terroristas\".<\/p>\n<p>Est\u00e1 denuncia no est\u00e1 hecha sobre suposiciones. En las revueltas de junio pasado, el gobierno calific\u00f3 de \"terroristas\" a las organizaciones ind\u00edgenas y campesinas que se lanzaron a las calles para protestar contra las medidas econ\u00f3micas del gobierno. Por esto, las mismas temen que las acusaciones sean utilizadas en su contra.<\/p>\n<p>De ser cierto, el gobierno estar\u00eda prepar\u00e1ndose para otro escenario: la calle.<\/p>\n<h3><strong>Tercer tablero: la calle<\/strong><\/h3>\n<p>Desde hace\u00a0semanas la Conaie ha amenazado con una insurrecci\u00f3n popular si la Asamblea Nacional no termina de deponer al presidente en el juicio pol\u00edtico.<\/p>\n<p>Es decir, si el tablero legislativo no produce un desenlace favorable a la destituci\u00f3n presidencial, entonces se espera que el conflicto supere los predios de la Asamblea Nacional y se traslade a las calles, lo que, como se sabe de sobra, en Ecuador puede producir un estruendo social con desenlaces indeterminados.<\/p>\n<p>Desde los a\u00f1os noventa, el movimiento ind\u00edgena ha producido\u00a0<strong>ingentes procesos de movilizaci\u00f3n popular<\/strong>\u00a0que han logrado su objetivo de deponer presidentes, hacerlos renunciar, acorralarlos o revertir decisiones de car\u00e1cter neoliberal.<\/p>\n<p>Ahora parece que no hay otro objetivo detr\u00e1s de estas\u00a0organizaciones que no sea destituir a Lasso, as\u00ed qu\u00e9, si la Asamblea Nacional no lo hace y \u00e9l\u00a0sobrevive al 'impeachment', es probable que la calle se imponga como escenario de conflicto pol\u00edtico.<\/p>\n<h3><strong>Cuarto tablero: la \"muerte cruzada\"<\/strong><\/h3>\n<p>Ahora, si la oposici\u00f3n re\u00fane los curules necesarios y el juicio resulta inminente, Lasso a\u00fan tendr\u00e1 otro tablero al que puede acudir: la \"muerte cruzada\".<\/p>\n<p>Esa es una disposici\u00f3n constitucional con\u00a0la que el presidente podr\u00eda convocar a elecciones generales adelantadas, presidenciales y legislativas, que suponen una\u00a0<em>tabula rasa\u00a0<\/em>institucional para barajar las fichas y empezar el juego de cero, lo que es una tentaci\u00f3n para el presidente: en domin\u00f3, el que est\u00e1 perdiendo es el que tranca el juego.<\/p>\n<p>El problema que tiene Lasso es que, despu\u00e9s de las seccionales de febrero, su partido y sus viejos aliados se muestran muy debilitados, mientras que la oposici\u00f3n \u2013tanto el corre\u00edsmo como el movimiento ind\u00edgena representado por Pachakutik\u2013 resultaron triunfadores en amplios\u00a0territorios, incluyendo algunos feudos de la derecha, como lo eran la ciudad de Guayaquil y la provincia de Guayas.<\/p>\n<p>En la actual situaci\u00f3n de inseguridad p\u00fablica y crisis de legitimidad pol\u00edtica, convocar unas elecciones\u00a0<strong>puede convertirse en una jugada suicida para el gobierno<\/strong>.<\/p>\n<p>Creo, el\u00a0movimiento oficialista, podr\u00eda incluso desaparecer. Por el contrario, el corre\u00edsmo y el Pachakutik, podr\u00edan copar la escena institucional ecuatoriana.<\/p>\n<p>Sin embargo, con la muerte cruzada, Lasso tendr\u00eda un margen de maniobra de seis meses para convocar el proceso electoral, lo que podr\u00eda darle tiempo para maniobrar pol\u00edticamente, intentar cambiar la correlaci\u00f3n de fuerzas y ganar algo de legitimidad.<\/p>\n<p>La muerte cruzada es una decisi\u00f3n pol\u00edtica arriesgada que seguramente no se tomar\u00e1 de manera unilateral por parte de Lasso, ya que tambi\u00e9n se mueven otros tableros en los\u00a0que \u00e9l mismo estar\u00eda ausente.<\/p>\n<h3><strong>\u00daltimo tablero: El vicepresidente en Washington<\/strong><\/h3>\n<p>Llam\u00f3 la atenci\u00f3n del mundo pol\u00edtico el viaje del vicepresidente ecuatoriano, Alfredo Borrero, a Washington durante la primera\u00a0quincena de abril, por un lapso de diez d\u00edas. El alto funcionario ser\u00eda el sucesor de Lasso, de llevarse a cabo el 'impeachment'.<\/p>\n<p>Por toda la situaci\u00f3n planteada,\u00a0<strong>no puede descartarse que ya en Washington se est\u00e9 preparando el escenario<\/strong>\u00a0de la transici\u00f3n presidencial, sin la necesidad de adelantar elecciones y, con ello, impedir un triunfo temprano de la oposici\u00f3n izquierdista.<\/p>\n<p>El panorama ecuatoriano se complejiza en varios tableros que se juegan simult\u00e1neamente. Est\u00e1 misma semana puede saberse cu\u00e1l de estos se impondr\u00e1 y cu\u00e1l ser\u00e1 el desenlace definitivo.<\/p>\n<figure class=\"RTImage-root\">\n<div class=\"RTImage-image RTImage-original\"><picture class=\"Picture-root Picture-original\"><source srcset=\" \nhttps:\/\/mf.b37mrtl.ru\/actualidad\/public_images\/2023.05\/original\/6459044059bf5b669921348d.jpeg 850w,\n                https:\/\/mf.b37mrtl.ru\/actualidad\/public_images\/2023.05\/original\/6459044059bf5b669921348d.jpeg 1960w,\n            \" media=\"(-webkit-min-device-pixel-ratio: 2) and (min-resolution: 120dpi)\" sizes=\"912px\" data-srcset=\"\n                https:\/\/mf.b37mrtl.ru\/actualidad\/public_images\/2023.05\/original\/6459044059bf5b669921348d.jpeg 850w,\n                https:\/\/mf.b37mrtl.ru\/actualidad\/public_images\/2023.05\/original\/6459044059bf5b669921348d.jpeg 1960w,\n            \" \/><source srcset=\" \nhttps:\/\/mf.b37mrtl.ru\/actualidad\/public_images\/2023.05\/original\/6459044059bf5b669921348d.jpeg 460w,\n              https:\/\/mf.b37mrtl.ru\/actualidad\/public_images\/2023.05\/original\/6459044059bf5b669921348d.jpeg 980w,\n            \" sizes=\"912px\" data-srcset=\"\n              https:\/\/mf.b37mrtl.ru\/actualidad\/public_images\/2023.05\/original\/6459044059bf5b669921348d.jpeg 460w,\n              https:\/\/mf.b37mrtl.ru\/actualidad\/public_images\/2023.05\/original\/6459044059bf5b669921348d.jpeg 980w,\n            \" \/><\/picture><\/div>\n<div><\/div>\n<\/figure>\n","protected":false},"excerpt":{"rendered":"<p>Ociel Al\u00ed L\u00f3pez (Russia Today, 10-5-23) &nbsp; El Gobierno del presidente de Ecuador,\u00a0Guillermo Lasso, mueve fichas en varios tableros ante el desenlace definitivo de su juicio pol\u00edtico en la Asamblea Nacional. En los pr\u00f3ximos d\u00edas se sabr\u00e1 si el \u00f3rgano legislativo vota a favor de su destituci\u00f3n como presidente. Por lo pronto, la comisi\u00f3n de [&hellip;]<\/p>\n","protected":false},"author":1,"featured_media":22453,"comment_status":"open","ping_status":"open","sticky":false,"template":"","format":"standard","meta":{"footnotes":""},"categories":[14,12],"tags":[],"class_list":["post-53729","post","type-post","status-publish","format-standard","has-post-thumbnail","hentry","category-internacionales","category-politica-3"],"_links":{"self":[{"href":"https:\/\/debateplural.net\/site\/wp-json\/wp\/v2\/posts\/53729"}],"collection":[{"href":"https:\/\/debateplural.net\/site\/wp-json\/wp\/v2\/posts"}],"about":[{"href":"https:\/\/debateplural.net\/site\/wp-json\/wp\/v2\/types\/post"}],"author":[{"embeddable":true,"href":"https:\/\/debateplural.net\/site\/wp-json\/wp\/v2\/users\/1"}],"replies":[{"embeddable":true,"href":"https:\/\/debateplural.net\/site\/wp-json\/wp\/v2\/comments?post=53729"}],"version-history":[{"count":1,"href":"https:\/\/debateplural.net\/site\/wp-json\/wp\/v2\/posts\/53729\/revisions"}],"predecessor-version":[{"id":53730,"href":"https:\/\/debateplural.net\/site\/wp-json\/wp\/v2\/posts\/53729\/revisions\/53730"}],"wp:featuredmedia":[{"embeddable":true,"href":"https:\/\/debateplural.net\/site\/wp-json\/wp\/v2\/media\/22453"}],"wp:attachment":[{"href":"https:\/\/debateplural.net\/site\/wp-json\/wp\/v2\/media?parent=53729"}],"wp:term":[{"taxonomy":"category","embeddable":true,"href":"https:\/\/debateplural.net\/site\/wp-json\/wp\/v2\/categories?post=53729"},{"taxonomy":"post_tag","embeddable":true,"href":"https:\/\/debateplural.net\/site\/wp-json\/wp\/v2\/tags?post=53729"}],"curies":[{"name":"wp","href":"https:\/\/api.w.org\/{rel}","templated":true}]}}