{"id":53770,"date":"2023-05-15T10:45:25","date_gmt":"2023-05-15T14:45:25","guid":{"rendered":"https:\/\/debateplural.com\/inicio\/?p=53770"},"modified":"2023-05-15T10:45:25","modified_gmt":"2023-05-15T14:45:25","slug":"fin-del-titulo-42-impulsa-la-agenda-migratoria-de-ee-uu","status":"publish","type":"post","link":"https:\/\/debateplural.net\/site\/2023\/05\/15\/fin-del-titulo-42-impulsa-la-agenda-migratoria-de-ee-uu\/","title":{"rendered":"Fin del t\u00edtulo 42 impulsa la agenda migratoria de EE.UU."},"content":{"rendered":"<p>Misi\u00f3n Verdad (12-5-23)<\/p>\n<p>&nbsp;<\/p>\n<p class=\"western\">En Estados Unidos, a las 11:59pm del jueves 11 de mayo, qued\u00f3 sin efecto la disposici\u00f3n de salud p\u00fablica asociada a la toma de medidas de exclusi\u00f3n migratoria denominada T\u00edtulo 42.<\/p>\n<h3 class=\"western\"><strong>\u00bfQU\u00c9 ES EL T\u00cdTULO 42?<\/strong><\/h3>\n<p class=\"western\">Es un c\u00f3digo relacionado con la salud p\u00fablica en Estados Unidos y corresponde a una cl\u00e1usula de la Ley de Servicios de Salud P\u00fablica (LSSP) que data de 1944.<\/p>\n<p class=\"western\">Dicha ley se promulg\u00f3 para centralizar las pol\u00edticas p\u00fablicas en materia de salud, haciendo que el Servicio de Salud P\u00fablica de ese pa\u00eds pueda tener la capacidad de implementar cualquier tipo de medida para prevenir la propagaci\u00f3n de alguna enfermedad infecciosa. No obstante, en 1946 se cre\u00f3 la agencia nacional de salud p\u00fablica de Estados Unidos, mejor conocida como Centros para el Control y Prevenci\u00f3n de Enfermedades (CDC, sus siglas en ingl\u00e9s).<\/p>\n<p class=\"western\">En marzo de 2020, la entonces administraci\u00f3n de Donald Trump, por medio de los CDC, impuso el\u00a0<a href=\"https:\/\/codes.findlaw.com\/us\/title-42-the-public-health-and-welfare\/42-usc-sect-265.html\" target=\"_blank\" rel=\"noopener\">T\u00edtulo 42 de la Secci\u00f3n 265<\/a>, codificado en la LSSP, a saber:<\/p>\n<p class=\"graf--startsWithDoubleQuote\">\"Siempre que el Director General de Salud P\u00fablica (<em>Surgeon General<\/em>) determine que debido a la existencia de cualquier enfermedad transmisible en un pa\u00eds extranjero existe un peligro grave de introducci\u00f3n de dicha enfermedad a Estados Unidos, y que este peligro aumenta tanto por la introducci\u00f3n de personas o bienes de dicho pa\u00eds que se requiere una suspensi\u00f3n del derecho a introducir tales personas y bienes en inter\u00e9s de la salud p\u00fablica, el Director General, de conformidad con las normas aprobadas por el Presidente,\u00a0<strong>tendr\u00e1 la facultad de prohibir, en todo o en parte, la introducci\u00f3n de personas y bienes de los pa\u00edses o lugares que designe para evitar tal peligro, y por el per\u00edodo de tiempo que considere necesario para tal fin<\/strong>\".<\/p>\n<p class=\"western\">Siguiendo la hoja de ruta de la pol\u00edtica antimigratoria, Trump se bas\u00f3 en el T\u00edtulo 42 como pretexto para prohibir la entrada de migrantes a Estados Unidos, por medio de la Oficina de Aduanas y Protecci\u00f3n Fronteriza, argumentando que los peligros para la salud p\u00fablica eran notorios, por encontrarse el covid-19 en Canad\u00e1 y M\u00e9xico.<\/p>\n<p class=\"western\">Cabe destacar que, aunque se aplic\u00f3 en ambas fronteras terrestres, esta medida afect\u00f3 a los migrantes de la frontera sur de Estados Unidos y, aunado a ello, esa disposici\u00f3n legal ha sido poco utilizada para restringir la migraci\u00f3n en las fronteras de Estados Unidos. La ocasi\u00f3n m\u00e1s reciente fue con el expresidente,\u00a0<a href=\"https:\/\/www.wnct.com\/local-news\/title-42-and-how-it-could-impact-enc\/\" target=\"_blank\" rel=\"noopener\">Herbert Hoover<\/a>, en 1929 por un brote de meningitis, hace casi un siglo.<\/p>\n<p class=\"western\">Bajo estos fundamentos, tres a\u00f1os despu\u00e9s, aquellos que intentaban ingresar a Estados Unidos sin documentaci\u00f3n en la frontera terrestre eran (contin\u00faan siendo) expulsados al \u00faltimo pa\u00eds de tr\u00e1nsito, en lugar de ser retenidos en los centros designados para la migraci\u00f3n. Para finales de 2021, se registraban\u00a0<a href=\"https:\/\/www.nytimes.com\/2023\/05\/08\/us\/politics\/title-42-immigration-border.html\" target=\"_blank\" rel=\"noopener\">1.8 millones<\/a>\u00a0de expulsiones.<\/p>\n<p class=\"western\">De acuerdo con Aduanas y Protecci\u00f3n de Fronteras (CBP, siglas en ingl\u00e9s) de Estados Unidos, las detenciones de la patrulla fronteriza en la frontera sur arrojaban estos resultados de aumento en las expulsiones desde marzo 2021 hasta abril 2022:<\/p>\n<p class=\"western\">\n<div class=\"media media-element-container media-article_full\">\n<div id=\"file-4979\" class=\"file file-image file-image-jpeg\">\n<div class=\"content\">\n<div class=\"img-file\"><img loading=\"lazy\" decoding=\"async\" class=\"media-element img-responsive\" src=\"https:\/\/misionverdad.com\/sites\/default\/files\/gra1.jpg\" alt=\"\" width=\"891\" height=\"528\" data-delta=\"1\" \/><\/div>\n<\/div>\n<\/div>\n<\/div>\n<p class=\"western\">Vale mencionar que si una persona es procesada bajo la \"ley de inmigraci\u00f3n normal\" y no es expulsada, puede estar sujeta a deportaci\u00f3n en un corto plazo o son enviadas al Servicio de Inmigraci\u00f3n y Control de Aduanas de Estados Unidos.<\/p>\n<p class=\"western\">Las irregularidades y maltrato hacia los migrantes en la frontera sur de Estados Unidos se han dejado ver, tanto as\u00ed que el brazo de apoyo multilateral que usa cuando puede la administraci\u00f3n de turno estadounidense, el Alto Comisionado de las Naciones Unidas para los Refugiados (ACNUR),\u00a0<a href=\"https:\/\/www.unhcr.org\/us\/news\/news-releases\/unhcr-concerned-over-u-s-expulsion-flights-under-covid-19-asylum-restrictions\" target=\"_blank\" rel=\"noopener\">manifestaba su preocupaci\u00f3n<\/a>\u00a0en 2021 \"por la nueva pr\u00e1ctica estadounidense de trasladar a solicitantes de asilo y migrantes, expulsados bajo una orden de salud p\u00fablica estadounidense, en aviones desde Estados Unidos al sur de M\u00e9xico\", y esta pr\u00e1ctica de expulsi\u00f3n del flujo migratorio provocado por las pol\u00edticas de coerci\u00f3n de la Casa Blanca en contra de pa\u00edses latinoamericanos conllevan a que, si alguna persona es expulsada a M\u00e9xico, el gobierno mexicano los expulsa a Guatemala en un proceso de expulsiones en cadena.<\/p>\n<p class=\"western\">El efecto del T\u00edtulo 42, aparte de las expulsiones, es el aumento significativo a las cifras de arrestos en la frontera.<\/p>\n<h3 class=\"western\"><strong>AHORA, EL T\u00cdTULO 8<\/strong><\/h3>\n<p class=\"western\">Haciendo un intento de modificar la pol\u00edtica migratoria de Trump, para febrero de 2021 Biden firm\u00f3 la\u00a0<a href=\"https:\/\/www.dhs.gov\/archive\/protocolos-de-protecci-n-migrantes-administracion-biden\" target=\"_blank\" rel=\"noopener\">Orden Ejecutiva 14010<\/a>\u00a0que establece que los CDC revisen la disposici\u00f3n de octubre de 2020 emitida en virtud del T\u00edtulo 42 para determinar si a\u00fan es necesaria o si se deben realizar modificaciones.<\/p>\n<p class=\"western\">M\u00e1s adelante, en abril de 2022, los CDC derogaron una orden bajo el T\u00edtulo 42 con el fin de que el Departamento de Seguridad Nacional (DHS, sus siglas en ingl\u00e9s) ganara cierto tiempo para hacer los protocolos de prevenci\u00f3n de covid-19 y as\u00ed prepararse para la reanudaci\u00f3n de la migraci\u00f3n regular bajo el T\u00edtulo 8.\u00a0<a href=\"https:\/\/www.cdc.gov\/media\/releases\/2022\/s0401-title-42.html\" target=\"_blank\" rel=\"noopener\">Los CDC<\/a>\u00a0determinaron en ese momento que \"ya no es necesaria una orden que suspenda el derecho a introducir migrantes a Estados Unidos\".<\/p>\n<p class=\"western\">Esta fue la orden m\u00e1s relevante en los cambios de pol\u00edticas migratorias bas\u00e1ndose en la salud, debido a que las \u00f3rdenes del T\u00edtulo 42 se modificaron\u00a0<a href=\"https:\/\/www.cdc.gov\/media\/releases\/2021\/s0716-title-42-order.html\" target=\"_blank\" rel=\"noopener\">al menos cinco veces<\/a>. Adem\u00e1s que los\u00a0<a href=\"https:\/\/clearinghouse.net\/case\/18184\/\" target=\"_blank\" rel=\"noopener\">choques legales<\/a>\u00a0con denuncias para suprimir el T\u00edtulo 42 eran frecuentes, entre l\u00edneas se evidenciaba que la administraci\u00f3n Biden estaba dando largas a conveniencia de la pol\u00edtica migratoria de Trump, pues el pasado 27 de abril de este a\u00f1o se anunciaron las nuevas medidas para expirar al T\u00edtulo 42 para \"<a href=\"https:\/\/www.state.gov\/u-s-government-announces-sweeping-new-actions-to-manage-regional-migration\/\" target=\"_blank\" rel=\"noopener\">gestionar la migraci\u00f3n regional<\/a>\", cuyas claves son:<\/p>\n<ul>\n<li>El T\u00edtulo 42 de los CDC tambi\u00e9n llegar\u00e1 a su fin. Pero el levantamiento de la orden del T\u00edtulo 42 no significa que la frontera est\u00e9 abierta.<\/li>\n<li>Estados Unidos volver\u00e1 a utilizar las autoridades de inmigraci\u00f3n del T\u00edtulo 8 para procesar y expulsar r\u00e1pidamente a las personas que llegan ilegalmente a la frontera de Estados Unidos.<\/li>\n<li>Las medidas se implementar\u00e1n en coordinaci\u00f3n con los gobiernos de M\u00e9xico, Canad\u00e1, Espa\u00f1a, Colombia y Guatemala. Pero ciertas condiciones aplican: siempre que lleguen por aire, tengan un patrocinador y presenten su solicitud en l\u00ednea primero.<\/li>\n<li>Es importante destacar que estas medidas no suplantan la necesidad de una acci\u00f3n del Congreso. Solo el Congreso puede proporcionar las reformas y los recursos necesarios para manejar completamente el desaf\u00edo de la migraci\u00f3n regional.<\/li>\n<li>Establecer\u00e1 Centros Regionales de Procesamiento (RPC, siglas en ingl\u00e9s) en Colombia y Guatemala.<\/li>\n<\/ul>\n<p class=\"western\">Ahora, activado el tradicional T\u00edtulo 8, \u00e9ste cubre un protocolo de la remoci\u00f3n acelerada para la deportaci\u00f3n r\u00e1pida de personas sin una base legal. Aunado a ello, los migrantes pasar\u00edan a un proceso de \"entrevistas de miedo cre\u00edble\" y luego a una corte de inmigraci\u00f3n para estudiar el caso; en ocasiones las solicitudes de asilo son alteradas o falsas. La diferencia con el T\u00edtulo 42 era que ese c\u00f3digo, por tratarse de salud p\u00fablica, no se consideraban ni siquiera las solicitudes de asilo y la expulsi\u00f3n era inmediata con el objetivo de evitar retener a los migrantes en instalaciones de inmigraci\u00f3n estadounidenses.<\/p>\n<p class=\"graf--startsWithDoubleQuote\">\"Despu\u00e9s de la medianoche de esta noche, se presumir\u00e1 que no es elegible para el asilo y estar\u00e1 sujeto a consecuencias m\u00e1s severas por entrada ilegal, incluida una prohibici\u00f3n m\u00ednima de cinco a\u00f1os de reingreso y posible procesamiento penal (\u2026) el fin del T\u00edtulo 42 no significa una frontera abierta, sino todo lo contrario\", dijo este jueves 11 de mayo el\u00a0<a href=\"https:\/\/abcnews.go.com\/Politics\/title-8-immigration-law\/story?id=99226848\" target=\"_blank\" rel=\"noopener\">secretario de Seguridad Nacional<\/a>, Alejandro Mayorkas.<\/p>\n<h3 class=\"western\"><strong>LA CARTA DE LOS CONGRESISTAS ESTADOUNIDENSES<\/strong><\/h3>\n<p class=\"western\">El mi\u00e9rcoles 10 de mayo, previo a la supresi\u00f3n del T\u00edtulo 42, congresistas como Veronica Escobar y Alexandria Ocasio-Cortez enviaron\u00a0<a href=\"https:\/\/misionverdad.com\/legisladores-democratas-llaman-poner-fin-las-sanciones-contra-venezuela\" target=\"_blank\" rel=\"noopener\">una carta a Biden<\/a>\u00a0se\u00f1alando que \"los migrantes est\u00e1n llegando a Estados Unidos en niveles que no se ve\u00edan desde hace al menos dos d\u00e9cadas\", y por ello se deben identificar las causas de la migraci\u00f3n irregular.<\/p>\n<p class=\"western\">Al respecto, mencionan que lo que sigue empujando a los migrantes a Estados Unidos son distintos factores \"que contribuyen a las crisis econ\u00f3micas (\u2026) expertos coinciden en general en que las amplias sanciones de Estados Unidos -ampliadas a un nivel sin precedentes por el expresidente Donald Trump- son un factor que contribuye decisivamente al actual aumento de la migraci\u00f3n\".<\/p>\n<p class=\"western\">Los congresistas firmantes instaron a Biden a que actuara r\u00e1pidamente para levantar las sanciones econ\u00f3micas fallidas e indiscriminadas que fueron impuestas por la administraci\u00f3n anterior, las cuales han servido de catalizadores para el impulso migratorio. Sumado a ello, hacen \u00e9nfasis en que, en Venezuela, las amplias sanciones financieras y sectoriales impuestas por Trump en 2017 han tenido profundas repercusiones en toda la econom\u00eda.<\/p>\n<p class=\"western\">Esta no es la primera carta enviada a Biden con el motivo de solicitar el levantamiento de las \"sanciones\" unilaterales contra Venezuela; el congresista Jim McGovern ha remitido dos,\u00a0<a href=\"https:\/\/twitter.com\/RepMcGovern\/status\/1404550214766190592\/photo\/1\" target=\"_blank\" rel=\"noopener\">una en 2021<\/a>\u00a0y otra en enero 2023. En la carta m\u00e1s reciente, McGovern aplaud\u00eda las conversaciones en M\u00e9xico y elev\u00f3 la alerta:<\/p>\n<p class=\"graf--startsWithDoubleQuote\">\"Como miembro del Congreso que defiende firmemente situar los derechos humanos en el centro de la pol\u00edtica exterior estadounidense, llam\u00e9 su atenci\u00f3n sobre el impacto indiscriminado y contraproducente sobre el pueblo venezolano de las sanciones secundarias y sectoriales impuestas por la Administraci\u00f3n Trump\".<\/p>\n<p class=\"western\">Cierra recomend\u00e1ndole a Biden que \"lo m\u00e1s importante que su administraci\u00f3n puede hacer para reducir la crisis humanitaria masiva y empoderar al pueblo venezolano en el futuro es proporcionar el mayor alivio posible de las sanciones sectoriales y secundarias impuestas como parte de la atrozmente err\u00f3nea campa\u00f1a de 'm\u00e1xima presi\u00f3n' de Trump\".<\/p>\n<p class=\"western\">Por otro lado, comenta la importancia del acuerdo para la creaci\u00f3n del fondo de los \"3 mil millones de d\u00f3lares en los activos de Venezuela congelados en el extranjero\", cuesti\u00f3n que a la fecha no se ha cumplido. Sobre esto, el congresista consideraba que era \"un paso de vital importancia, dada la masiva y prolongada crisis humanitaria del pa\u00eds y sus consecuencias hemisf\u00e9ricas, incluida la llegada el a\u00f1o pasado de 187 mil refugiados venezolanos a nuestra frontera sur con M\u00e9xico\".<\/p>\n<p class=\"western\">El gran obst\u00e1culo en esa instancia legislativa es el senador Robert Menendez, cr\u00edtico extremo del gobierno venezolano. El a\u00f1o pasado\u00a0<a href=\"https:\/\/www.foreign.senate.gov\/press\/dem\/release\/declaraciones-del-senador-menndez-sobre-negociaciones-de-la-administracin-biden-con-el-rgimen-de-maduro\" target=\"_blank\" rel=\"noopener\">rechazaba<\/a>\u00a0el encuentro del presidente Nicol\u00e1s Maduro con la delegaci\u00f3n enviada por la administraci\u00f3n Biden.<\/p>\n<p class=\"western\">Con la carta reciente de los congresistas dem\u00f3cratas, Menendez\u00a0<a href=\"https:\/\/www.foreign.senate.gov\/press\/dem\/release\/sfrc-chairman-menendez-blasts-calls-for-reversal-of-cuba-venezuela-sanctions\" target=\"_blank\" rel=\"noopener\">respondi\u00f3<\/a>\u00a0que \"son las acciones de los gobiernos, no las pol\u00edticas de sanciones de Estados Unidos, ellos son responsables del \u00e9xodo continuo de refugiados y migrantes venezolanos y cubanos. Eliminar las sanciones de Estados Unidos a Cuba y Venezuela solo traicionar\u00e1 nuestros valores democr\u00e1ticos y empoderar\u00e1 a\u00fan m\u00e1s a los dictadores criminales\". Adem\u00e1s, consider\u00f3 que son equivocados los llamados al levantamiento de \"sanciones\".<\/p>\n<h3 class=\"western\"><strong>LA AGENDA MIGRATORIA<\/strong><\/h3>\n<p class=\"western\">La migraci\u00f3n tom\u00f3 un auge en los \u00faltimos a\u00f1os en ambos partidos pol\u00edticos dominantes en Estados Unidos. Especialmente bajo el gobierno de Trump, la cuesti\u00f3n migratoria se vio sumergida en pol\u00e9mica por las duras medidas que implement\u00f3.<\/p>\n<p class=\"western\">Si bien es un asunto crucial para cualquier campa\u00f1a electoral en el contexto de las venideras elecciones presidenciales en Estados Unidos, tambi\u00e9n su importancia corresponde a una agenda multilateral para los dem\u00f3cratas. Por ellos, dos decisiones muestran la relevancia de la migraci\u00f3n para la gesti\u00f3n pol\u00edtica de Estados Unidos:<\/p>\n<ol>\n<li class=\"western\">Biden\u00a0<a href=\"http:\/\/www.dallasnews.com\/news\/politics\/2023\/04\/25\/biden-taps-el-paso-rep-veronica-escobar-as-a-co-chair-of-2024-reelection-campaign\/\" target=\"_blank\" rel=\"noopener\">design\u00f3<\/a>\u00a0a Veronica Escobar, una de las firmantes de la carta, como copresidenta nacional de la candidatura de reelecci\u00f3n. Escobar ha tenido una trayectoria importante en las exigencias a mejorar las pol\u00edticas migratorias y la seguridad fronteriza.<\/li>\n<li class=\"western\">La\u00a0<a href=\"https:\/\/www.state.gov\/u-s-support-of-amy-e-popes-campaign-for-director-general-of-the-international-organization-for-migration\/\" target=\"_blank\" rel=\"noopener\">candidatura de Amy Pope<\/a>\u00a0para dirigir a la Organizaci\u00f3n Internacional para las Migraciones (OIM). Pope desde el a\u00f1o pasado ha estado presente en las giras de los subsecretarios del Departamento de Estado por m\u00e1s de 40 pa\u00edses para promocionar su campa\u00f1a. Se enfrenta al actual Director General de esa organizaci\u00f3n, Ant\u00f3nio Vitorino, que va por su reelecci\u00f3n.<\/li>\n<\/ol>\n<p class=\"western\">Ser\u00e1 una elecci\u00f3n dif\u00edcil porque la ventaja la tiene Pope, ya que el mayor contribuyente individual de fondos a la OIM es Estados Unidos y Antony Blinken se empe\u00f1\u00f3 en impulsar intensamente la campa\u00f1a internacional de Pope por distintos continentes, especialmente en \u00c1frica con 54 votos en el consejo de la organizaci\u00f3n.<\/p>\n<h3 class=\"western\"><strong>EL PROVECHO<\/strong><\/h3>\n<p class=\"western\">Sin embargo, tanto la administraci\u00f3n de Trump como la de Biden le han sacado provecho a las medidas migratorias de expulsi\u00f3n. Seg\u00fan el CBP, durante la era Trump, 80% de las llegadas de migrantes en la frontera sur de Estados Unidos resultaron en expulsi\u00f3n, si bien el porcentaje disminuy\u00f3 con Biden permanecieron altos con un 51% en marzo 2022.<\/p>\n<div class=\"media media-element-container media-article_full\">\n<div id=\"file-4980\" class=\"file file-image file-image-jpeg\">\n<div class=\"content\">\n<div class=\"img-file\"><img loading=\"lazy\" decoding=\"async\" class=\"media-element img-responsive\" src=\"https:\/\/misionverdad.com\/sites\/default\/files\/gra2.jpg\" alt=\"\" width=\"481\" height=\"446\" data-delta=\"2\" \/><\/div>\n<\/div>\n<\/div>\n<\/div>\n<p class=\"western\">Una de las metas planteadas por la administraci\u00f3n Biden, siguiendo esas nuevas medidas, consiste en aumentar la cantidad de migrantes se\u00f1alando que recibir\u00e1n hasta 30 mil personas por mes de Venezuela, Nicaragua, Cuba y Hait\u00ed, siendo estos pa\u00edses los m\u00e1s atacados por la clase pol\u00edtica estadounidense. Pero, por otro lado, tambi\u00e9n buscan aumentar las deportaciones, exigiendo que los migrantes que no califiquen deben ser devueltos r\u00e1pidamente con una prohibici\u00f3n de regreso de m\u00ednimo cinco a\u00f1os.<\/p>\n<p class=\"western\">A pesar de la diametral diferencia en sus objetivos, el querer aumentar la cantidad de migrantes puede corresponder a tres preceptos que indica un ensayo de 2016 del\u00a0<a href=\"https:\/\/www.bushcenter.org\/catalyst\/north-american-century\/benefits-of-immigration-outweigh-costs\" target=\"_blank\" rel=\"noopener\">Instituto George Bush<\/a>:<\/p>\n<ol>\n<li class=\"western\">La inmigraci\u00f3n alimenta la econom\u00eda: los inmigrantes engrasan las ruedas del mercado laboral al ingresar a industrias y \u00e1reas donde existe una necesidad relativa de trabajadores, especialmente en trabajos de construcci\u00f3n.<\/li>\n<li class=\"western\">Los inmigrantes innovan m\u00e1s que los nativos porque se concentran en ocupaciones STEM (ciencia y tecnolog\u00eda), 44% de los cient\u00edficos m\u00e9dicos son nacidos en el extranjero.<\/li>\n<li class=\"western\">No se deber\u00eda prohibir la migraci\u00f3n, sino gestionarla. Se puede encontrar mecanismos para beneficiarse de las ganancias de la inmigraci\u00f3n mientras se compensan las p\u00e9rdidas de algunos trabajadores.<\/li>\n<\/ol>\n<p class=\"western\">Ese mismo a\u00f1o, la\u00a0<a href=\"https:\/\/budgetmodel.wharton.upenn.edu\/issues\/2016\/1\/27\/the-effects-of-immigration-on-the-united-states-economy\" target=\"_blank\" rel=\"noopener\">Universidad de Pensilvania<\/a>\u00a0public\u00f3 un ensayo donde estimaba que la migraci\u00f3n \"est\u00e1 ayudando a mantener a Estados Unidos comparativamente joven y reduciendo la carga de financiar los beneficios de jubilaci\u00f3n para una creciente poblaci\u00f3n de ancianos\".<\/p>\n<p class=\"western\">Se trata de la concepci\u00f3n de la migraci\u00f3n como un asunto de negocios y aprovechamiento.<\/p>\n<p class=\"western\">Durante a\u00f1os, Estados Unidos ha fallado en los \"controles\" de frontera, porque tampoco ha abordado ninguna pol\u00edtica que frene la causa de la misma, ya que precisamente requiere de las olas migratorias de cierta forma y hasta cierto punto.<\/p>\n<p class=\"western\">El ascenso ha sido significativo en los \u00faltimos a\u00f1os. Incluso, la directora ejecutiva de la C\u00e1mara de Comercio de Estados Unidos,\u00a0<a href=\"https:\/\/edition.cnn.com\/2022\/01\/11\/economy\/chamber-of-commerce-inflation\/index.html\" target=\"_blank\" rel=\"noopener\">Suzanne Clark<\/a>, el a\u00f1o pasado ped\u00eda que se duplicara el n\u00famero de inmigrantes legales en Estados Unidos como una forma de aliviar la inflaci\u00f3n y la escasez de trabajadores post-pandemia. Clark explicaba que, al aumentar la inmigraci\u00f3n, ayudar\u00eda a aliviar las interrupciones en la cadena de suministros que producen el aumento de la inflaci\u00f3n: \"Podr\u00eda ser lo m\u00e1s r\u00e1pido para impactar a la inflaci\u00f3n\".<\/p>\n<div class=\"media media-element-container media-article_full\">\n<div id=\"file-4981\" class=\"file file-image file-image-jpeg\">\n<div class=\"content\">\n<div class=\"img-file\"><img loading=\"lazy\" decoding=\"async\" class=\"media-element img-responsive\" src=\"https:\/\/misionverdad.com\/sites\/default\/files\/gra3.jpg\" alt=\"\" width=\"703\" height=\"567\" data-delta=\"3\" \/><\/div>\n<\/div>\n<\/div>\n<\/div>\n<p class=\"western\">A grandes rasgos, ese fen\u00f3meno migratorio lo provoca el aparato pol\u00edtico estadounidense, sea a trav\u00e9s de la imposici\u00f3n de sanciones unilaterales a un pa\u00eds, financiamiento de grupos violentos que crean inestabilidad en la seguridad de una naci\u00f3n o medidas econ\u00f3micas draconianas con alg\u00fan socio regional, bajo el lema: \"Estados Unidos se compromete con los aliados para una mayor libertad y prosperidad compartida\": nada m\u00e1s alejado de la realidad.<\/p>\n<p class=\"western\">Los factores pol\u00edticos de la Casa Blanca conocen muy bien las consecuencias de apretar la econom\u00eda de pa\u00edses cercanos a sus fronteras, mas el apetito por las grandes ganancias corporativas y el ansia de despliegue de su poder hegem\u00f3nico son mayores que los embates negativos sobre las sociedades latinoamericanas y caribe\u00f1as.<\/p>\n","protected":false},"excerpt":{"rendered":"<p>Misi\u00f3n Verdad (12-5-23) &nbsp; En Estados Unidos, a las 11:59pm del jueves 11 de mayo, qued\u00f3 sin efecto la disposici\u00f3n de salud p\u00fablica asociada a la toma de medidas de exclusi\u00f3n migratoria denominada T\u00edtulo 42. \u00bfQU\u00c9 ES EL T\u00cdTULO 42? Es un c\u00f3digo relacionado con la salud p\u00fablica en Estados Unidos y corresponde a una [&hellip;]<\/p>\n","protected":false},"author":1,"featured_media":53771,"comment_status":"open","ping_status":"open","sticky":false,"template":"","format":"standard","meta":{"footnotes":""},"categories":[],"tags":[],"class_list":["post-53770","post","type-post","status-publish","format-standard","has-post-thumbnail","hentry"],"_links":{"self":[{"href":"https:\/\/debateplural.net\/site\/wp-json\/wp\/v2\/posts\/53770"}],"collection":[{"href":"https:\/\/debateplural.net\/site\/wp-json\/wp\/v2\/posts"}],"about":[{"href":"https:\/\/debateplural.net\/site\/wp-json\/wp\/v2\/types\/post"}],"author":[{"embeddable":true,"href":"https:\/\/debateplural.net\/site\/wp-json\/wp\/v2\/users\/1"}],"replies":[{"embeddable":true,"href":"https:\/\/debateplural.net\/site\/wp-json\/wp\/v2\/comments?post=53770"}],"version-history":[{"count":1,"href":"https:\/\/debateplural.net\/site\/wp-json\/wp\/v2\/posts\/53770\/revisions"}],"predecessor-version":[{"id":53772,"href":"https:\/\/debateplural.net\/site\/wp-json\/wp\/v2\/posts\/53770\/revisions\/53772"}],"wp:featuredmedia":[{"embeddable":true,"href":"https:\/\/debateplural.net\/site\/wp-json\/wp\/v2\/media\/53771"}],"wp:attachment":[{"href":"https:\/\/debateplural.net\/site\/wp-json\/wp\/v2\/media?parent=53770"}],"wp:term":[{"taxonomy":"category","embeddable":true,"href":"https:\/\/debateplural.net\/site\/wp-json\/wp\/v2\/categories?post=53770"},{"taxonomy":"post_tag","embeddable":true,"href":"https:\/\/debateplural.net\/site\/wp-json\/wp\/v2\/tags?post=53770"}],"curies":[{"name":"wp","href":"https:\/\/api.w.org\/{rel}","templated":true}]}}