{"id":5385,"date":"2016-05-17T17:12:27","date_gmt":"2016-05-17T21:12:27","guid":{"rendered":"http:\/\/debateplural.com\/?p=5385"},"modified":"2016-06-23T13:39:49","modified_gmt":"2016-06-23T13:39:49","slug":"hacia-un-movimiento-intelectual-y-critico-cultural-alternativo-ii","status":"publish","type":"post","link":"https:\/\/debateplural.net\/site\/2016\/05\/17\/hacia-un-movimiento-intelectual-y-critico-cultural-alternativo-ii\/","title":{"rendered":"Hacia un movimiento intelectual y cr\u00edtico-cultural alternativo (II)"},"content":{"rendered":"<div id=\"attachment_5458\" style=\"width: 535px\" class=\"wp-caption aligncenter\"><img loading=\"lazy\" decoding=\"async\" aria-describedby=\"caption-attachment-5458\" class=\" wp-image-5458\" src=\"http:\/\/tripletecnologia.com\/website\/debateplural\/wp-content\/uploads\/2016\/05\/ateneo-dominicano-1.jpg\" alt=\"Ateneo dominicano\" width=\"525\" height=\"396\" \/><p id=\"caption-attachment-5458\" class=\"wp-caption-text\">Ateneo dominicano<\/p><\/div>\n<p style=\"text-align:justify;\"><strong>Por: Odal\u00eds G. P\u00e9rez\u00a0(Investigador de la Universidad Aut\u00f3noma de Santo Domingo).\u00a0<\/strong><\/p>\n<p><strong>Acciones Culturales<\/strong><\/p>\n<p style=\"text-align:justify;\">Por todo lo anterior,entendemos como tareas necesarias y urgentes las siguientes acciones culturales:<\/p>\n<ul>\n<li>Bienal Alternativa de Artes Visuales.<\/li>\n<li>Concurso Nacional de Literatura en sus diferentes g\u00e9neros (poes\u00eda, cuento, ensayo, texto-h\u00edbrido, derivas textuales, memorias, novela, teatro, testimonio, literatura infantil).<\/li>\n<li style=\"text-align:justify;\">Simposio Nacional de Historia, Antropolog\u00eda y Sociedad.<\/li>\n<li style=\"text-align:justify;\">Congreso Nacional de Artes Visuales.<\/li>\n<li style=\"text-align:justify;\">Congreso Nacional de Oralidades Culturales.<\/li>\n<li>Congreso Nacional de \u0130ntelectuales y Cultura Alternativa.<\/li>\n<li style=\"text-align:justify;\">Encuentro Nacional de Dramaturgia y Artes Esc\u00e9nicas.<\/li>\n<li style=\"text-align:justify;\">Encuentro Nacional de Danza y Performance.<\/li>\n<li style=\"text-align:justify;\">Encuentro Nacional de Artesanos y Maestros de Obras de Arte.<\/li>\n<li style=\"text-align:justify;\">M\u00fasica y Cultura. Descubrir la m\u00fasica dominicana y del Caribe.<\/li>\n<li>Congreso Dominicano de Folklor y Creaciones Culturales.<\/li>\n<li style=\"text-align:justify;\">Fiesta y Cultura: Rescatar las identidades culturales en los m\u00e1rgenes y centros de la sociedad dominicana.<\/li>\n<\/ul>\n<p><!--more--><\/p>\n<p><strong>\u00a0<\/strong><\/p>\n<p><strong>\u00a0 \u00a0 \u00a0 \u00a0 \u00a0 \u00a0 \u00a0 \u00a0 \u00a0 \u00a0 \u00a0 \u00a0 \u00a0 \u00a0 \u00a0 \u00a0 \u00a0 \u00a0 \u00a0Mapa de trabajo<\/strong><\/p>\n<p><strong>\u00a0 \u00a0 \u00a0 \u00a0 \u00a0 \u00a0 \u00a0 \u00a0 \u00a0 \u00a0 \u00a0 \u00a0 \u00a0 \u00a0 \u00a0 \u00a0 \u00a0 \u00a0 Distrito Nacional<\/strong><\/p>\n<p><strong>Municipios \u00a0 \u00a0 \u00a0 \u00a0 \u00a0 \u00a0 \u00a0 \u00a0 \u00a0Provincias \u00a0 \u00a0 \u00a0 \u00a0 \u00a0 \u00a0 \u00a0 \u00a0 \u00a0 Pueblos aleda\u00f1os<\/strong><\/p>\n<p><strong>Lugares \u00a0 \u00a0 \u00a0 \u00a0 \u00a0 \u00a0 \u00a0 \u00a0 \u00a0 \u00a0 \u00a0Barrios urbanos \u00a0 \u00a0 \u00a0 \u00a0 \u00a0 \u00a0De Centro<\/strong><\/p>\n<p><strong>estrat\u00e9gicos \u00a0 \u00a0 \u00a0 \u00a0 \u00a0 \u00a0 \u00a0 \u00a0 \u00a0 \u00a0 \u00a0 \u00a0 \u00a0 \u00a0 \u00a0 \u00a0 \u00a0 \u00a0 \u00a0 \u00a0 \u00a0 \u00a0 \u00a0 \u00a0 \u00a0 \u00a0 \u00a0 \u00a0 \u00a0 De periferia<\/strong><\/p>\n<p><strong>Modelos de \u00a0 \u00a0 \u00a0Comunidades urbanas \u00a0Puntos generadores<\/strong><\/p>\n<p><strong>acciones culturales \u00a0 \u00a0 y zonas aleda\u00f1as \u00a0 \u00a0 \u00a0 \u00a0 \u00a0 \u00a0 \u00a0 \u00a0de base<\/strong><\/p>\n<p><strong>\u00a0 \u00a0 \u00a0 \u00a0 \u00a0 \u00a0 \u00a0 \u00a0 \u00a0 \u00a0 \u00a0 \u00a0 \u00a0 \u00a0 \u00a0 Trazado geosociocultural<\/strong><\/p>\n<p style=\"text-align:justify;\"><strong>Regiones: <\/strong>Norte, Sur, Este, Nordeste, Frontera, Sudeste o Suroeste.<\/p>\n<p><strong>Propuestas necesarias<\/strong><\/p>\n<p style=\"text-align:justify;\">En el marco de un trazado social, pol\u00edtico y cultural, el <em>Movimiento Intelectual y Cr\u00edtico-Cultural Alternativo<\/em> habr\u00e1 de plantearse, por lo antes dicho, hacer propuestas educativas y formativas que sirvan para contribuir al desarrollo de experiencias art\u00edsticas, literarias, filos\u00f3ficas, sociol\u00f3gicas, etnoculturales, educativas y otras, tales como las se\u00f1aladas en el marco de las acciones propuestas.\u00a0 Resulta necesario crear n\u00facleos de gestores independientes, bajo la instrucci\u00f3n de un equipo ampliado de especialistas, administradores culturales, economistas de la cultura, productores y supervisores, integrados al estudio de las productividades se\u00f1aladas en la parte destinada a las <em>acciones culturales.<\/em>\u00a0 La base multidisciplinaria de estas propuestas se hace necesaria en el contexto de un trabajo interproductivo y multifocal.<\/p>\n<p><strong>De los participantes activos <\/strong><\/p>\n<p style=\"text-align:justify;\">Los participantes activos del <em>Movimiento Intelectual y Cr\u00edtico-Cultural Alternativo<\/em> ser\u00e1n: a) Activos o integrados a las comisiones por \u00e1reas, b) Instructores o de direccionalidad educativa, c) Gestores o de acciones productivas culturales o creadoras.\u00a0 Estas categor\u00edas de participantes podr\u00e1n admitir otras de tipo \u00e9tico, emergente, disciplinario, gerencial, ejecutor e instruccional.<\/p>\n<p style=\"text-align:justify;\">Seg\u00fan acuerdo, los participantes de este movimiento deber\u00e1n asumir su trabajo en el marco de todas las actividades aprobadas y llevadas a cabo por el mismo; se integrar\u00e1n a las acciones estimadas, de tal manera que aceptar\u00e1n apoyar las actividades propuestas en beneficio de nuestra comunidad cultural y multiproyectada.<\/p>\n<p style=\"text-align:justify;\"><strong>Del <em>Movimiento Intelectual y Cr\u00edtico-Cultural Alternativo<\/em> en el marco de la actual sociedad dominicana<\/strong><\/p>\n<p style=\"text-align:justify;\">Los problemas creados por la gubernamentalidad y el biopoder en la sociedad dominicana actual, han generado actitudes y pr\u00e1cticas responsivas de intelectuales rebeldes e independientes, pero tambi\u00e9n estrategias y algunas l\u00edneas de soluciones alternativas en los diferentes marcos de la superestructura ideol\u00f3gico-pol\u00edtica del pa\u00eds.\u00a0 Los fracasos y obst\u00e1culos propios del oficialismo en el sector cultural, han hecho necesarias las diversas gestor\u00edas independientes y los diversos movimientos intelectuales y culturales que se expresan en el orden alternativo de la pr\u00e1ctica sociocultural.<\/p>\n<p style=\"text-align:justify;\">El hecho de que la cultura haya sido\u00a0 adaptada a un proceso de burocratizaci\u00f3n parasitaria y dependiente, y la misma se haya utilizado como espacio exclusivo o de exclusi\u00f3n, ha producido en el marco de la diversidad un conjunto de expresiones ligadas al concepto de <em>cultura-en-movimiento,<\/em> para propiciar el rescate de formas, productos, objetos y n\u00facleos identitarios, dando as\u00ed respuestas te\u00f3ricas y cr\u00edticas a trav\u00e9s de investigadores e investigaciones, obras, lenguajes y acciones particularizados en la visi\u00f3n general de lo que es y puede ser el contexto de un discurso de respuestas orientadas a constituir acciones propias de la cultura-en-movimiento propiciadora de una pr\u00e1ctica cultural, democr\u00e1tica y cient\u00edfica.<\/p>\n<p><strong>Del presupuesto<\/strong><\/p>\n<p style=\"text-align:justify;\">La necesidad de un presupuesto por renglones y soluciones para el trabajo cultural alternativo, es de suma importancia para conformar una m\u00ednima infraestructura y un espacio sociogerencial, estructurado mediante n\u00facleos organizados con objetivos asumidos por capacidades de desarrollo y de criterios organizacionales.<\/p>\n<p style=\"text-align:justify;\">Esto implica una base intelectual actualizada y una integraci\u00f3n que debe tener una din\u00e1mica de desplazamiento y ejes de ordenamiento financiero, apoyado en b\u00fasquedas presupuestarias en instituciones nacionales y extranjeras, as\u00ed como tambi\u00e9n organismos internacionales, dedicados a ayudar y proteger patrimonios tangibles e intangibles, patrimonios intelectuales y otros bienes culturales.<\/p>\n<p style=\"text-align:justify;\">De ah\u00ed la importancia y la necesidad de establecer y mantener presupuestos racionalizados, cooperativos y controlados, en el contexto de formaci\u00f3n y puesta en marcha del movimiento.<\/p>\n<p><strong>La localizaci\u00f3n de recursos<\/strong><\/p>\n<p style=\"text-align:justify;\">Una comisi\u00f3n de t\u00e9cnicos surgentes del Secretariado Log\u00edstico y Cultural del Movimiento, ser\u00e1 designada por asamblea y trabajo de equipos para localizar y conseguir presupuestos destinados a las \u00e1reas que, con el acuerdo de las comisiones de base y el trabajo establecido por el Movimiento, en este sentido, estar\u00e1 autorizada a <em>generar y solicitar<\/em> los fondos convenientes para poner en marcha los proyectos y acciones establecidas por el Equipo gestor.\u00a0 Las estrategias y pol\u00edticas de captaci\u00f3n de recursos, facilitar\u00e1n todo un trabajo conjunto para la puesta en marcha de las acciones del <em>Movimiento Intelectual y Cr\u00edtico-Cultural Alternativo.<\/em><\/p>\n<p><strong>Del trabajo a escala nacional<\/strong><\/p>\n<p style=\"text-align:justify;\">Un punto importante de esta propuesta est\u00e1 en el programa de participaci\u00f3n a implementarse a nivel nacional, donde los principales gestores y representantes tendr\u00e1n el apoyo jurisdiccional para elaborar y poner en marcha sus propias acciones y metas de acuerdo a la pol\u00edtica establecida por el Movimiento.\u00a0 La suma de las acciones de gestores y de trabajos vinculados registrables en el mapa cultural asumido, reconocido y participativo, dar\u00e1 lugar a un movimiento multidimensional, multiproyectado y multifocal de la cultura dominicana, as\u00ed como de sus espacios identitarios y creativos.<\/p>\n<p><strong>De las premiaciones o incentivos por \u00e1rea de trabajo<\/strong><\/p>\n<p style=\"text-align:justify;\">Tal y como ya hemos se\u00f1alado, es un objetivo fundamental del Movimiento premiar, valorar a nuestros gestores y creadores mediante la evaluaci\u00f3n cr\u00edtica de un jurado moralmente solvente y de comprobada solidez intelectual y formativa.\u00a0 Los premios tendr\u00e1n un est\u00edmulo social y personal que incluir\u00e1n diplomas y una suma de dinero establecida previamente.\u00a0 Los premios incluir\u00e1n incentivos reales, y por lo mismo publicaciones, presentaciones, exposiciones p\u00fablicas y proyecciones profesionales importantes en los diferentes niveles y rangos de la producci\u00f3n intelectual <em>areal<\/em>.<\/p>\n<p><strong>De la pol\u00edtica del Movimiento<\/strong><\/p>\n<p style=\"text-align:justify;\">Es importante activar y conformar un \u00f3rgano informativo del <em>Movimiento Intelectual y Cr\u00edtico-Cultural Alternativo,<\/em> para la difusi\u00f3n de actividades encaminadas a constituir y presentificar un n\u00facleo de consciencia moral, \u00e9tica y comunicativa, a los fines de visibilizar y rescatar espacios de trabajo al interior mismo de las comunidades urbanas (espacios tradicionales) y suburbanas (espacios marginales), interurbanas y rurales o de centro y de m\u00e1rgenes.\u00a0 La pol\u00edtica del <em>Movimiento Intelectual y Cr\u00edtico-Cultural Alternativo<\/em> repropone como meta, funcionamiento y cuerpo identitario, aquellos espacios que el discurso oficialista actual ha convertido en elementos subalternos mediante la alienaci\u00f3n sistem\u00e1tica y el manejo pol\u00edtico de asignaciones deshumanizantes (tarjetas para alimentos, bonos para gas y luz, educaci\u00f3n pagada a estudiantes universitarios a trav\u00e9s del Despacho de la Primera Dama, falsas premiaciones y reconocimientos por parte del Estado, ayudas y ofrecimientos, algunas acciones de la Oficina de Prensa y Obras \u201chumanitarias\u201d de la Presidencia de la Rep\u00fablica).\u00a0 Toda esta llamada situaci\u00f3n o pr\u00e1ctica politiquera apoyada en presupuestos flotantes, manejados a discreci\u00f3n por la Presidencia de la Rep\u00fablica, ha logrado alienar cada vez m\u00e1s la pol\u00edtica cultural estatal, haciendo posible y justificando, a\u00fan hoy, las posibilidades de un rumbo cultural y alternativo diferente en el contexto de la sociedad civil y sus fuerzas democr\u00e1ticas.\u00a0 De ah\u00ed que la pol\u00edtica del Movimiento se haga efectiva a partir de sus metas, acciones, propuestas cr\u00edticas y reflexivas en el marco de la diferencia cultural.<\/p>\n<p><strong>Del conocimiento p\u00fablico de las actividades<\/strong><\/p>\n<p style=\"text-align:justify;\">Todas las acciones o proyectos de trabajo del Movimiento ser\u00e1n sometidas tambi\u00e9n a la consideraci\u00f3n p\u00fablica para que, de esta manera, sean conocidas por la comunidad o comunidades culturales del pa\u00eds.\u00a0\u00a0 Toda cultura es cultura-en-movimiento y por lo mismo se fundamenta en el di\u00e1logo, en el trabajo y las acciones p\u00fablicas de sus integrantes.\u00a0 En este sentido, el papel de las redes sociales\u00a0 y los nuevos medios es significativo para lograr objetivos concretos de producci\u00f3n, comunicaci\u00f3n y reconocimiento sociocultural.\u00a0 De la casa a la calle, de los espacios individuales a los espacios p\u00fablicos y colectivos ser\u00e1n los movimientos m\u00e1s efectivos del <em>Movimiento Intelectual y Cr\u00edtico-Cultural Alternativo.<\/em><\/p>\n","protected":false},"excerpt":{"rendered":"<p>Por: Odal\u00eds G. P\u00e9rez\u00a0(Investigador de la Universidad Aut\u00f3noma de Santo Domingo).\u00a0 Acciones Culturales Por todo lo anterior,entendemos como tareas necesarias y urgentes las siguientes acciones culturales: Bienal Alternativa de Artes Visuales. Concurso Nacional de Literatura en sus diferentes g\u00e9neros (poes\u00eda, cuento, ensayo, texto-h\u00edbrido, derivas textuales, memorias, novela, teatro, testimonio, literatura infantil). Simposio Nacional de Historia, [&hellip;]<\/p>\n","protected":false},"author":1,"featured_media":6539,"comment_status":"open","ping_status":"open","sticky":false,"template":"","format":"standard","meta":{"footnotes":""},"categories":[18,5],"tags":[],"class_list":["post-5385","post","type-post","status-publish","format-standard","has-post-thumbnail","hentry","category-cultura","category-nacionales"],"_links":{"self":[{"href":"https:\/\/debateplural.net\/site\/wp-json\/wp\/v2\/posts\/5385"}],"collection":[{"href":"https:\/\/debateplural.net\/site\/wp-json\/wp\/v2\/posts"}],"about":[{"href":"https:\/\/debateplural.net\/site\/wp-json\/wp\/v2\/types\/post"}],"author":[{"embeddable":true,"href":"https:\/\/debateplural.net\/site\/wp-json\/wp\/v2\/users\/1"}],"replies":[{"embeddable":true,"href":"https:\/\/debateplural.net\/site\/wp-json\/wp\/v2\/comments?post=5385"}],"version-history":[{"count":1,"href":"https:\/\/debateplural.net\/site\/wp-json\/wp\/v2\/posts\/5385\/revisions"}],"predecessor-version":[{"id":6540,"href":"https:\/\/debateplural.net\/site\/wp-json\/wp\/v2\/posts\/5385\/revisions\/6540"}],"wp:featuredmedia":[{"embeddable":true,"href":"https:\/\/debateplural.net\/site\/wp-json\/wp\/v2\/media\/6539"}],"wp:attachment":[{"href":"https:\/\/debateplural.net\/site\/wp-json\/wp\/v2\/media?parent=5385"}],"wp:term":[{"taxonomy":"category","embeddable":true,"href":"https:\/\/debateplural.net\/site\/wp-json\/wp\/v2\/categories?post=5385"},{"taxonomy":"post_tag","embeddable":true,"href":"https:\/\/debateplural.net\/site\/wp-json\/wp\/v2\/tags?post=5385"}],"curies":[{"name":"wp","href":"https:\/\/api.w.org\/{rel}","templated":true}]}}